{"id":23022,"date":"2019-06-30T12:00:43","date_gmt":"2019-06-30T10:00:43","guid":{"rendered":"http:\/\/www.portaldelolleria.es\/?p=23022"},"modified":"2019-06-30T12:00:43","modified_gmt":"2019-06-30T10:00:43","slug":"entrega-de-premios-aemo-en-la-gala-del-dia-del-emprendedor-2019","status":"publish","type":"post","link":"http:\/\/www.portaldelolleria.es\/?p=23022","title":{"rendered":"Entrega de premios AEmO en la gala del \u00abd\u00eda del emprendedor 2019\u00bb"},"content":{"rendered":"<p><a href=\"http:\/\/www.portaldelolleria.es\/wp-content\/uploads\/2019\/06\/aemo0.jpg\"><img loading=\"lazy\" class=\"aligncenter size-full wp-image-23026\" title=\"aemo0\" src=\"http:\/\/www.portaldelolleria.es\/wp-content\/uploads\/2019\/06\/aemo0.jpg\" alt=\"\" width=\"598\" height=\"396\" srcset=\"http:\/\/www.portaldelolleria.es\/wp-content\/uploads\/2019\/06\/aemo0.jpg 598w, http:\/\/www.portaldelolleria.es\/wp-content\/uploads\/2019\/06\/aemo0-300x198.jpg 300w\" sizes=\"(max-width: 598px) 100vw, 598px\" \/><\/a><\/p>\n<p>&nbsp;<\/p>\n<p style=\"text-align: justify;\">La Asociaci\u00f3n de Empresarios de Olleria\u00a0 (AEmO) celebr\u00f3 este viernes ( 28 de junio), el\u00a0 \u201c<strong>D\u00eda del Emprendedor<\/strong>\u201d, con objeto de reconocer los m\u00e9ritos y metas alcanzadas por empresarios pioneros de sus propias empresas. Esta edici\u00f3n, se ha vuelto a celebrar en el patio de a la Casa Santoja como escenario y con la participaci\u00f3n de cerca de un centenar de invitados. Los galardonados en las diferentes categor\u00edas de este edici\u00f3n han sido:\u00a0 <strong>Innoservis, Liberfusta y Family Cash.<\/strong><\/p>\n<p style=\"text-align: justify;\">La AEmO, que inici\u00f3 una nueva etapa el a\u00f1o pasado, con\u00a0 <strong>Vicente Momp\u00f3<\/strong> al frente de la presidencia, celebraba por segundo a\u00f1o la entrega de premios que distinguen a los emprendedores de la Asociaci\u00f3n. Durante el \u00faltimo a\u00f1o, el objetivo adem\u00e1s de fomentar charlas y cursos, se centr\u00f3 en establecer\u00a0 y dotar a los asociados de una web <a href=\"http:\/\/aemolleria.es\/\" target=\"_blank\">(aemolleria.es<\/a>),\u00a0 donde pudiesen centrar las comunicaciones y convocatorias de eventos, cursos y cualquier referencia de inter\u00e9s com\u00fan para todos. Este a\u00f1o uno de los principales objetivos es establecer el\u00a0 <strong>Espai Ideo<\/strong> como punto referente de la asociaci\u00f3n para cursos, foros y reuniones,\u00a0 contando con la cooperaci\u00f3n de la nueva Corporaci\u00f3n Municipal, para potenciar a la Asociaci\u00f3n, y establecer eventos de inter\u00e9s com\u00fan para ambas partes.<\/p>\n<p style=\"text-align: justify;\"><strong>Rub\u00e9n Morri\u00f3<\/strong>, nuevo concejal de Promoci\u00f3n Econ\u00f3mica\u00a0 (adem\u00e1s de Econom\u00eda y Hacienda) resalt\u00f3 el respaldo que deben tener cualquier emprendedor o innovador\u00a0 adem\u00e1s entre sus propuestas para un d\u00eda tan se\u00f1alado como este en el \u00e1mbito empresarial,\u00a0 ofreci\u00f3 la creaci\u00f3n de una bolsa de inmuebles comerciales a precios razonables para facilitar la creaci\u00f3n de nuevos proyectos para la gente con ganas de acometer nuevos retos.\u00a0 Potenciar el <strong>Espai Ideo<\/strong> como un espacio com\u00fan para los emprendedores, Reactivar el convenio de colaboraci\u00f3n con la <strong>Universidad Polit\u00e9cnica de Valencia<\/strong>,\u00a0 dar continuidad y ampliar el plan \u00abReactiva e Innova\u00bb,\u00a0 nutrir a Portalemp con toda la informaci\u00f3n necesaria para facilitar las relaciones de demanda y ofertas laborales.\u00a0 Y todo ellos sin olvidar a las empresas presentes en l&#8217;Olleria,\u00a0 que en sus propias palabras \u00abhay que cuidar y facilitarles la faena\u00bb al igual que el comercio local y hosteleria.<\/p>\n<p style=\"text-align: justify;\"><strong>Ram\u00f3n Vidal<\/strong>, Alcalde y concejal de Pol\u00edgonos Industriales,\u00a0 enfoc\u00f3 su breve discurso,\u00a0 en el esfuerzo que realizan actualmente las empresas del pueblo y lo que supone para la localidad en cuestiones de ocupaci\u00f3n. La nueva concejal\u00eda de Pol\u00edgonos Industriales busca la mejora de la conexi\u00f3n\u00a0 con las instituciones,\u00a0 potenciar y revitalizar\u00a0 el sector industrial, b\u00e1sico para el desarrollo de l&#8217;Olleria.\u00a0\u00a0 Una vez m\u00e1s reiter\u00f3 el compromiso del Ayuntamiento en luchar \u00abcodo a codo\u00bb contra la desocupaci\u00f3n de parte de la poblaci\u00f3n.<\/p>\n<p style=\"text-align: justify;\">En cuanto a los premiados<\/p>\n<p style=\"text-align: justify;\">Premio al Emprendedor Joven:\u00a0 <strong>Jos\u00e9 y Carles Canet\u00a0 (Family Cash)<\/strong><\/p>\n<p style=\"text-align: justify;\"><strong><\/strong><em>\u201cestamos aqui gracias al equipo humano que compone a esta gran empresa y agredecer a todos aquellos que han estado a nuestro lado, sobre todo en las \u00e9pocas m\u00e1s complicadas, tambi\u00e9n queremos agradecer a nuestra familia, el habernos abierto las puertas del mundo empresarial\u00bb<\/em><\/p>\n<p style=\"text-align: justify;\">Premio a Empresa Emprendedora:\u00a0<strong>\u00a0 Innoservis, <\/strong>recoge el premio<strong>\u00a0 Juan Mic\u00f3<strong><\/strong><br \/>\n<\/strong><\/p>\n<p style=\"text-align: justify;\"><em>\u201cpor el mero de hecho de haber nacido o haberse criado en l&#8217;Olleria,\u00a0 comportimos algo que todos los de aqui llevemos en nuestro ADN,\u00a0\u00a0<strong> la cultura del esfuerzo<\/strong>,\u00a0 sacrificio y que adem\u00e1s, somos capaces de reinventarnos una y otra vez. Nosotros lo vemos como normal,\u00a0 pero cuando sales fuera del pueblo,\u00a0 son los vecinos de otras localidades, los que aprecian nuestro m\u00e9rito.\u00a0 \u00abAh\u00ed en l&#8217;Olleria sois muy emprendedores<\/em>\u00ab<\/p>\n<p style=\"text-align: justify;\">Premio a la Trayectoria empresarial:\u00a0 <strong>Liberfusta, <\/strong> recoge el premio\u00a0<strong><strong> <strong>Jorge Albi\u00f1ana <\/strong><\/strong><\/strong><strong><strong><\/strong><\/strong><\/p>\n<p style=\"text-align: justify;\"><em>\u00abmi abuelo, <strong>Joaqu\u00edn (Pantorra)<\/strong> di\u00f3 los primeros pasos para convertir una carpinter\u00eda de pueblo en la carpinter\u00eda industrial que somos en la actualidad. Comprendi\u00f3 que hab\u00eda que diversificar para poder diferenciarse de la competencia que estaba en pleno aumento.\u00a0 Mi padre me coment\u00f3 que no fu\u00e9 f\u00e1cil&#8230;&#8230;&#8230; pero se hizo\u00bb<\/em><strong><\/strong><\/p>\n<p><strong><a href=\"http:\/\/www.portaldelolleria.es\/wp-content\/uploads\/2019\/06\/aemo1.jpg\"><img loading=\"lazy\" class=\"aligncenter size-full wp-image-23023\" title=\"aemo1\" src=\"http:\/\/www.portaldelolleria.es\/wp-content\/uploads\/2019\/06\/aemo1.jpg\" alt=\"\" width=\"598\" height=\"396\" srcset=\"http:\/\/www.portaldelolleria.es\/wp-content\/uploads\/2019\/06\/aemo1.jpg 598w, http:\/\/www.portaldelolleria.es\/wp-content\/uploads\/2019\/06\/aemo1-300x198.jpg 300w\" sizes=\"(max-width: 598px) 100vw, 598px\" \/><\/a><\/strong><\/p>\n<p><strong><br \/>\n<a href=\"http:\/\/www.portaldelolleria.es\/wp-content\/uploads\/2019\/06\/aemo2.jpg\"><img loading=\"lazy\" class=\"aligncenter size-full wp-image-23024\" title=\"aemo2\" src=\"http:\/\/www.portaldelolleria.es\/wp-content\/uploads\/2019\/06\/aemo2.jpg\" alt=\"\" width=\"598\" height=\"396\" srcset=\"http:\/\/www.portaldelolleria.es\/wp-content\/uploads\/2019\/06\/aemo2.jpg 598w, http:\/\/www.portaldelolleria.es\/wp-content\/uploads\/2019\/06\/aemo2-300x198.jpg 300w\" sizes=\"(max-width: 598px) 100vw, 598px\" \/><\/a><\/strong><\/p>\n<p><strong><a href=\"http:\/\/www.portaldelolleria.es\/wp-content\/uploads\/2019\/06\/aemo3.jpg\"><img loading=\"lazy\" class=\"aligncenter size-full wp-image-23025\" title=\"aemo3\" src=\"http:\/\/www.portaldelolleria.es\/wp-content\/uploads\/2019\/06\/aemo3.jpg\" alt=\"\" width=\"598\" height=\"396\" srcset=\"http:\/\/www.portaldelolleria.es\/wp-content\/uploads\/2019\/06\/aemo3.jpg 598w, http:\/\/www.portaldelolleria.es\/wp-content\/uploads\/2019\/06\/aemo3-300x198.jpg 300w\" sizes=\"(max-width: 598px) 100vw, 598px\" \/><\/a> <\/strong><br \/>\n<iframe loading=\"lazy\" src=\"https:\/\/www.youtube.com\/embed\/_SZ6WJRlOaQ\" frameborder=\"0\" width=\"560\" height=\"315\"><\/iframe><\/p>\n<p>.<\/p>\n<p>.<iframe loading=\"lazy\" src=\"https:\/\/www.youtube.com\/embed\/9BkdWyJjQ80\" frameborder=\"0\" width=\"560\" height=\"315\"><\/iframe><\/p>\n","protected":false},"excerpt":{"rendered":"<p>&nbsp; La Asociaci\u00f3n de Empresarios de Olleria\u00a0 (AEmO) celebr\u00f3 este viernes ( 28 de junio), el\u00a0 \u201cD\u00eda del Emprendedor\u201d, con objeto de reconocer los m\u00e9ritos y metas alcanzadas por empresarios pioneros de sus propias empresas. Esta edici\u00f3n, se ha vuelto a celebrar en el patio de a la Casa Santoja como escenario y con la [&hellip;]<\/p>\n","protected":false},"author":1,"featured_media":0,"comment_status":"closed","ping_status":"open","sticky":false,"template":"","format":"standard","meta":{"_monsterinsights_skip_tracking":false,"_monsterinsights_sitenote_active":false,"_monsterinsights_sitenote_note":"","_monsterinsights_sitenote_category":0},"categories":[171,12],"tags":[],"_links":{"self":[{"href":"http:\/\/www.portaldelolleria.es\/index.php?rest_route=\/wp\/v2\/posts\/23022"}],"collection":[{"href":"http:\/\/www.portaldelolleria.es\/index.php?rest_route=\/wp\/v2\/posts"}],"about":[{"href":"http:\/\/www.portaldelolleria.es\/index.php?rest_route=\/wp\/v2\/types\/post"}],"author":[{"embeddable":true,"href":"http:\/\/www.portaldelolleria.es\/index.php?rest_route=\/wp\/v2\/users\/1"}],"replies":[{"embeddable":true,"href":"http:\/\/www.portaldelolleria.es\/index.php?rest_route=%2Fwp%2Fv2%2Fcomments&post=23022"}],"version-history":[{"count":6,"href":"http:\/\/www.portaldelolleria.es\/index.php?rest_route=\/wp\/v2\/posts\/23022\/revisions"}],"predecessor-version":[{"id":23032,"href":"http:\/\/www.portaldelolleria.es\/index.php?rest_route=\/wp\/v2\/posts\/23022\/revisions\/23032"}],"wp:attachment":[{"href":"http:\/\/www.portaldelolleria.es\/index.php?rest_route=%2Fwp%2Fv2%2Fmedia&parent=23022"}],"wp:term":[{"taxonomy":"category","embeddable":true,"href":"http:\/\/www.portaldelolleria.es\/index.php?rest_route=%2Fwp%2Fv2%2Fcategories&post=23022"},{"taxonomy":"post_tag","embeddable":true,"href":"http:\/\/www.portaldelolleria.es\/index.php?rest_route=%2Fwp%2Fv2%2Ftags&post=23022"}],"curies":[{"name":"wp","href":"https:\/\/api.w.org\/{rel}","templated":true}]}}