{"id":23044,"date":"2019-07-02T10:35:18","date_gmt":"2019-07-02T08:35:18","guid":{"rendered":"http:\/\/www.portaldelolleria.es\/?p=23044"},"modified":"2019-07-02T17:50:47","modified_gmt":"2019-07-02T15:50:47","slug":"matraca-teatre-presenta-rebombori","status":"publish","type":"post","link":"http:\/\/www.portaldelolleria.es\/?p=23044","title":{"rendered":"Matraca Teatre presenta \u00abRebombori\u00bb"},"content":{"rendered":"<p><a href=\"http:\/\/www.portaldelolleria.es\/wp-content\/uploads\/2019\/07\/matraca.jpg\"><img loading=\"lazy\" class=\"aligncenter size-full wp-image-23046\" title=\"matraca\" src=\"http:\/\/www.portaldelolleria.es\/wp-content\/uploads\/2019\/07\/matraca.jpg\" alt=\"\" width=\"598\" height=\"396\" srcset=\"http:\/\/www.portaldelolleria.es\/wp-content\/uploads\/2019\/07\/matraca.jpg 598w, http:\/\/www.portaldelolleria.es\/wp-content\/uploads\/2019\/07\/matraca-300x198.jpg 300w\" sizes=\"(max-width: 598px) 100vw, 598px\" \/><\/a><\/p>\n<p><strong>Matraca Teatre<\/strong>, compa\u00f1ia formada por jovenes actores y actrices de l&#8217;Olleria, presenta el pr\u00f3ximo fin de semana \u00abRebombori\u00bb,\u00a0 una obra din\u00e1mica y novedosa, cargada de frescura y donde se desenvuelven situaciones diversas que haran que los espectadores disfruten de una funci\u00f3n que promete divertida.<\/p>\n<p><strong>Habr\u00e1 tres \u00fanicas funciones en el Teatro Goya:\u00a0 el viernes 5 de julio a las 22:30h,\u00a0 el s\u00e1bado a la misma hora y el domingo a las 19:30 h<\/strong><\/p>\n<p>La obra cuenta con la actuaci\u00f3n de M.Amparo Vidal, David G\u00f3mez, Borja Requena, Jose Valls, Javier Camarena, Mar\u00eda Oviedo y Clara Valls.<\/p>\n<p>Venta anticipada de entradas\u00a0 Fil\u00e0 Moros Llevantins (5\u20ac)<\/p>\n<p><em>m\u00e1s informaci\u00f3n sobre entradas en\u00a0 facebook de<\/em> <a href=\"https:\/\/www.facebook.com\/profile.php?id=100011007285549\" target=\"_blank\">Matraca Teatre<\/a><\/p>\n<p>__________________________________<\/p>\n<p><span style=\"color: #003366;\"><strong>Matraca Teatre<\/strong>, companyia formada per joves actors i actrius de l&#8217;Olleria, presenta el proper cap de setmana \u00abRebombori\u00bb, una obra din\u00e0mica i nova, carregada de frescor i on es desenvolupen situacions diverses que faran que els espectadors gaudeixin d&#8217;una funci\u00f3 que promet divertida.<\/span><\/p>\n<p><strong><span style=\"color: #003366;\">Hi haur\u00e0 tres \u00faniques funcions al Teatre Goya: el divendres 5 de juliol a les 22: 30h, dissabte a la mateixa hora i diumenge a les 19:30 h<\/span><\/strong><\/p>\n<p><span style=\"color: #003366;\">L&#8217;obra compta amb l&#8217;actuaci\u00f3 de M.Amparo Vidal, David G\u00f3mez, Borja Requena, Jose Valls, Javier Camarena, Maria Oviedo i Clara Valls.<\/span><\/p>\n<p><span style=\"color: #003366;\">Venda anticipada d&#8217;entrades Fil\u00e0 Moros Llevantins (5 \u20ac)<\/span><\/p>\n<p><span style=\"color: #003366;\"><em>m\u00e9s informaci\u00f3 sobre entrades al facebook de<\/em><\/span> <a href=\"https:\/\/www.facebook.com\/profile.php?id=100011007285549\" target=\"_blank\">Matraca Teatre<\/a><\/p>\n<p>&nbsp;<\/p>\n<p>&nbsp;<\/p>\n<p><a href=\"http:\/\/www.portaldelolleria.es\/wp-content\/uploads\/2019\/07\/matraca-teatre.jpg\"><img loading=\"lazy\" class=\"aligncenter size-full wp-image-23045\" title=\"matraca-teatre\" src=\"http:\/\/www.portaldelolleria.es\/wp-content\/uploads\/2019\/07\/matraca-teatre.jpg\" alt=\"\" width=\"598\" height=\"845\" srcset=\"http:\/\/www.portaldelolleria.es\/wp-content\/uploads\/2019\/07\/matraca-teatre.jpg 598w, http:\/\/www.portaldelolleria.es\/wp-content\/uploads\/2019\/07\/matraca-teatre-212x300.jpg 212w\" sizes=\"(max-width: 598px) 100vw, 598px\" \/><\/a><\/p>\n","protected":false},"excerpt":{"rendered":"<p>Matraca Teatre, compa\u00f1ia formada por jovenes actores y actrices de l&#8217;Olleria, presenta el pr\u00f3ximo fin de semana \u00abRebombori\u00bb,\u00a0 una obra din\u00e1mica y novedosa, cargada de frescura y donde se desenvuelven situaciones diversas que haran que los espectadores disfruten de una funci\u00f3n que promete divertida. Habr\u00e1 tres \u00fanicas funciones en el Teatro Goya:\u00a0 el viernes 5 [&hellip;]<\/p>\n","protected":false},"author":1,"featured_media":0,"comment_status":"closed","ping_status":"open","sticky":false,"template":"","format":"standard","meta":{"_monsterinsights_skip_tracking":false,"_monsterinsights_sitenote_active":false,"_monsterinsights_sitenote_note":"","_monsterinsights_sitenote_category":0},"categories":[15,12],"tags":[],"_links":{"self":[{"href":"http:\/\/www.portaldelolleria.es\/index.php?rest_route=\/wp\/v2\/posts\/23044"}],"collection":[{"href":"http:\/\/www.portaldelolleria.es\/index.php?rest_route=\/wp\/v2\/posts"}],"about":[{"href":"http:\/\/www.portaldelolleria.es\/index.php?rest_route=\/wp\/v2\/types\/post"}],"author":[{"embeddable":true,"href":"http:\/\/www.portaldelolleria.es\/index.php?rest_route=\/wp\/v2\/users\/1"}],"replies":[{"embeddable":true,"href":"http:\/\/www.portaldelolleria.es\/index.php?rest_route=%2Fwp%2Fv2%2Fcomments&post=23044"}],"version-history":[{"count":11,"href":"http:\/\/www.portaldelolleria.es\/index.php?rest_route=\/wp\/v2\/posts\/23044\/revisions"}],"predecessor-version":[{"id":23066,"href":"http:\/\/www.portaldelolleria.es\/index.php?rest_route=\/wp\/v2\/posts\/23044\/revisions\/23066"}],"wp:attachment":[{"href":"http:\/\/www.portaldelolleria.es\/index.php?rest_route=%2Fwp%2Fv2%2Fmedia&parent=23044"}],"wp:term":[{"taxonomy":"category","embeddable":true,"href":"http:\/\/www.portaldelolleria.es\/index.php?rest_route=%2Fwp%2Fv2%2Fcategories&post=23044"},{"taxonomy":"post_tag","embeddable":true,"href":"http:\/\/www.portaldelolleria.es\/index.php?rest_route=%2Fwp%2Fv2%2Ftags&post=23044"}],"curies":[{"name":"wp","href":"https:\/\/api.w.org\/{rel}","templated":true}]}}