{"id":23075,"date":"2019-07-05T14:44:40","date_gmt":"2019-07-05T12:44:40","guid":{"rendered":"http:\/\/www.portaldelolleria.es\/?p=23075"},"modified":"2019-07-06T11:31:09","modified_gmt":"2019-07-06T09:31:09","slug":"una-senora-de-72-anos-nueva-victima-en-otro-atropello-en-la-avda-diputacion","status":"publish","type":"post","link":"http:\/\/www.portaldelolleria.es\/?p=23075","title":{"rendered":"Una se\u00f1ora de 72 a\u00f1os, nueva victima en otro atropello en la Avda Diputaci\u00f3n"},"content":{"rendered":"<p><a href=\"http:\/\/www.portaldelolleria.es\/wp-content\/uploads\/2019\/07\/IMG-20190705-WA0000.jpg\"><img loading=\"lazy\" class=\"aligncenter size-full wp-image-23076\" title=\"IMG-20190705-WA0000\" src=\"http:\/\/www.portaldelolleria.es\/wp-content\/uploads\/2019\/07\/IMG-20190705-WA0000.jpg\" alt=\"\" width=\"598\" height=\"385\" srcset=\"http:\/\/www.portaldelolleria.es\/wp-content\/uploads\/2019\/07\/IMG-20190705-WA0000.jpg 598w, http:\/\/www.portaldelolleria.es\/wp-content\/uploads\/2019\/07\/IMG-20190705-WA0000-300x193.jpg 300w\" sizes=\"(max-width: 598px) 100vw, 598px\" \/><\/a><\/p>\n<p><span style=\"color: #800000;\"><span style=\"color: #333333;\">AMPLIACI\u00d3N DE LA\u00a0 NOTICIA 6\/7\/2019<\/span><strong><span style=\"color: #333333;\">:<\/span> LA VICTIMA FALLECI\u00d3 EN EL HOSPITAL DEBIDO A LOS SEVEROS POLITRAUMATISMOS SUFRIDO EN EL ACCIDENTE<\/strong><\/span><\/p>\n<p>______________<\/p>\n<h2 style=\"text-align: justify;\">La v\u00edctima fu\u00e9\u00a0 trasladada al hospital Llu\u00eds Alcany\u00eds en estado de inconsciencia con politraumatismos<\/h2>\n<p style=\"text-align: justify;\">Una mujer de 72 a\u00f1os ha tenido que ser hospitalizada despu\u00e9s de sufrir un atropello mientras cruzaba por la Avenida Diputaci\u00f3n a la altura del n\u00ba 25 . Los servicios de emergencias han recibido el aviso sobre las 10 horas.<\/p>\n<p style=\"text-align: justify;\">La mujer qud\u00f3 insconsciente como consecuencia del accidente. Una ambulancia SAMU se traslad\u00f3 al\u00a0\u00a0 lugar de los hechos para practicarle una intubaci\u00f3n y maniobras de estabilizaci\u00f3n. Con posterioridad, la v\u00edctima fu\u00e9 conducida al\u00a0 hospital Llu\u00eds Alcany\u00eds de X\u00e0tiva con politraumatismos. Su pron\u00f3stico es reservado.<\/p>\n<p style=\"text-align: justify;\">Las causas y circunstancias del accidente est\u00e1n siendo investigadas. Ni el Ayuntamiento ni la Polic\u00eda Local han querido dar ninguna informaci\u00f3n al respecto ya que hasta que no queden determinados los hechos, ser\u00eda una temeridad aventurar hip\u00f3tesis . La Avenida Diputaci\u00f3n arrastra un reciente historial negro de atropellos, dos de ellos mortales. El nuevo equipo de gobierno ha se\u00f1alado entre sus prioridades acometer una reestructuraci\u00f3n para mejorar la seguridad vial en esta concurrida traves\u00eda de la CV-640, eje central de l&#8217;Olleria y este es un hecho m\u00e1s que acelerar\u00e1 la implantaci\u00f3n de soluciones.<\/p>\n<p style=\"text-align: justify;\">_______________________________<\/p>\n<p style=\"text-align: justify;\"><strong><span style=\"color: #003366;\">La v\u00edctima va ser traslladada a l&#8217;hospital Llu\u00eds Alcany\u00eds en estat d&#8217;inconsci\u00e8ncia amb politraumatismes<\/span><\/strong><\/p>\n<p style=\"text-align: justify;\"><span style=\"color: #003366;\">Una dona de 72 anys ha hagut de ser hospitalitzada despr\u00e9s de patir un atropellament mentre creuava per l&#8217;Avinguda Diputaci\u00f3 a l&#8217;altura del n\u00ba 25. Els serveis d&#8217;emerg\u00e8ncies han rebut l&#8217;av\u00eds cap a les 10 hores.<\/span><\/p>\n<p style=\"text-align: justify;\"><span style=\"color: #003366;\">La dona qud\u00f3 inconscient com a conseq\u00fc\u00e8ncia de l&#8217;accident. Una ambul\u00e0ncia SAMU es va traslladar al lloc dels fets per practicar-li una intubaci\u00f3 i maniobres d&#8217;estabilitzaci\u00f3. Amb posterioritat, la v\u00edctima va ser condu\u00efda a l&#8217;hospital Llu\u00eds Alcany\u00eds de X\u00e0tiva amb politraumatismes. El seu pron\u00f2stic \u00e9s reservat.<\/span><\/p>\n<p style=\"text-align: justify;\"><span style=\"color: #003366;\">Les causes i circumst\u00e0ncies de l&#8217;accident estan sent investigades. Ni l&#8217;Ajuntament ni la Policia Local han volgut donar cap informaci\u00f3 al respecte ja que fins que no quedin determinats els fets, seria una temeritat aventurar hip\u00f2tesis. L&#8217;Avinguda Diputaci\u00f3 arrossega un recent historial negre d&#8217;atropellaments, dos d&#8217;ells mortals. El nou equip de govern ha assenyalat entre les seves prioritats escometre una reestructuraci\u00f3 per millorar la seguretat vi\u00e0ria en aquesta concorreguda travessia de la CV-640, eix central de l&#8217;Olleria i aquest \u00e9s un fet m\u00e9s que accelerar\u00e0 la implantaci\u00f3 de solucions.<\/span><\/p>\n","protected":false},"excerpt":{"rendered":"<p>AMPLIACI\u00d3N DE LA\u00a0 NOTICIA 6\/7\/2019: LA VICTIMA FALLECI\u00d3 EN EL HOSPITAL DEBIDO A LOS SEVEROS POLITRAUMATISMOS SUFRIDO EN EL ACCIDENTE ______________ La v\u00edctima fu\u00e9\u00a0 trasladada al hospital Llu\u00eds Alcany\u00eds en estado de inconsciencia con politraumatismos Una mujer de 72 a\u00f1os ha tenido que ser hospitalizada despu\u00e9s de sufrir un atropello mientras cruzaba por la Avenida [&hellip;]<\/p>\n","protected":false},"author":1,"featured_media":0,"comment_status":"closed","ping_status":"open","sticky":false,"template":"","format":"standard","meta":{"_monsterinsights_skip_tracking":false,"_monsterinsights_sitenote_active":false,"_monsterinsights_sitenote_note":"","_monsterinsights_sitenote_category":0},"categories":[3,12],"tags":[],"_links":{"self":[{"href":"http:\/\/www.portaldelolleria.es\/index.php?rest_route=\/wp\/v2\/posts\/23075"}],"collection":[{"href":"http:\/\/www.portaldelolleria.es\/index.php?rest_route=\/wp\/v2\/posts"}],"about":[{"href":"http:\/\/www.portaldelolleria.es\/index.php?rest_route=\/wp\/v2\/types\/post"}],"author":[{"embeddable":true,"href":"http:\/\/www.portaldelolleria.es\/index.php?rest_route=\/wp\/v2\/users\/1"}],"replies":[{"embeddable":true,"href":"http:\/\/www.portaldelolleria.es\/index.php?rest_route=%2Fwp%2Fv2%2Fcomments&post=23075"}],"version-history":[{"count":7,"href":"http:\/\/www.portaldelolleria.es\/index.php?rest_route=\/wp\/v2\/posts\/23075\/revisions"}],"predecessor-version":[{"id":23083,"href":"http:\/\/www.portaldelolleria.es\/index.php?rest_route=\/wp\/v2\/posts\/23075\/revisions\/23083"}],"wp:attachment":[{"href":"http:\/\/www.portaldelolleria.es\/index.php?rest_route=%2Fwp%2Fv2%2Fmedia&parent=23075"}],"wp:term":[{"taxonomy":"category","embeddable":true,"href":"http:\/\/www.portaldelolleria.es\/index.php?rest_route=%2Fwp%2Fv2%2Fcategories&post=23075"},{"taxonomy":"post_tag","embeddable":true,"href":"http:\/\/www.portaldelolleria.es\/index.php?rest_route=%2Fwp%2Fv2%2Ftags&post=23075"}],"curies":[{"name":"wp","href":"https:\/\/api.w.org\/{rel}","templated":true}]}}