{"id":23120,"date":"2019-07-11T22:21:00","date_gmt":"2019-07-11T20:21:00","guid":{"rendered":"http:\/\/www.portaldelolleria.es\/?p=23120"},"modified":"2019-07-11T22:21:00","modified_gmt":"2019-07-11T20:21:00","slug":"concierto-liberto-benet-2019","status":"publish","type":"post","link":"http:\/\/www.portaldelolleria.es\/?p=23120","title":{"rendered":"Concierto \u00abLiberto Benet\u00bb 2019"},"content":{"rendered":"<p><a href=\"http:\/\/www.portaldelolleria.es\/wp-content\/uploads\/2019\/07\/liberto_benet.jpg\"><img loading=\"lazy\" class=\"aligncenter size-full wp-image-23123\" title=\"liberto_benet\" src=\"http:\/\/www.portaldelolleria.es\/wp-content\/uploads\/2019\/07\/liberto_benet.jpg\" alt=\"\" width=\"598\" height=\"398\" srcset=\"http:\/\/www.portaldelolleria.es\/wp-content\/uploads\/2019\/07\/liberto_benet.jpg 598w, http:\/\/www.portaldelolleria.es\/wp-content\/uploads\/2019\/07\/liberto_benet-300x199.jpg 300w\" sizes=\"(max-width: 598px) 100vw, 598px\" \/><\/a><\/p>\n<p>El pr\u00f3ximo s\u00e1bado 13 de julio , la SEM Sta. Cec\u00edlia de l\u2019Olleria, ofrecer\u00e1 su concierto conmemorativo en honor al maestro Liberto Benet.\u00a0 En esta edici\u00f3n, la n\u00famero 28,\u00a0 se interpretar\u00e1 una Gala L\u00edrica (\u00d3pera y Zarzuela).\u00a0 La actuaci\u00f3n ser\u00e1 en el teatro Goya, a las 20 h.<\/p>\n<p><a href=\"http:\/\/www.portaldelolleria.es\/wp-content\/uploads\/2019\/07\/PEPE-APARICI.jpg\"><img loading=\"lazy\" class=\"aligncenter size-full wp-image-23121\" title=\"PEPE APARICI\" src=\"http:\/\/www.portaldelolleria.es\/wp-content\/uploads\/2019\/07\/PEPE-APARICI.jpg\" alt=\"\" width=\"598\" height=\"147\" srcset=\"http:\/\/www.portaldelolleria.es\/wp-content\/uploads\/2019\/07\/PEPE-APARICI.jpg 598w, http:\/\/www.portaldelolleria.es\/wp-content\/uploads\/2019\/07\/PEPE-APARICI-300x73.jpg 300w\" sizes=\"(max-width: 598px) 100vw, 598px\" \/><\/a><\/p>\n<p style=\"text-align: justify;\"><strong>GALA\u00a0 LIRICA<\/strong><\/p>\n<p style=\"text-align: justify;\">Siendo directores de la SEM SANTA CECILIA, Dionisio Pedro Estarelles y despu\u00e9s Liberto Benet, (11 a\u00f1os de director) en la mayor\u00eda de sus conciertos estaba incluida la m\u00fasica l\u00edrica y de zarzuela.<\/p>\n<p style=\"text-align: justify;\">Obras como: Maruxa. La Canci\u00f3n del Olvido. Alma de Dios. Bohemios. El Barbero de Sevilla. La Reina Mora. La Alegr\u00eda de la huerta. La Bruja. El Tambor de Granaderos. El Ruise\u00f1or de la Huerta. Katiuska. La Dolorosa. La Tabernera del Puerto. Los Gavilanes. La Gran V\u00eda. Marina, entre otras (Todas ellas anotadas en mi libro \u00ab125 a\u00f1os de M\u00fasica en L&#8217;Olleria\u00bb)<\/p>\n<p style=\"text-align: justify;\">En los a\u00f1os 1998 y 2002, La SEM y el Grupo de Teatro El Bunyol pusieron en escena \u00abLos Claveles\u00b7 y \u00abLa Verbena de la Paloma\u00bb.<\/p>\n<p style=\"text-align: justify;\">Ha sido un acierto del director de la SEM Ram\u00f3n Garc\u00eda i Soler el devolver a la Banda esta m\u00fasica tan nuestra.<\/p>\n<p style=\"text-align: justify;\">Sin duda alguna que ser\u00e1 del agrado de los amantes de esta m\u00fasica y disfrutar\u00e1n de ella.<\/p>\n<p><em>Pepe Aparici<\/em><\/p>\n<p><a href=\"http:\/\/www.portaldelolleria.es\/wp-content\/uploads\/2019\/07\/Recordando-a-Liberto-ap.jpg\"><img loading=\"lazy\" class=\"aligncenter size-full wp-image-23122\" title=\"Recordando a Liberto ap\" src=\"http:\/\/www.portaldelolleria.es\/wp-content\/uploads\/2019\/07\/Recordando-a-Liberto-ap.jpg\" alt=\"\" width=\"598\" height=\"434\" srcset=\"http:\/\/www.portaldelolleria.es\/wp-content\/uploads\/2019\/07\/Recordando-a-Liberto-ap.jpg 598w, http:\/\/www.portaldelolleria.es\/wp-content\/uploads\/2019\/07\/Recordando-a-Liberto-ap-300x217.jpg 300w\" sizes=\"(max-width: 598px) 100vw, 598px\" \/><\/a><\/p>\n<p>________________________________<\/p>\n<p>&nbsp;<\/p>\n<p align=\"center\"><strong><span style=\"text-decoration: underline;\">GALA L\u00cdRICA \u2013 CONCERT LIBERTO 2019<\/span><\/strong><\/p>\n<p>&nbsp;<\/p>\n<ul>\n<li>Som la SEM <em>(pas doble)<\/em>\u00a0\u00a0\u00a0\u00a0\u00a0\u00a0\u00a0\u00a0\u00a0\u00a0\u00a0\u00a0\u00a0\u00a0\u00a0\u00a0\u00a0\u00a0\u00a0\u00a0\u00a0\u00a0\u00a0\u00a0\u00a0\u00a0\u00a0\u00a0\u00a0 Javi Gandia Juan<\/li>\n<li>O mio Babbino caro <em>(Gianni Schichi)<\/em>\u00a0\u00a0\u00a0\u00a0\u00a0\u00a0\u00a0\u00a0\u00a0\u00a0\u00a0\u00a0\u00a0 Giacomo Puccini<\/li>\n<li>Nessun Dorma <em>(Turandot)\u00a0\u00a0\u00a0 <\/em>\u00a0\u00a0\u00a0\u00a0\u00a0\u00a0\u00a0\u00a0\u00a0\u00a0\u00a0\u00a0\u00a0\u00a0\u00a0\u00a0\u00a0\u00a0\u00a0\u00a0\u00a0\u00a0\u00a0 Giacomo Puccini<\/li>\n<li>Canci\u00f3n del Sembrador <em>(La Rosa del Azafr\u00e1n)<\/em> Jacinto Guerrero<\/li>\n<li>Canci\u00f3n de la Paloma <em>(El Barberillo de Lavapi\u00e9s) <\/em>F. Asenjo Barbieri<\/li>\n<li>La Tabernera del Puerto\u00a0\u00a0\u00a0\u00a0\u00a0\u00a0\u00a0\u00a0\u00a0\u00a0\u00a0\u00a0\u00a0\u00a0\u00a0\u00a0\u00a0\u00a0\u00a0\u00a0\u00a0\u00a0\u00a0\u00a0\u00a0\u00a0\u00a0\u00a0\u00a0 Pablo Sorozabal<\/li>\n<\/ul>\n<p><em>\u00a0\u00a0\u00a0\u00a0\u00a0\u00a0\u00a0\u00a0\u00a0\u00a0\u00a0\u00a0\u00a0\u00a0\u00a0\u00a0\u00a0\u00a0\u00a0\u00a0\u00a0\u00a0\u00a0\u00a0\u00a0 Romanza de Leandro<\/em><\/p>\n<p><em>Romanza de Simpson<\/em><\/p>\n<ul>\n<li>El Tambor de Granaderos <em>(Preludio)\u00a0\u00a0\u00a0\u00a0\u00a0 <\/em>\u00a0\u00a0\u00a0\u00a0\u00a0\u00a0\u00a0 Ruperto Chap\u00ed<\/li>\n<\/ul>\n<ul>\n<li>Carceleras <em>(Las hijas del Zebedeo)\u00a0\u00a0\u00a0\u00a0\u00a0\u00a0 <\/em>\u00a0\u00a0\u00a0\u00a0\u00a0\u00a0\u00a0\u00a0\u00a0\u00a0\u00a0\u00a0\u00a0\u00a0\u00a0 Ruperto Chap\u00ed<\/li>\n<li>Canci\u00f3n H\u00fangara <em>(Alma de Dios)\u00a0\u00a0 <\/em>\u00a0\u00a0\u00a0\u00a0\u00a0\u00a0\u00a0\u00a0\u00a0\u00a0\u00a0\u00a0\u00a0\u00a0\u00a0 Jos\u00e9 Serrano<\/li>\n<li>La Boda de Luis Alonso <em>(Intermedio)\u00a0\u00a0\u00a0\u00a0 <\/em>\u00a0\u00a0\u00a0\u00a0\u00a0\u00a0\u00a0 Ger\u00f3nimo Gim\u00e9nez<\/li>\n<li>Caballero del alto plumero <em>(Luisa Fernanda)<\/em> <em>\u00a0 <\/em>F. Moreno Torroba<em><\/em><\/li>\n<li>Brindisi <em>(La Traviata)<\/em> <em>\u00a0\u00a0\u00a0\u00a0\u00a0\u00a0\u00a0\u00a0\u00a0\u00a0\u00a0\u00a0\u00a0\u00a0\u00a0\u00a0\u00a0\u00a0\u00a0\u00a0\u00a0\u00a0\u00a0\u00a0\u00a0 <\/em>Giuseppe Verdi<\/li>\n<\/ul>\n<p>&nbsp;<\/p>\n<p align=\"center\">Mar\u00eda Oviedo, soprano<\/p>\n<p align=\"center\">Boni Carrillo, baix<\/p>\n<p align=\"center\">Vicent Clar, tenor<\/p>\n<p align=\"center\">SEM Santa Cec\u00edlia de l\u2019Olleria<\/p>\n<p align=\"center\">Ramon Garcia i Soler, director<\/p>\n<p>\u00a0___________________________________<\/p>\n<p>Noticias relacionadas:<\/p>\n<p><a href=\"http:\/\/www.portaldelolleria.es\/2013\/06\/25\/especial-recordando-a-liberto-benet\/#.XSeYH_5S-Uk\" target=\"_blank\">Especial recordando a Liberto Bene<\/a>t\u00a0 (25\/6\/2013)<\/p>\n<p><a href=\"http:\/\/www.portaldelolleria.es\/2013\/06\/28\/recordando-a-liberto-benet-2\/#.XSeYdf5S-Uk\" target=\"_blank\">Especial recordando a Liberto Benet 2<\/a><\/p>\n<p><a href=\"http:\/\/www.portaldelolleria.es\/2013\/07\/02\/recordando-a-liberto-benet-3\/#.XSeYzf5S-Uk\" target=\"_blank\">Especial recordando a Liberto Benet 3<\/a><\/p>\n<p><a href=\"http:\/\/www.portaldelolleria.es\/2013\/07\/04\/recordando-a-liberto-benet-4\/#.XSeY3_5S-Uk\" target=\"_blank\">Especial recordando a Liberto Benet 4<\/a><\/p>\n<p><a href=\"http:\/\/www.portaldelolleria.es\/2013\/07\/05\/recordando-a-liberto-benet-5\/#.XSeY9f5S-Uk\" target=\"_blank\">Especial recordando a Liberto Benet 5<\/a><\/p>\n<p><a href=\"http:\/\/www.portaldelolleria.es\/2013\/07\/06\/recordando-a-liberto-benet-6-%c2%a1%c2%a1-hasta-siempre-liberto\/#.XSeZD_5S-Uk\" target=\"_blank\">Especial recordando a Liberto Benet 6 <\/a>(hasta siempre Liberto)<\/p>\n","protected":false},"excerpt":{"rendered":"<p>El pr\u00f3ximo s\u00e1bado 13 de julio , la SEM Sta. Cec\u00edlia de l\u2019Olleria, ofrecer\u00e1 su concierto conmemorativo en honor al maestro Liberto Benet.\u00a0 En esta edici\u00f3n, la n\u00famero 28,\u00a0 se interpretar\u00e1 una Gala L\u00edrica (\u00d3pera y Zarzuela).\u00a0 La actuaci\u00f3n ser\u00e1 en el teatro Goya, a las 20 h. GALA\u00a0 LIRICA Siendo directores de la SEM [&hellip;]<\/p>\n","protected":false},"author":1,"featured_media":0,"comment_status":"closed","ping_status":"open","sticky":false,"template":"","format":"standard","meta":{"_monsterinsights_skip_tracking":false,"_monsterinsights_sitenote_active":false,"_monsterinsights_sitenote_note":"","_monsterinsights_sitenote_category":0},"categories":[16,12],"tags":[],"_links":{"self":[{"href":"http:\/\/www.portaldelolleria.es\/index.php?rest_route=\/wp\/v2\/posts\/23120"}],"collection":[{"href":"http:\/\/www.portaldelolleria.es\/index.php?rest_route=\/wp\/v2\/posts"}],"about":[{"href":"http:\/\/www.portaldelolleria.es\/index.php?rest_route=\/wp\/v2\/types\/post"}],"author":[{"embeddable":true,"href":"http:\/\/www.portaldelolleria.es\/index.php?rest_route=\/wp\/v2\/users\/1"}],"replies":[{"embeddable":true,"href":"http:\/\/www.portaldelolleria.es\/index.php?rest_route=%2Fwp%2Fv2%2Fcomments&post=23120"}],"version-history":[{"count":2,"href":"http:\/\/www.portaldelolleria.es\/index.php?rest_route=\/wp\/v2\/posts\/23120\/revisions"}],"predecessor-version":[{"id":23125,"href":"http:\/\/www.portaldelolleria.es\/index.php?rest_route=\/wp\/v2\/posts\/23120\/revisions\/23125"}],"wp:attachment":[{"href":"http:\/\/www.portaldelolleria.es\/index.php?rest_route=%2Fwp%2Fv2%2Fmedia&parent=23120"}],"wp:term":[{"taxonomy":"category","embeddable":true,"href":"http:\/\/www.portaldelolleria.es\/index.php?rest_route=%2Fwp%2Fv2%2Fcategories&post=23120"},{"taxonomy":"post_tag","embeddable":true,"href":"http:\/\/www.portaldelolleria.es\/index.php?rest_route=%2Fwp%2Fv2%2Ftags&post=23120"}],"curies":[{"name":"wp","href":"https:\/\/api.w.org\/{rel}","templated":true}]}}