{"id":2316,"date":"2013-02-17T11:49:36","date_gmt":"2013-02-17T10:49:36","guid":{"rendered":"http:\/\/www.portaldelolleria.es\/?p=2316"},"modified":"2013-02-17T19:33:37","modified_gmt":"2013-02-17T18:33:37","slug":"cuenta-atras-para-el-desenlace-del-9%c2%ba-francesc-cerda","status":"publish","type":"post","link":"http:\/\/www.portaldelolleria.es\/?p=2316","title":{"rendered":"Cuenta atr\u00e1s para el \u00abdesenlace\u00bb del  9\u00ba \u00abFrancesc Cerd\u00e1\u00bb"},"content":{"rendered":"<p><a href=\"http:\/\/www.portaldelolleria.es\/wp-content\/uploads\/2013\/02\/francescerda.jpg\"><img loading=\"lazy\" class=\"aligncenter size-full wp-image-2318\" title=\"francescerda\" src=\"http:\/\/www.portaldelolleria.es\/wp-content\/uploads\/2013\/02\/francescerda.jpg\" alt=\"\" width=\"598\" height=\"398\" srcset=\"http:\/\/www.portaldelolleria.es\/wp-content\/uploads\/2013\/02\/francescerda.jpg 598w, http:\/\/www.portaldelolleria.es\/wp-content\/uploads\/2013\/02\/francescerda-300x199.jpg 300w\" sizes=\"(max-width: 598px) 100vw, 598px\" \/><\/a><\/p>\n<p>L&#8217;Olleria, se aproxima a uno de los acontecimientos culturales m\u00e1s importantes de la localidad:\u00a0 El concurs de musica festera\u00a0 \u00abFrancesc Cerd\u00e1\u00bb,\u00a0 que este a\u00f1o alcanza su novena edici\u00f3n.\u00a0 Una m\u00e1s que a\u00f1adir a su reconocido\u00a0 prestigio alcanzado entre otras cosas por la calidad de las obras que han ido participando desde sus inicios.\u00a0\u00a0\u00a0 El s\u00e1bado 23, tendr\u00e1 lugar el desenlace de la presente edici\u00f3n,\u00a0 con el concierto de obras finalistas (4 obras en modalidad de pasodoble) de las que se decidir\u00e1 el ganador absoluto,\u00a0 y el ganador del p\u00fablico.<\/p>\n<p>La banda de la SEM Sta. Cecilia de L&#8217;Olleria,\u00a0 con\u00a0 Enrique Alborch a la batuta, ser\u00e1 la encargada de \u00abdar vida\u00bb a las obras finalistas.<\/p>\n<p>Con este acto se d\u00e1 por comenzado\u00a0 al\u00a0 a\u00f1o festero 2013\u00a0 por parte de la Junta Central de Moros i Cristians de L&#8217;Olleria.<\/p>\n<p>&nbsp;<\/p>\n<p><a href=\"http:\/\/www.portaldelolleria.es\/wp-content\/uploads\/2013\/02\/cartelpCMF.jpg\"><img loading=\"lazy\" class=\"aligncenter size-full wp-image-2317\" title=\"cartelpCMF\" src=\"http:\/\/www.portaldelolleria.es\/wp-content\/uploads\/2013\/02\/cartelpCMF.jpg\" alt=\"\" width=\"598\" height=\"866\" srcset=\"http:\/\/www.portaldelolleria.es\/wp-content\/uploads\/2013\/02\/cartelpCMF.jpg 598w, http:\/\/www.portaldelolleria.es\/wp-content\/uploads\/2013\/02\/cartelpCMF-207x300.jpg 207w\" sizes=\"(max-width: 598px) 100vw, 598px\" \/><\/a><\/p>\n","protected":false},"excerpt":{"rendered":"<p>L&#8217;Olleria, se aproxima a uno de los acontecimientos culturales m\u00e1s importantes de la localidad:\u00a0 El concurs de musica festera\u00a0 \u00abFrancesc Cerd\u00e1\u00bb,\u00a0 que este a\u00f1o alcanza su novena edici\u00f3n.\u00a0 Una m\u00e1s que a\u00f1adir a su reconocido\u00a0 prestigio alcanzado entre otras cosas por la calidad de las obras que han ido participando desde sus inicios.\u00a0\u00a0\u00a0 El s\u00e1bado [&hellip;]<\/p>\n","protected":false},"author":2,"featured_media":0,"comment_status":"closed","ping_status":"open","sticky":false,"template":"","format":"standard","meta":{"_monsterinsights_skip_tracking":false,"_monsterinsights_sitenote_active":false,"_monsterinsights_sitenote_note":"","_monsterinsights_sitenote_category":0},"categories":[15,12],"tags":[169,298,358,20],"_links":{"self":[{"href":"http:\/\/www.portaldelolleria.es\/index.php?rest_route=\/wp\/v2\/posts\/2316"}],"collection":[{"href":"http:\/\/www.portaldelolleria.es\/index.php?rest_route=\/wp\/v2\/posts"}],"about":[{"href":"http:\/\/www.portaldelolleria.es\/index.php?rest_route=\/wp\/v2\/types\/post"}],"author":[{"embeddable":true,"href":"http:\/\/www.portaldelolleria.es\/index.php?rest_route=\/wp\/v2\/users\/2"}],"replies":[{"embeddable":true,"href":"http:\/\/www.portaldelolleria.es\/index.php?rest_route=%2Fwp%2Fv2%2Fcomments&post=2316"}],"version-history":[{"count":3,"href":"http:\/\/www.portaldelolleria.es\/index.php?rest_route=\/wp\/v2\/posts\/2316\/revisions"}],"predecessor-version":[{"id":2320,"href":"http:\/\/www.portaldelolleria.es\/index.php?rest_route=\/wp\/v2\/posts\/2316\/revisions\/2320"}],"wp:attachment":[{"href":"http:\/\/www.portaldelolleria.es\/index.php?rest_route=%2Fwp%2Fv2%2Fmedia&parent=2316"}],"wp:term":[{"taxonomy":"category","embeddable":true,"href":"http:\/\/www.portaldelolleria.es\/index.php?rest_route=%2Fwp%2Fv2%2Fcategories&post=2316"},{"taxonomy":"post_tag","embeddable":true,"href":"http:\/\/www.portaldelolleria.es\/index.php?rest_route=%2Fwp%2Fv2%2Ftags&post=2316"}],"curies":[{"name":"wp","href":"https:\/\/api.w.org\/{rel}","templated":true}]}}