{"id":23195,"date":"2019-07-18T21:22:21","date_gmt":"2019-07-18T19:22:21","guid":{"rendered":"http:\/\/www.portaldelolleria.es\/?p=23195"},"modified":"2019-07-18T21:26:57","modified_gmt":"2019-07-18T19:26:57","slug":"concierto-liberto-benet-2019-reportaje-grafico","status":"publish","type":"post","link":"http:\/\/www.portaldelolleria.es\/?p=23195","title":{"rendered":"Concierto \u00abLiberto Benet\u00bb 2019. Reportaje gr\u00e1fico"},"content":{"rendered":"<p><a href=\"http:\/\/www.portaldelolleria.es\/wp-content\/uploads\/2019\/07\/liberto_benet_71.jpg\"><img loading=\"lazy\" class=\"aligncenter size-full wp-image-23197\" title=\"liberto_benet_71\" src=\"http:\/\/www.portaldelolleria.es\/wp-content\/uploads\/2019\/07\/liberto_benet_71.jpg\" alt=\"\" width=\"598\" height=\"399\" srcset=\"http:\/\/www.portaldelolleria.es\/wp-content\/uploads\/2019\/07\/liberto_benet_71.jpg 598w, http:\/\/www.portaldelolleria.es\/wp-content\/uploads\/2019\/07\/liberto_benet_71-300x200.jpg 300w\" sizes=\"(max-width: 598px) 100vw, 598px\" \/><\/a><\/p>\n<p>&nbsp;<\/p>\n<p style=\"text-align: justify;\">El pasado s\u00e1bado 13 de julio , la SEM Sta. Cec\u00edlia de l\u2019Olleria, ofreci\u00f3 su concierto conmemorativo en honor al maestro Liberto Benet.\u00a0 En esta edici\u00f3n, la n\u00famero 28,\u00a0 se interpret\u00f3 una Gala L\u00edrica (\u00d3pera y Zarzuela).\u00a0 Cont\u00f3 con la participaci\u00f3n destacada de Maria Oviedo\u00a0 como soprano, y el bajo\u00a0 Boni Carrillo.\u00a0\u00a0 El tenor Vicente Clar no pudo actuar por problemas de afon\u00eda.<\/p>\n<p style=\"text-align: justify;\">______________________________<\/p>\n<p style=\"text-align: justify;\"><span style=\"color: #003366;\">El passat dissabte 13 de juliol, la SEM Sta. Cec\u00edlia de l&#8217;Olleria, va oferir el seu concert commemoratiu en honor al mestre Liberto Benet. En aquesta edici\u00f3, la n\u00famero 28, es va interpretar una Gala L\u00edrica (\u00d2pera i Sarsuela). Va comptar amb la participaci\u00f3 destacada de Maria Oviedo com a soprano, i el baix Boni Carrillo. El tenor Vicente Clar no va poder actuar per problemes d&#8217;afonia.<\/span><\/p>\n<p>&nbsp;<\/p>\n<p><a href=\"https:\/\/www.flickr.com\/photos\/162906402@N05\/albums\/72157709727533916\" target=\"_blank\"><img loading=\"lazy\" class=\"aligncenter size-full wp-image-23196\" title=\"liberto_benet_69\" src=\"http:\/\/www.portaldelolleria.es\/wp-content\/uploads\/2019\/07\/liberto_benet_69.jpg\" alt=\"\" width=\"598\" height=\"252\" srcset=\"http:\/\/www.portaldelolleria.es\/wp-content\/uploads\/2019\/07\/liberto_benet_69.jpg 598w, http:\/\/www.portaldelolleria.es\/wp-content\/uploads\/2019\/07\/liberto_benet_69-300x126.jpg 300w\" sizes=\"(max-width: 598px) 100vw, 598px\" \/><\/a><br \/>\n<iframe loading=\"lazy\" src=\"https:\/\/www.youtube.com\/embed\/WyKoAhog6Gk\" frameborder=\"0\" width=\"560\" height=\"315\"><\/iframe><\/p>\n","protected":false},"excerpt":{"rendered":"<p>&nbsp; El pasado s\u00e1bado 13 de julio , la SEM Sta. Cec\u00edlia de l\u2019Olleria, ofreci\u00f3 su concierto conmemorativo en honor al maestro Liberto Benet.\u00a0 En esta edici\u00f3n, la n\u00famero 28,\u00a0 se interpret\u00f3 una Gala L\u00edrica (\u00d3pera y Zarzuela).\u00a0 Cont\u00f3 con la participaci\u00f3n destacada de Maria Oviedo\u00a0 como soprano, y el bajo\u00a0 Boni Carrillo.\u00a0\u00a0 El tenor [&hellip;]<\/p>\n","protected":false},"author":1,"featured_media":0,"comment_status":"closed","ping_status":"open","sticky":false,"template":"","format":"standard","meta":{"_monsterinsights_skip_tracking":false,"_monsterinsights_sitenote_active":false,"_monsterinsights_sitenote_note":"","_monsterinsights_sitenote_category":0},"categories":[16,12],"tags":[],"_links":{"self":[{"href":"http:\/\/www.portaldelolleria.es\/index.php?rest_route=\/wp\/v2\/posts\/23195"}],"collection":[{"href":"http:\/\/www.portaldelolleria.es\/index.php?rest_route=\/wp\/v2\/posts"}],"about":[{"href":"http:\/\/www.portaldelolleria.es\/index.php?rest_route=\/wp\/v2\/types\/post"}],"author":[{"embeddable":true,"href":"http:\/\/www.portaldelolleria.es\/index.php?rest_route=\/wp\/v2\/users\/1"}],"replies":[{"embeddable":true,"href":"http:\/\/www.portaldelolleria.es\/index.php?rest_route=%2Fwp%2Fv2%2Fcomments&post=23195"}],"version-history":[{"count":4,"href":"http:\/\/www.portaldelolleria.es\/index.php?rest_route=\/wp\/v2\/posts\/23195\/revisions"}],"predecessor-version":[{"id":23203,"href":"http:\/\/www.portaldelolleria.es\/index.php?rest_route=\/wp\/v2\/posts\/23195\/revisions\/23203"}],"wp:attachment":[{"href":"http:\/\/www.portaldelolleria.es\/index.php?rest_route=%2Fwp%2Fv2%2Fmedia&parent=23195"}],"wp:term":[{"taxonomy":"category","embeddable":true,"href":"http:\/\/www.portaldelolleria.es\/index.php?rest_route=%2Fwp%2Fv2%2Fcategories&post=23195"},{"taxonomy":"post_tag","embeddable":true,"href":"http:\/\/www.portaldelolleria.es\/index.php?rest_route=%2Fwp%2Fv2%2Ftags&post=23195"}],"curies":[{"name":"wp","href":"https:\/\/api.w.org\/{rel}","templated":true}]}}