{"id":23218,"date":"2019-07-22T11:53:08","date_gmt":"2019-07-22T09:53:08","guid":{"rendered":"http:\/\/www.portaldelolleria.es\/?p=23218"},"modified":"2019-07-22T11:58:25","modified_gmt":"2019-07-22T09:58:25","slug":"fiesta-de-la-magdalena-2019-reportaje-grafico","status":"publish","type":"post","link":"http:\/\/www.portaldelolleria.es\/?p=23218","title":{"rendered":"Fiesta de la Magdalena 2019 (reportaje gr\u00e1fico)"},"content":{"rendered":"<p><a href=\"http:\/\/www.portaldelolleria.es\/wp-content\/uploads\/2019\/07\/magdalena_1.jpg\"><img loading=\"lazy\" class=\"aligncenter size-full wp-image-23220\" title=\"magdalena_1\" src=\"http:\/\/www.portaldelolleria.es\/wp-content\/uploads\/2019\/07\/magdalena_1.jpg\" alt=\"\" width=\"598\" height=\"396\" srcset=\"http:\/\/www.portaldelolleria.es\/wp-content\/uploads\/2019\/07\/magdalena_1.jpg 598w, http:\/\/www.portaldelolleria.es\/wp-content\/uploads\/2019\/07\/magdalena_1-300x198.jpg 300w\" sizes=\"(max-width: 598px) 100vw, 598px\" \/><\/a><\/p>\n<p style=\"text-align: justify;\">El s\u00e1bado 20 de julio, l\u2019Olleria celebraba la fiesta de la Magdalena.\u00a0 Fiesta en la que predominan detalles tradicionales de la cultura local, \u201cdanses, dol\u00e7ainers, y muixeranges\u201d para los m\u00e1s adeptos al folclore valenciano y actos religiosos propios de la festividad. Los actos comenzaron a las 19h, con la tradicional misa y la posterior procesi\u00f3n, a las 19:45 h,\u00a0\u00a0 pasacalles desde el antiguo hospital\u00a0 hasta la parroquia Santa M\u00aa Magdalena, donde tendr\u00e1n lugar las primeras danzas, y \u201ccastells\u201d, que proseguiran en la plaza de la Vila mientras se desarrolla la procesi\u00f3n.<\/p>\n<p style=\"text-align: justify;\">________________________<\/p>\n<p style=\"text-align: justify;\"><span style=\"color: #003366;\">El dissabte 20 de juliol, l&#8217;Olleria celebrava la festa de la Magdalena. Festa en la qual predominen detalls tradicionals de la cultura local, \u00abdanses, dol\u00e7ainers, i muixeranges\u00bb per als m\u00e9s adeptes al folklore valenci\u00e0 i actes religiosos propis de la festivitat. Els actes van comen\u00e7ar a les 19h, amb la tradicional missa i la posterior process\u00f3, a les 19:45 h, cercavila des de l&#8217;antic hospital fins a la parr\u00f2quia Santa M\u00aa Magdalena, on tindran lloc les primeres danses, i \u00abcastells\u00bb, que prosseguiran en la pla\u00e7a de la Vila mentre es desenvolupa la process\u00f3.<\/span><\/p>\n<p style=\"text-align: center;\"><strong><span style=\"color: #800000;\">ALBUM DE IMAGENES (ACTOS RELIGIOSOS)<\/span><\/strong><\/p>\n<p style=\"text-align: justify;\"><a href=\"https:\/\/www.flickr.com\/photos\/162906402@N05\/albums\/72157709802552532\" target=\"_blank\"><img loading=\"lazy\" class=\"aligncenter size-full wp-image-23219\" title=\"magdalena_122\" src=\"http:\/\/www.portaldelolleria.es\/wp-content\/uploads\/2019\/07\/magdalena_122.jpg\" alt=\"\" width=\"598\" height=\"293\" srcset=\"http:\/\/www.portaldelolleria.es\/wp-content\/uploads\/2019\/07\/magdalena_122.jpg 598w, http:\/\/www.portaldelolleria.es\/wp-content\/uploads\/2019\/07\/magdalena_122-300x146.jpg 300w\" sizes=\"(max-width: 598px) 100vw, 598px\" \/><\/a><\/p>\n<p><iframe loading=\"lazy\" src=\"https:\/\/www.youtube.com\/embed\/qZt1R4lXeuM\" frameborder=\"0\" width=\"598\" height=\"366\"><\/iframe><\/p>\n<p>&nbsp;<\/p>\n<p>.<\/p>\n<p><iframe loading=\"lazy\" src=\"https:\/\/www.youtube.com\/embed\/zSBfltDmaAI\" frameborder=\"0\" width=\"598\" height=\"366\"><\/iframe><\/p>\n","protected":false},"excerpt":{"rendered":"<p>El s\u00e1bado 20 de julio, l\u2019Olleria celebraba la fiesta de la Magdalena.\u00a0 Fiesta en la que predominan detalles tradicionales de la cultura local, \u201cdanses, dol\u00e7ainers, y muixeranges\u201d para los m\u00e1s adeptos al folclore valenciano y actos religiosos propios de la festividad. Los actos comenzaron a las 19h, con la tradicional misa y la posterior procesi\u00f3n, [&hellip;]<\/p>\n","protected":false},"author":1,"featured_media":0,"comment_status":"closed","ping_status":"open","sticky":false,"template":"","format":"standard","meta":{"_monsterinsights_skip_tracking":false,"_monsterinsights_sitenote_active":false,"_monsterinsights_sitenote_note":"","_monsterinsights_sitenote_category":0},"categories":[16,12],"tags":[],"_links":{"self":[{"href":"http:\/\/www.portaldelolleria.es\/index.php?rest_route=\/wp\/v2\/posts\/23218"}],"collection":[{"href":"http:\/\/www.portaldelolleria.es\/index.php?rest_route=\/wp\/v2\/posts"}],"about":[{"href":"http:\/\/www.portaldelolleria.es\/index.php?rest_route=\/wp\/v2\/types\/post"}],"author":[{"embeddable":true,"href":"http:\/\/www.portaldelolleria.es\/index.php?rest_route=\/wp\/v2\/users\/1"}],"replies":[{"embeddable":true,"href":"http:\/\/www.portaldelolleria.es\/index.php?rest_route=%2Fwp%2Fv2%2Fcomments&post=23218"}],"version-history":[{"count":4,"href":"http:\/\/www.portaldelolleria.es\/index.php?rest_route=\/wp\/v2\/posts\/23218\/revisions"}],"predecessor-version":[{"id":23224,"href":"http:\/\/www.portaldelolleria.es\/index.php?rest_route=\/wp\/v2\/posts\/23218\/revisions\/23224"}],"wp:attachment":[{"href":"http:\/\/www.portaldelolleria.es\/index.php?rest_route=%2Fwp%2Fv2%2Fmedia&parent=23218"}],"wp:term":[{"taxonomy":"category","embeddable":true,"href":"http:\/\/www.portaldelolleria.es\/index.php?rest_route=%2Fwp%2Fv2%2Fcategories&post=23218"},{"taxonomy":"post_tag","embeddable":true,"href":"http:\/\/www.portaldelolleria.es\/index.php?rest_route=%2Fwp%2Fv2%2Ftags&post=23218"}],"curies":[{"name":"wp","href":"https:\/\/api.w.org\/{rel}","templated":true}]}}