{"id":2322,"date":"2013-02-18T18:01:22","date_gmt":"2013-02-18T17:01:22","guid":{"rendered":"http:\/\/www.portaldelolleria.es\/?p=2322"},"modified":"2013-02-18T18:01:22","modified_gmt":"2013-02-18T17:01:22","slug":"l%e2%80%99olleria-acoge-el-ix-concurso-de-musica-festera-francesc-cerda","status":"publish","type":"post","link":"http:\/\/www.portaldelolleria.es\/?p=2322","title":{"rendered":"L\u2019Olleria acoge el IX Concurso de M\u00fasica Festera Francesc Cerd\u00e0"},"content":{"rendered":"<p>&nbsp;<\/p>\n<p><a href=\"http:\/\/www.portaldelolleria.es\/wp-content\/uploads\/2013\/02\/cmf2013.jpg\"><img loading=\"lazy\" class=\"aligncenter size-full wp-image-2323\" title=\"cmf2013\" src=\"http:\/\/www.portaldelolleria.es\/wp-content\/uploads\/2013\/02\/cmf2013.jpg\" alt=\"\" width=\"598\" height=\"398\" srcset=\"http:\/\/www.portaldelolleria.es\/wp-content\/uploads\/2013\/02\/cmf2013.jpg 598w, http:\/\/www.portaldelolleria.es\/wp-content\/uploads\/2013\/02\/cmf2013-300x199.jpg 300w\" sizes=\"(max-width: 598px) 100vw, 598px\" \/><\/a><\/p>\n<p>Se ultiman los detalles para que todo salga perfecto en la IX edici\u00f3n del Concurso de M\u00fasica Festera Francesc Cerd\u00e0 de L\u2019Olleria, concurso organizado por el Ayuntamiento de L\u2019Olleria a trav\u00e9s de la concejal\u00eda de Cultura, la Junta Central de Moros y Cristianos de L\u2019Olleria\u00a0 y la SEM Sta Cecilia de L\u2019Olleria.<\/p>\n<p>Ser\u00e1 este s\u00e1bado 23 de febrero a las siete de la tarde en el Teatro Goya y tal y como ha destacado el concejal de Cultura, Jes\u00fas Engo \u201cya est\u00e1 pr\u00e1cticamente todo preparado para que nuestro municipio acoja una de las cuatro citas culturales m\u00e1s importantes del a\u00f1o\u201d explicando que \u201cla modalidad este a\u00f1o es el pasodoble y podremos disfrutar de las cuatro obras finalistas, de las 32 presentadas, que ser\u00e1n magn\u00edficamente interpretadas por la SEM Sta. Cecilia. De estas cuatro el jurado, de una calidad excepcional, tendr\u00e1 la dif\u00edcil tarea de elegir la ganadora que se llevar\u00e1 2.500 euros y recordemos que el p\u00fablico tambi\u00e9n expresar\u00e1 su opini\u00f3n ya que hay un premio que da \u00e9l valorado en 500 euros, a las personas que asistan a este evento, que es abierto a todo el mundo y con entrada libre, se les dar\u00e1 a medida que vayan entrando al Teatro una cuartilla con el nombre de las cuatro obras finalistas\u00a0 de las que tendr\u00e1n que marcar una durante el descanso previsto tras la primera parte del concierto en la que ya se habr\u00e1n interpretado todas las obras finalistas\u201d.<\/p>\n<p>Por su parte, Ra\u00fal Hitar, miembro de la SEM Sta. Cecilia comentaba que \u201cla banda ya est\u00e1 trabajando en la interpretaci\u00f3n de las cuatro obras finalistas, <em>L\u2019Olleria \u00e9s Festa, Dianero, Brisas del Cerr\u00f3n y Bonavista\u201d <\/em>destacando \u201cla gran calidad de todas ellas por lo que seguro que el jurado formado por Tom\u00e1s Gilabert Giner, Daniel Ferrero Silvage y Jordi Bern\u00e0cer Vald\u00e9s,\u00a0 no lo tendr\u00e1 f\u00e1cil para elegir una al igual que el p\u00fablico\u201d.<\/p>\n<p>Adem\u00e1s, Maria Dolores Gil, Presidenta de la Junta Gestora de Moros y Cristianos, subrayaba \u201cel importante legado musical que nos dej\u00f3 nuestro querido Francesc Cerd\u00e0\u201d y \u201cel gran valor sentimental y cultural que tiene para todos los ollerienses este Concurso que ya va por su novena edici\u00f3n\u201d.<\/p>\n<p>Por \u00faltimo, Jos\u00e9 Vidal, alcalde de L\u2019Olleria destacaba \u201cel orgullo que es para todos nosotros el poder acoger una edici\u00f3n m\u00e1s de este Concurso que gana prestigio a\u00f1o tras a\u00f1o\u201d e invitaba tanto a los vecinos de L\u2019Olleria como al resto de la comarca y comarcas vecinas \u201ca asistir a esta cita cultural \u00fanica en la que el p\u00fablico podr\u00e1 disfrutar de las cuatro obras finalistas y al mismo tiempo votar por su favorita\u201d.<\/p>\n","protected":false},"excerpt":{"rendered":"<p>&nbsp; Se ultiman los detalles para que todo salga perfecto en la IX edici\u00f3n del Concurso de M\u00fasica Festera Francesc Cerd\u00e0 de L\u2019Olleria, concurso organizado por el Ayuntamiento de L\u2019Olleria a trav\u00e9s de la concejal\u00eda de Cultura, la Junta Central de Moros y Cristianos de L\u2019Olleria\u00a0 y la SEM Sta Cecilia de L\u2019Olleria. Ser\u00e1 este [&hellip;]<\/p>\n","protected":false},"author":2,"featured_media":0,"comment_status":"closed","ping_status":"open","sticky":false,"template":"","format":"standard","meta":{"_monsterinsights_skip_tracking":false,"_monsterinsights_sitenote_active":false,"_monsterinsights_sitenote_note":"","_monsterinsights_sitenote_category":0},"categories":[3,12],"tags":[298,359,358,270],"_links":{"self":[{"href":"http:\/\/www.portaldelolleria.es\/index.php?rest_route=\/wp\/v2\/posts\/2322"}],"collection":[{"href":"http:\/\/www.portaldelolleria.es\/index.php?rest_route=\/wp\/v2\/posts"}],"about":[{"href":"http:\/\/www.portaldelolleria.es\/index.php?rest_route=\/wp\/v2\/types\/post"}],"author":[{"embeddable":true,"href":"http:\/\/www.portaldelolleria.es\/index.php?rest_route=\/wp\/v2\/users\/2"}],"replies":[{"embeddable":true,"href":"http:\/\/www.portaldelolleria.es\/index.php?rest_route=%2Fwp%2Fv2%2Fcomments&post=2322"}],"version-history":[{"count":1,"href":"http:\/\/www.portaldelolleria.es\/index.php?rest_route=\/wp\/v2\/posts\/2322\/revisions"}],"predecessor-version":[{"id":2324,"href":"http:\/\/www.portaldelolleria.es\/index.php?rest_route=\/wp\/v2\/posts\/2322\/revisions\/2324"}],"wp:attachment":[{"href":"http:\/\/www.portaldelolleria.es\/index.php?rest_route=%2Fwp%2Fv2%2Fmedia&parent=2322"}],"wp:term":[{"taxonomy":"category","embeddable":true,"href":"http:\/\/www.portaldelolleria.es\/index.php?rest_route=%2Fwp%2Fv2%2Fcategories&post=2322"},{"taxonomy":"post_tag","embeddable":true,"href":"http:\/\/www.portaldelolleria.es\/index.php?rest_route=%2Fwp%2Fv2%2Ftags&post=2322"}],"curies":[{"name":"wp","href":"https:\/\/api.w.org\/{rel}","templated":true}]}}