{"id":23236,"date":"2019-07-25T19:29:31","date_gmt":"2019-07-25T17:29:31","guid":{"rendered":"http:\/\/www.portaldelolleria.es\/?p=23236"},"modified":"2019-07-25T19:31:19","modified_gmt":"2019-07-25T17:31:19","slug":"la-fiesta-del-folklore-valenciano-llega-a-montaverner","status":"publish","type":"post","link":"http:\/\/www.portaldelolleria.es\/?p=23236","title":{"rendered":"La fiesta del folklore valenciano llega a Montaverner"},"content":{"rendered":"<p><a href=\"http:\/\/www.portaldelolleria.es\/wp-content\/uploads\/2019\/07\/DSC_0178-1024x679.jpg\"><img loading=\"lazy\" class=\"aligncenter size-full wp-image-23237\" title=\"DSC_0178-1024x679\" src=\"http:\/\/www.portaldelolleria.es\/wp-content\/uploads\/2019\/07\/DSC_0178-1024x679.jpg\" alt=\"\" width=\"598\" height=\"393\" srcset=\"http:\/\/www.portaldelolleria.es\/wp-content\/uploads\/2019\/07\/DSC_0178-1024x679.jpg 598w, http:\/\/www.portaldelolleria.es\/wp-content\/uploads\/2019\/07\/DSC_0178-1024x679-300x197.jpg 300w\" sizes=\"(max-width: 598px) 100vw, 598px\" \/><\/a><\/p>\n<p><span style=\"color: #333333;\"><em>Diputaci\u00f3n de Valencia, 25\/julio\/2019.<\/em><\/span><\/p>\n<p style=\"text-align: justify;\"><strong>La fiesta del folklore valenciano llega a Montaverner<\/strong><strong><\/strong><\/p>\n<ul style=\"text-align: justify;\">\n<li><strong>\u2018d\u2019Arrel\u2019, el encuentro de m\u00fasica, canciones y bailes t\u00edpicos valencianos de la Diputaci\u00f3 llega el s\u00e1bado 27 a La Vall d\u2019Albaida\u00a0 <\/strong><\/li>\n<\/ul>\n<p style=\"text-align: justify;\">\u2018D\u2019Arrel\u2019, el encuentro de m\u00fasica, canciones y bailes valencianos de la Diputaci\u00f3 llega este s\u00e1bado, 27 de julio, a Montaverner. El municipio de La Vall d\u2019Albaida cierra las actuaciones programadas este a\u00f1o dentro del programa d\u2019Arrel, que organiza cada a\u00f1o la corporaci\u00f3n provincial en colaboraci\u00f3n con los ayuntamientos.<\/p>\n<p style=\"text-align: justify;\">Durante los meses de octubre y noviembre habr\u00e1 programaci\u00f3n d\u2019Arrel para los m\u00e1s peque\u00f1os a trav\u00e9s de talleres de baile y espect\u00e1culos infantiles en diversas comarcas valencianas.<\/p>\n<p style=\"text-align: justify;\">Montaverner acoger\u00e1 un c\u00famulo de expresiones culturales de la comarca. La fiesta empezar\u00e1 a las 19.00 horas con la actuaci\u00f3n de la <strong>Xeranga<\/strong> desde la calle Alicante, y media hora m\u00e1s tarde, en la Plaza Mayor, habr\u00e1 exhibici\u00f3n de danzas al cargo del <strong>Grup de Danses La Lligassa d\u2019Atzeneta<\/strong>, el <strong>Grup de Danses el Revol de l\u2019Olleria<\/strong> y el <strong>Grup de Danses de Montaverner<\/strong>, acompa\u00f1ados por la <strong>Rondalla l\u2019Agredol\u00e7<\/strong> y la <strong>Colla de Dol\u00e7aines i Percussi\u00f3 la Morralla de l\u2019Olleria<\/strong>. Al t\u00e9rmino de la actuaci\u00f3n habr\u00e1 baile con los grupos participantes.<\/p>\n<p style=\"text-align: justify;\">La fiesta continuar\u00e1 con una cena popular en la plaza Josep Boluda, amenizado por la <strong>Xeranga<\/strong>. A continuaci\u00f3n, a las 22.00 horas y en el mismo lugar hay programado un concierto a cargo <strong>d\u2019Aljub<\/strong>, que presentar\u00e1 el disco \u201916 anys en 16 can\u00e7ons\u2019. Este grupo ha actuado en distintos pa\u00edses europeos a lo largo de su trayectoria y cuenta con tres discos que descubren sonidos orientales y solos instrumentales en un espect\u00e1culo acogedor y de gran belleza.<\/p>\n<p style=\"text-align: justify;\">Como fin de fiesta, desde la calle Alicante, tendr\u00e1 lugar el tradicional \u2018correfoc\u2019 a cargo de la <strong>Colla de Dimonis Armidam de Aielo de Malferit<\/strong>.<\/p>\n<p style=\"text-align: justify;\">\u00a0___________________________________________<\/p>\n<p style=\"text-align: justify;\"><span style=\"color: #003366;\"><strong>La festa del folklore valenci\u00e0 arriba a Montaverner<\/strong><strong><\/strong><\/span><\/p>\n<ul style=\"text-align: justify;\">\n<li><span style=\"color: #003366;\"><strong>\u2018d\u2019Arrel\u2019, la trobada de m\u00fasica, can\u00e7ons i balls t\u00edpics valencians de la Diputaci\u00f3, tindr\u00e0 lloc el dissabte 27 a La Vall d\u2019Albaida\u00a0\u00a0 <\/strong><\/span><\/li>\n<\/ul>\n<p style=\"text-align: justify;\"><span style=\"color: #003366;\"><strong>D<\/strong>\u2019Arrel, la trobada de m\u00fasica, can\u00e7ons i balls valencians de la Diputaci\u00f3 de Val\u00e8ncia arriba aquest dissabte 27 de juliol a Montaverner. D\u2019aquesta manera, el municipi de la Vall d\u2019Albaida tancar\u00e0 les actuacions programades per a enguany dins les trobades d\u2019Arrel que cada any organitza la Diputaci\u00f3 de Val\u00e8ncia, amb la col\u00b7laboraci\u00f3 dels ajuntaments valencians. A m\u00e9s, durant els mesos d\u2019octubre i novembre hi haur\u00e0 programaci\u00f3 d\u2019Arrel per als m\u00e9s menuts a trav\u00e9s de tallers de ball i espectacles infantils a diverses comarques valencianes.<\/span><\/p>\n<p style=\"text-align: justify;\"><span style=\"color: #003366;\">Montaverner acollir\u00e0 tot un seguit d\u2019expressions culturals de la comarca. Aix\u00ed, la festa comen\u00e7ar\u00e0 a partir de les 19 hores amb l\u2019actuaci\u00f3 de la Xe-ranga des del carrer d\u2019Alacant i, tot seguit, a les 19.30 hores, a la Pla\u00e7a Major, exhibici\u00f3 de danses a c\u00e0rrec del Grup de Danses La Lligassa d&#8217;Atzeneta, el Grup de Danses el Revol de l&#8217;Olleria, el Grup de Danses de Montaverner, acompanyats de la Rondalla l&#8217;Agredol\u00e7 i la Colla de Dol\u00e7aines i Percussi\u00f3 la Morralla de l&#8217;Olleria. En acabant hi haur\u00e0 dans\u00e0 amb els grups participants.<\/span><\/p>\n<p style=\"text-align: justify;\"><span style=\"color: #003366;\">La festa continuar\u00e0 amb un sopar popular a la pla\u00e7a de Josep Boluda amenitzat per la Xeranga. Tot seguit, a les 22.30 hores, al mateix lloc, concert a c\u00e0rrec d\u2019Aljub que presentaran el disc 16 anys en 16 can\u00e7ons grup que, al llarg de la seua traject\u00f2ria ha actuat en diverses parts d&#8217;Europa i que compta amb tres discos a l&#8217;esquena, un grup en el qual es poden descobrir sonoritats orientals, ritmes d&#8217;amalgama i sols instrumentals en un espectacle molt acollidor i de gran bellesa.<\/span><\/p>\n<p style=\"text-align: justify;\"><span style=\"color: #003366;\">Finalment, i com a remat de la festa, des del carrer d\u2019Alacant, tindr\u00e0 lloc el correfoc a c\u00e0rrec de la Colla de Dimonis Armidam d\u2019Aielo de Malferit.<\/span><\/p>\n","protected":false},"excerpt":{"rendered":"<p>Diputaci\u00f3n de Valencia, 25\/julio\/2019. La fiesta del folklore valenciano llega a Montaverner \u2018d\u2019Arrel\u2019, el encuentro de m\u00fasica, canciones y bailes t\u00edpicos valencianos de la Diputaci\u00f3 llega el s\u00e1bado 27 a La Vall d\u2019Albaida\u00a0 \u2018D\u2019Arrel\u2019, el encuentro de m\u00fasica, canciones y bailes valencianos de la Diputaci\u00f3 llega este s\u00e1bado, 27 de julio, a Montaverner. El municipio [&hellip;]<\/p>\n","protected":false},"author":1,"featured_media":0,"comment_status":"closed","ping_status":"open","sticky":false,"template":"","format":"standard","meta":{"_monsterinsights_skip_tracking":false,"_monsterinsights_sitenote_active":false,"_monsterinsights_sitenote_note":"","_monsterinsights_sitenote_category":0},"categories":[16,12],"tags":[],"_links":{"self":[{"href":"http:\/\/www.portaldelolleria.es\/index.php?rest_route=\/wp\/v2\/posts\/23236"}],"collection":[{"href":"http:\/\/www.portaldelolleria.es\/index.php?rest_route=\/wp\/v2\/posts"}],"about":[{"href":"http:\/\/www.portaldelolleria.es\/index.php?rest_route=\/wp\/v2\/types\/post"}],"author":[{"embeddable":true,"href":"http:\/\/www.portaldelolleria.es\/index.php?rest_route=\/wp\/v2\/users\/1"}],"replies":[{"embeddable":true,"href":"http:\/\/www.portaldelolleria.es\/index.php?rest_route=%2Fwp%2Fv2%2Fcomments&post=23236"}],"version-history":[{"count":3,"href":"http:\/\/www.portaldelolleria.es\/index.php?rest_route=\/wp\/v2\/posts\/23236\/revisions"}],"predecessor-version":[{"id":23239,"href":"http:\/\/www.portaldelolleria.es\/index.php?rest_route=\/wp\/v2\/posts\/23236\/revisions\/23239"}],"wp:attachment":[{"href":"http:\/\/www.portaldelolleria.es\/index.php?rest_route=%2Fwp%2Fv2%2Fmedia&parent=23236"}],"wp:term":[{"taxonomy":"category","embeddable":true,"href":"http:\/\/www.portaldelolleria.es\/index.php?rest_route=%2Fwp%2Fv2%2Fcategories&post=23236"},{"taxonomy":"post_tag","embeddable":true,"href":"http:\/\/www.portaldelolleria.es\/index.php?rest_route=%2Fwp%2Fv2%2Ftags&post=23236"}],"curies":[{"name":"wp","href":"https:\/\/api.w.org\/{rel}","templated":true}]}}