{"id":2332,"date":"2013-02-20T10:28:07","date_gmt":"2013-02-20T09:28:07","guid":{"rendered":"http:\/\/www.portaldelolleria.es\/?p=2332"},"modified":"2013-02-20T10:28:07","modified_gmt":"2013-02-20T09:28:07","slug":"el-ayuntamiento-organiza-un-taller-de-diseno-grafico","status":"publish","type":"post","link":"http:\/\/www.portaldelolleria.es\/?p=2332","title":{"rendered":"El Ayuntamiento organiza un taller de dise\u00f1o gr\u00e1fico"},"content":{"rendered":"<p><a href=\"http:\/\/www.portaldelolleria.es\/wp-content\/uploads\/2013\/02\/disenografico.jpg\"><img loading=\"lazy\" class=\"aligncenter size-full wp-image-2334\" title=\"disenografico\" src=\"http:\/\/www.portaldelolleria.es\/wp-content\/uploads\/2013\/02\/disenografico.jpg\" alt=\"\" width=\"598\" height=\"398\" srcset=\"http:\/\/www.portaldelolleria.es\/wp-content\/uploads\/2013\/02\/disenografico.jpg 598w, http:\/\/www.portaldelolleria.es\/wp-content\/uploads\/2013\/02\/disenografico-300x199.jpg 300w\" sizes=\"(max-width: 598px) 100vw, 598px\" \/><\/a>El nivel es b\u00e1sico con una duraci\u00f3n de 20 horas<\/p>\n<p>El Ayuntamiento de L&#8217;Olleria a trav\u00e9s de la concejal\u00eda de Promoci\u00f3n Econ\u00f3mica ha organizado un taller de dise\u00f1o gr\u00e1fico tal y como ha informado el concejal del \u00e1rea, Jes\u00fas Engo quien ha explicado que \u00abeste taller es de nivel b\u00e1sico y al igual que el de alem\u00e1n las plazas se han limitado a 15 alumnos, en cuanto a la duraci\u00f3n es de 20 horas impartidas lunes, viernes y mi\u00e9rcoles \u00aba\u00f1adiendo que\u00bb se iniciar\u00e1 el cuatro de marzo finalizando el catorce de abril por lo que todas aquellas personas que est\u00e9n interesadas pueden solicitar el curso, que tiene un precio de 30 euros, hasta el uno de marzo \u00ab.<\/p>\n<p>Igualmente, el concejal ha destacado que \u00abeste es el primero de los tres que tenemos previstos realizar y que ser\u00e1n de nivel intermedio y avanzado\u00bb.<\/p>\n<p>Las clases se impartir\u00e1n en el aula de inform\u00e1tica de la Escuela Permanente de Adultos. Para m\u00e1s informaci\u00f3n y reserva de plazas ponerse en contacto con el AEDL del Ayuntamiento de L&#8217;Olleria.<\/p>\n<p>&nbsp;<\/p>\n<p><a href=\"http:\/\/www.portaldelolleria.es\/wp-content\/uploads\/2013\/02\/carteldise\u00f1o.jpg\"><img loading=\"lazy\" class=\"aligncenter size-full wp-image-2333\" title=\"carteldise\u00f1o\" src=\"http:\/\/www.portaldelolleria.es\/wp-content\/uploads\/2013\/02\/carteldise\u00f1o.jpg\" alt=\"\" width=\"598\" height=\"844\" srcset=\"http:\/\/www.portaldelolleria.es\/wp-content\/uploads\/2013\/02\/carteldise\u00f1o.jpg 598w, http:\/\/www.portaldelolleria.es\/wp-content\/uploads\/2013\/02\/carteldise\u00f1o-212x300.jpg 212w\" sizes=\"(max-width: 598px) 100vw, 598px\" \/><\/a><\/p>\n","protected":false},"excerpt":{"rendered":"<p>El nivel es b\u00e1sico con una duraci\u00f3n de 20 horas El Ayuntamiento de L&#8217;Olleria a trav\u00e9s de la concejal\u00eda de Promoci\u00f3n Econ\u00f3mica ha organizado un taller de dise\u00f1o gr\u00e1fico tal y como ha informado el concejal del \u00e1rea, Jes\u00fas Engo quien ha explicado que \u00abeste taller es de nivel b\u00e1sico y al igual que el [&hellip;]<\/p>\n","protected":false},"author":2,"featured_media":0,"comment_status":"closed","ping_status":"open","sticky":false,"template":"","format":"standard","meta":{"_monsterinsights_skip_tracking":false,"_monsterinsights_sitenote_active":false,"_monsterinsights_sitenote_note":"","_monsterinsights_sitenote_category":0},"categories":[11,12],"tags":[182,462,556,20],"_links":{"self":[{"href":"http:\/\/www.portaldelolleria.es\/index.php?rest_route=\/wp\/v2\/posts\/2332"}],"collection":[{"href":"http:\/\/www.portaldelolleria.es\/index.php?rest_route=\/wp\/v2\/posts"}],"about":[{"href":"http:\/\/www.portaldelolleria.es\/index.php?rest_route=\/wp\/v2\/types\/post"}],"author":[{"embeddable":true,"href":"http:\/\/www.portaldelolleria.es\/index.php?rest_route=\/wp\/v2\/users\/2"}],"replies":[{"embeddable":true,"href":"http:\/\/www.portaldelolleria.es\/index.php?rest_route=%2Fwp%2Fv2%2Fcomments&post=2332"}],"version-history":[{"count":1,"href":"http:\/\/www.portaldelolleria.es\/index.php?rest_route=\/wp\/v2\/posts\/2332\/revisions"}],"predecessor-version":[{"id":2335,"href":"http:\/\/www.portaldelolleria.es\/index.php?rest_route=\/wp\/v2\/posts\/2332\/revisions\/2335"}],"wp:attachment":[{"href":"http:\/\/www.portaldelolleria.es\/index.php?rest_route=%2Fwp%2Fv2%2Fmedia&parent=2332"}],"wp:term":[{"taxonomy":"category","embeddable":true,"href":"http:\/\/www.portaldelolleria.es\/index.php?rest_route=%2Fwp%2Fv2%2Fcategories&post=2332"},{"taxonomy":"post_tag","embeddable":true,"href":"http:\/\/www.portaldelolleria.es\/index.php?rest_route=%2Fwp%2Fv2%2Ftags&post=2332"}],"curies":[{"name":"wp","href":"https:\/\/api.w.org\/{rel}","templated":true}]}}