{"id":23494,"date":"2019-09-26T18:53:30","date_gmt":"2019-09-26T16:53:30","guid":{"rendered":"http:\/\/www.portaldelolleria.es\/?p=23494"},"modified":"2019-09-26T18:53:30","modified_gmt":"2019-09-26T16:53:30","slug":"reunion-del-consell-con-los-alcaldes-de-las-zonas-afectadas-por-el-temporal","status":"publish","type":"post","link":"http:\/\/www.portaldelolleria.es\/?p=23494","title":{"rendered":"Reuni\u00f3n del Consell con los alcaldes de las zonas afectadas por el temporal."},"content":{"rendered":"<p><a href=\"http:\/\/www.portaldelolleria.es\/wp-content\/uploads\/2019\/09\/XIMO1.jpg\"><img loading=\"lazy\" class=\"aligncenter size-full wp-image-23495\" title=\"XIMO1\" src=\"http:\/\/www.portaldelolleria.es\/wp-content\/uploads\/2019\/09\/XIMO1.jpg\" alt=\"\" width=\"598\" height=\"396\" srcset=\"http:\/\/www.portaldelolleria.es\/wp-content\/uploads\/2019\/09\/XIMO1.jpg 598w, http:\/\/www.portaldelolleria.es\/wp-content\/uploads\/2019\/09\/XIMO1-300x198.jpg 300w\" sizes=\"(max-width: 598px) 100vw, 598px\" \/><\/a><\/p>\n<p>&nbsp;<\/p>\n<p>&nbsp;<\/p>\n<div><strong>El Consell trabaja en un plan de reconstrucci\u00f3n agraria e industrial para paliar los da\u00f1os del temporal en La Costera y la Vall d&#8217;Albaida<\/strong><\/div>\n<div><span style=\"color: #333333;\"><em>GVA 26\/09\/2019<\/em><\/span><\/div>\n<p><strong><br \/>\n&#8211; La consellera de Justicia traslada a los alcaldes que contar\u00e1n con todo el apoyo t\u00e9cnico de la Generalitat para evaluar los da\u00f1os y recuperar cuanto antes la normalidad<\/strong><\/p>\n<p>Val\u00e8ncia.El Consell ha empezado a trabajar en la confecci\u00f3n de un plan especial de reconstrucci\u00f3n agraria e industrial para los municipios de las comarcas de La Costera y de la Vall d&#8217;Albaida que sufrieron da\u00f1os a causa del temporal de entre el 11 y el 14 de septiembre. As\u00ed lo ha asegurado este jueves la consellera de Justicia, Interior y Administraci\u00f3n P\u00fablica, Gabriela Bravo, tras una reuni\u00f3n que ha mantenido, junto al president de la Generalitat, Ximo Puig, con los alcaldes de los ayuntamientos afectados.<\/p>\n<p>Al t\u00e9rmino de la reuni\u00f3n, Bravo ha explicado que el temporal \u00abha tenido unas consecuencias distintas\u00bb en la provincia de Valencia respecto a la de Alicante. En el caso de las comarcas de La Costera y la Vall d&#8217;Albaida, se han registrado m\u00e1s da\u00f1os en las infraestructuras agrarias e industriales, pero ha habido menor afectaci\u00f3n en viviendas. Por ello, la consellera ha explicado que \u00abahora mismo, estamos centrados en las personas para que puedan volver a sus casas\u00bb y posteriormente se desarrollar\u00e1n las acciones del Consell \u00abpara que estos pueblos puedan recuperar su actividad econ\u00f3mica normal lo antes posible\u00bb.<\/p>\n<p>Para ello, el Consell reclamar\u00e1 a los alcaldes \u00abtoda la informaci\u00f3n\u00bb sobre el estado en el que han quedado sus infraestructuras agrarias e industriales, as\u00ed como los da\u00f1os en veh\u00edculos y otros equipamientos \u00abpara que podamos plantear qu\u00e9 tipos de ayuda necesitan\u00bb.<\/p>\n<p>En este sentido, la consellera Bravo ha dicho que los alcaldes han sido informados de que tienen un plazo de 15 d\u00edas para solicitar ayudas para afrontar los gastos extraordinarios que tuvieron que asumir durante los d\u00edas del temporal y que es un procedimiento \u00abr\u00e1pido y sencillo\u00bb para evitar un quebranto importante en el estado de las arcas municipales. \u00abLuego -ha dicho la consellera- \u00abtienen un plazo de 45 d\u00edas, que es un tiempo razonable, para poder presentar toda la relaci\u00f3n de da\u00f1os y las tasaciones periciales correspondientes para acceder a las ayudas especiales\u00bb.<\/p>\n<p>___________________________________<\/p>\n<p><strong><span style=\"color: #003366;\">El Consell treballa en un pla de reconstrucci\u00f3 agr\u00e0ria i industrial per pal\u00b7liar els danys del temporal a la Costera i la Vall d&#8217;Albaida<\/span><\/strong><br \/>\n<span style=\"color: #003366;\">2019.09.26<\/span><\/p>\n<p><span style=\"color: #003366;\">&#8211; La consellera de Just\u00edcia trasllada als alcaldes que comptaran amb tot el suport t\u00e8cnic de la Generalitat per avaluar els danys i recuperar com m\u00e9s aviat la normalitat<\/span><\/p>\n<p><span style=\"color: #003366;\">Val\u00e8ncia. El Consell ha comen\u00e7at a treballar en la confecci\u00f3 d&#8217;un pla especial de reconstrucci\u00f3 agr\u00e0ria i industrial per als municipis de les comarques de la Costera i de la Vall d&#8217;Albaida que van patir danys a causa del temporal d&#8217;entre el 11 i el 14 de setembre . Aix\u00ed ho ha assegurat aquest dijous la consellera de Just\u00edcia, Interior i Administraci\u00f3 P\u00fablica, Gabriela Bravo, despr\u00e9s d&#8217;una reuni\u00f3 que ha mantingut, al costat del president de la Generalitat, Ximo Puig, amb els alcaldes dels ajuntaments afectats.<\/span><\/p>\n<p><span style=\"color: #003366;\">Al final de la reuni\u00f3, Bravo ha explicat que el temporal \u00abha tingut unes conseq\u00fc\u00e8ncies diferents\u00bb a la prov\u00edncia de Val\u00e8ncia respecte a la d&#8217;Alacant. En el cas de les comarques de la Costera i la Vall d&#8217;Albaida, s&#8217;han registrat m\u00e9s danys en les infraestructures agr\u00e0ries i industrials, per\u00f2 hi ha hagut menys afectaci\u00f3 en habitatges. Per aix\u00f2, la consellera ha explicat que \u00abara mateix, estem centrats en les persones perqu\u00e8 puguin tornar a casa\u00bb i posteriorment es desenvoluparan les accions del Consell \u00abperqu\u00e8 aquests pobles puguin recuperar la seva activitat econ\u00f2mica normal el m\u00e9s aviat possible\u00bb.<\/span><\/p>\n<p><span style=\"color: #003366;\">Per aix\u00f2, el Consell reclamar\u00e0 als alcaldes \u00abtota la informaci\u00f3\u00bb sobre l&#8217;estat en qu\u00e8 han quedat les seves infraestructures agr\u00e0ries i industrials, aix\u00ed com els danys en vehicles i altres equipaments \u00abperqu\u00e8 puguem plantejar quins tipus d&#8217;ajuda necessiten\u00bb.<\/span><\/p>\n<p><span style=\"color: #003366;\">En aquest sentit, la consellera Bravo ha dit que els alcaldes han estat informats que tenen un termini de 15 dies per a sol\u00b7licitar ajudes per afrontar les despeses extraordin\u00e0ries que van haver d&#8217;assumir durant els dies del temporal i que \u00e9s un procediment \u00abr\u00e0pid i senzill\u00bb per evitar un trencament important en l&#8217;estat de les arques municipals. \u00abDespr\u00e9s -ha dit la consellera-\u00bb tenen un termini de 45 dies, que \u00e9s un temps raonable, per poder presentar tota la relaci\u00f3 de danys i les taxacions pericials corresponents per accedir als ajuts especials \u00ab.<\/span><\/p>\n<p>&nbsp;<\/p>\n<p>publicaciones en el dogv y el boe:<\/p>\n<p><a href=\"https:\/\/l.facebook.com\/l.php?u=http%3A%2F%2Fwww.dogv.gva.es%2Fdatos%2F2019%2F09%2F20%2Fpdf%2F2019_8958.pdf%3Ffbclid%3DIwAR0ACGFkUiM4JbTntw7_mfRTIY5NCGj9oWtzyuh9zco8jae47u0CZqjT9B0&amp;h=AT2_yUSC2maAjQCmZoJzEtZaD5k6deBZU_SFuVNFVNCSq4S-jwctrDr5CExnE1u5rv9yXrAMeyAe68Nnencit_0bd81ywPL1cSGgvDHS1UQfPCsZqrtE64UKz8Mgbjfzrs5c6iQsTxxNOtqDN7_D3X53GEhoP73NGjkyfRvLt8fW4AjWuZiefpALKU78YmH65r8sZ9Aj84vHsKBbtO9FlNPAKZL1N9Edf7u9HgIs3Lk0Ic-sNV02ZX0PQS3eABFjAUqJs83W1qG6ySdDIYM3epUiIGDgPVJbTCqwjdkHz9NR4LPDLfnvnkaXAQhSfr5pe2NRRdhIxxCvjmDk9ZKecftXWtT7GhhVEaa6d31U2scpHkIbyYCbQHaCyoxHSkV0r1eTOtDF2qXMX4tkEmArkxrZanFUCZdIBEvBGmek5LhGF4tPyCB5AO1hqUL7wK1bvQ9iRVPhSzz8pjXWexgJxDDaKKxNcjTcox8U7Q6vZL8_AZBY8B63jYcwTCKOj0TVY1LuhEEvlNLGMG52HyGFisDbpe2pobW7a20tFemcS6YRuX8SQsx70ye-3SF0RFYvHFcRvgrOYBNYO9UarHEKQiFaz2i-5fnbeUsj_3P4BC0UROHqi7UI5qbvFOY3x6OV6GlHKRBF23zNssIJzo5KPKwUl-ZZitQ8Dhcwvlwsd6U\" rel=\"noopener nofollow\" target=\"_blank\" data-ft=\"{&quot;tn&quot;:&quot;-U&quot;}\" data-lynx-mode=\"async\">http:\/\/www.dogv.gva.es\/datos\/2019\/09\/20\/pdf\/2019_8958.pdf<\/a><\/p>\n<p><a href=\"https:\/\/www.boe.es\/boe\/dias\/2019\/09\/21\/pdfs\/BOE-A-2019-13409.pdf?fbclid=IwAR1OuhpzjutrRUZqAcRPoF4xAjWCVHqGfMOFCCYWVMfXsSY-zKT85rTu1TE\" rel=\"noopener nofollow\" target=\"_blank\" data-ft=\"{&quot;tn&quot;:&quot;-U&quot;}\" data-lynx-mode=\"async\" data-lynx-uri=\"https:\/\/l.facebook.com\/l.php?u=https%3A%2F%2Fwww.boe.es%2Fboe%2Fdias%2F2019%2F09%2F21%2Fpdfs%2FBOE-A-2019-13409.pdf%3Ffbclid%3DIwAR1OuhpzjutrRUZqAcRPoF4xAjWCVHqGfMOFCCYWVMfXsSY-zKT85rTu1TE&amp;h=AT3ycK9NsJmUw6SSZuoasOwyo-UL6EmcTqo4chHhBRFWqnzWBpP2bNsbgRY-6dy8a5oQpxTpiIANXEfDVktDS2WhBO9uc5Tczo7b--PFFZPObPZ8QhS2_IVmawyVUbXjVspz9PrJ2j_Jb-VQHt3Rfw_0XzlO0j9oXyqMH2oyDm6G34O4tAutqZz55fqaVxRfpzMd2pkXM7tHmrgjfK18aQ8hky5J_Kf8hpIG3sMxRjwDK_YQ4F8FeOep0TujMXtwVDnSKzkCAdcEJjELy43lTm4-fnqYiCgfoYFv8TSQEA-cXpZb0DDiqH5f7w5ge7WtKo-Pm2Do2pO8SUFGRxz4VWd7sHZlXzdFyObsRlCNUw2V1scVReSgAMknSPtxFc2ubRSquCa6sQvo__0KPEGsWeBbcKAw94lEeC0Gy4L7d-iBp4iz3n_ixfxi9C16xxAQhdFFT2HBr0DXjas988diWLXBUI-cGNHzvj0nlPCe1lqCgAQ7waf711f-i258hPQ03aiekuT_4yh65uxfk1camkNtTpFzUFYl1a4P7ursiyFQsTBVmM8FtYjz7l3W4ROdBizK62f9w-pfdxTumbIij6jq_q4ZUJlIstaFnffLX8bPI5435IcHrHEcH0o7PzQ--MTFVi2Wa76otrtPKKuR8nNmn5Y2Aj2RbuP6N4iidTc\">https:\/\/www.boe.es\/\u2026\/d\u2026\/2019\/09\/21\/pdfs\/BOE-A-2019-13409.pdf<\/a><\/p>\n","protected":false},"excerpt":{"rendered":"<p>&nbsp; &nbsp; El Consell trabaja en un plan de reconstrucci\u00f3n agraria e industrial para paliar los da\u00f1os del temporal en La Costera y la Vall d&#8217;Albaida GVA 26\/09\/2019 &#8211; La consellera de Justicia traslada a los alcaldes que contar\u00e1n con todo el apoyo t\u00e9cnico de la Generalitat para evaluar los da\u00f1os y recuperar cuanto antes [&hellip;]<\/p>\n","protected":false},"author":1,"featured_media":0,"comment_status":"closed","ping_status":"open","sticky":false,"template":"","format":"standard","meta":{"_monsterinsights_skip_tracking":false,"_monsterinsights_sitenote_active":false,"_monsterinsights_sitenote_note":"","_monsterinsights_sitenote_category":0},"categories":[171,12],"tags":[],"_links":{"self":[{"href":"http:\/\/www.portaldelolleria.es\/index.php?rest_route=\/wp\/v2\/posts\/23494"}],"collection":[{"href":"http:\/\/www.portaldelolleria.es\/index.php?rest_route=\/wp\/v2\/posts"}],"about":[{"href":"http:\/\/www.portaldelolleria.es\/index.php?rest_route=\/wp\/v2\/types\/post"}],"author":[{"embeddable":true,"href":"http:\/\/www.portaldelolleria.es\/index.php?rest_route=\/wp\/v2\/users\/1"}],"replies":[{"embeddable":true,"href":"http:\/\/www.portaldelolleria.es\/index.php?rest_route=%2Fwp%2Fv2%2Fcomments&post=23494"}],"version-history":[{"count":1,"href":"http:\/\/www.portaldelolleria.es\/index.php?rest_route=\/wp\/v2\/posts\/23494\/revisions"}],"predecessor-version":[{"id":23496,"href":"http:\/\/www.portaldelolleria.es\/index.php?rest_route=\/wp\/v2\/posts\/23494\/revisions\/23496"}],"wp:attachment":[{"href":"http:\/\/www.portaldelolleria.es\/index.php?rest_route=%2Fwp%2Fv2%2Fmedia&parent=23494"}],"wp:term":[{"taxonomy":"category","embeddable":true,"href":"http:\/\/www.portaldelolleria.es\/index.php?rest_route=%2Fwp%2Fv2%2Fcategories&post=23494"},{"taxonomy":"post_tag","embeddable":true,"href":"http:\/\/www.portaldelolleria.es\/index.php?rest_route=%2Fwp%2Fv2%2Ftags&post=23494"}],"curies":[{"name":"wp","href":"https:\/\/api.w.org\/{rel}","templated":true}]}}