{"id":23514,"date":"2019-09-27T19:07:26","date_gmt":"2019-09-27T17:07:26","guid":{"rendered":"http:\/\/www.portaldelolleria.es\/?p=23514"},"modified":"2019-09-27T21:28:36","modified_gmt":"2019-09-27T19:28:36","slug":"el-ayuntamiento-estrena-vehiculo-electrico","status":"publish","type":"post","link":"http:\/\/www.portaldelolleria.es\/?p=23514","title":{"rendered":"El Ayuntamiento estrena vehiculo el\u00e9ctrico"},"content":{"rendered":"<p><a href=\"http:\/\/www.portaldelolleria.es\/wp-content\/uploads\/2019\/09\/ELECTRICO.jpg\"><img loading=\"lazy\" class=\"aligncenter size-full wp-image-23516\" title=\"ELECTRICO\" src=\"http:\/\/www.portaldelolleria.es\/wp-content\/uploads\/2019\/09\/ELECTRICO.jpg\" alt=\"\" width=\"598\" height=\"396\" srcset=\"http:\/\/www.portaldelolleria.es\/wp-content\/uploads\/2019\/09\/ELECTRICO.jpg 598w, http:\/\/www.portaldelolleria.es\/wp-content\/uploads\/2019\/09\/ELECTRICO-300x198.jpg 300w\" sizes=\"(max-width: 598px) 100vw, 598px\" \/><\/a><\/p>\n<p>El Ayuntamiento de l&#8217;Olleria ha incorporado a su parque m\u00f3vil el primer vehiculo el\u00e9ctrico de la flota,\u00a0 una furgoneta Renault subvencionada en parte por la Diputaci\u00f3n de Valencia.\u00a0 La cual tambi\u00e9n ha participado en la instalaci\u00f3n del doble punto de recarga situado en la Av Parque Ferreres.\u00a0\u00a0 La recarga en este punto es gratuita,\u00a0 con lo que se intenta incentivar el uso de este tipo de vehiculo en la poblaci\u00f3n.<\/p>\n<p>____________________<\/p>\n<div>\n<div>\n<div><span style=\"color: #000080;\">L&#8217;Ajuntament de l&#8217;Olleria ha incorporat al seu parc m\u00f2bil el primer vehicle el\u00e8ctric de la flota, una furgoneta Renault subvencionada en part, per la Diputaci\u00f3 de Val\u00e8ncia. La qual tamb\u00e9 ha participat en la instal\u00b7laci\u00f3 del doble punt de rec\u00e0rrega situat a l&#8217;Av Parc Ferreres. La rec\u00e0rrega en aquest punt \u00e9s gratu\u00efta, amb el que s&#8217;intenta incentivar l&#8217;\u00fas d&#8217;aquest tipus de vehicle en la poblaci\u00f3.<\/span><\/div>\n<\/div>\n<div><a href=\"http:\/\/www.portaldelolleria.es\/wp-content\/uploads\/2019\/09\/ELECTRICO2.jpg\"><img loading=\"lazy\" class=\"aligncenter size-full wp-image-23515\" title=\"ELECTRICO2\" src=\"http:\/\/www.portaldelolleria.es\/wp-content\/uploads\/2019\/09\/ELECTRICO2.jpg\" alt=\"\" width=\"598\" height=\"368\" srcset=\"http:\/\/www.portaldelolleria.es\/wp-content\/uploads\/2019\/09\/ELECTRICO2.jpg 598w, http:\/\/www.portaldelolleria.es\/wp-content\/uploads\/2019\/09\/ELECTRICO2-300x184.jpg 300w\" sizes=\"(max-width: 598px) 100vw, 598px\" \/><\/a><\/div>\n<\/div>\n","protected":false},"excerpt":{"rendered":"<p>El Ayuntamiento de l&#8217;Olleria ha incorporado a su parque m\u00f3vil el primer vehiculo el\u00e9ctrico de la flota,\u00a0 una furgoneta Renault subvencionada en parte por la Diputaci\u00f3n de Valencia.\u00a0 La cual tambi\u00e9n ha participado en la instalaci\u00f3n del doble punto de recarga situado en la Av Parque Ferreres.\u00a0\u00a0 La recarga en este punto es gratuita,\u00a0 con [&hellip;]<\/p>\n","protected":false},"author":1,"featured_media":0,"comment_status":"closed","ping_status":"open","sticky":false,"template":"","format":"standard","meta":{"_monsterinsights_skip_tracking":false,"_monsterinsights_sitenote_active":false,"_monsterinsights_sitenote_note":"","_monsterinsights_sitenote_category":0},"categories":[171,12],"tags":[],"_links":{"self":[{"href":"http:\/\/www.portaldelolleria.es\/index.php?rest_route=\/wp\/v2\/posts\/23514"}],"collection":[{"href":"http:\/\/www.portaldelolleria.es\/index.php?rest_route=\/wp\/v2\/posts"}],"about":[{"href":"http:\/\/www.portaldelolleria.es\/index.php?rest_route=\/wp\/v2\/types\/post"}],"author":[{"embeddable":true,"href":"http:\/\/www.portaldelolleria.es\/index.php?rest_route=\/wp\/v2\/users\/1"}],"replies":[{"embeddable":true,"href":"http:\/\/www.portaldelolleria.es\/index.php?rest_route=%2Fwp%2Fv2%2Fcomments&post=23514"}],"version-history":[{"count":6,"href":"http:\/\/www.portaldelolleria.es\/index.php?rest_route=\/wp\/v2\/posts\/23514\/revisions"}],"predecessor-version":[{"id":23522,"href":"http:\/\/www.portaldelolleria.es\/index.php?rest_route=\/wp\/v2\/posts\/23514\/revisions\/23522"}],"wp:attachment":[{"href":"http:\/\/www.portaldelolleria.es\/index.php?rest_route=%2Fwp%2Fv2%2Fmedia&parent=23514"}],"wp:term":[{"taxonomy":"category","embeddable":true,"href":"http:\/\/www.portaldelolleria.es\/index.php?rest_route=%2Fwp%2Fv2%2Fcategories&post=23514"},{"taxonomy":"post_tag","embeddable":true,"href":"http:\/\/www.portaldelolleria.es\/index.php?rest_route=%2Fwp%2Fv2%2Ftags&post=23514"}],"curies":[{"name":"wp","href":"https:\/\/api.w.org\/{rel}","templated":true}]}}