{"id":23557,"date":"2019-10-02T19:22:58","date_gmt":"2019-10-02T17:22:58","guid":{"rendered":"http:\/\/www.portaldelolleria.es\/?p=23557"},"modified":"2019-10-02T19:24:30","modified_gmt":"2019-10-02T17:24:30","slug":"andreu-valor-en-concierto-fase-de-metamorfosis-de-poemitzat-a-insurrecte","status":"publish","type":"post","link":"http:\/\/www.portaldelolleria.es\/?p=23557","title":{"rendered":"Andreu Valor en concierto. Fase de metamorf\u00f3sis, de \u00abPoemitza&#8217;t\u00bb a \u00abInsurrecte\u00bb"},"content":{"rendered":"<p><a href=\"http:\/\/www.portaldelolleria.es\/wp-content\/uploads\/2019\/10\/av2.jpg\"><img loading=\"lazy\" class=\"aligncenter size-full wp-image-23559\" title=\"av2\" src=\"http:\/\/www.portaldelolleria.es\/wp-content\/uploads\/2019\/10\/av2.jpg\" alt=\"\" width=\"598\" height=\"396\" srcset=\"http:\/\/www.portaldelolleria.es\/wp-content\/uploads\/2019\/10\/av2.jpg 598w, http:\/\/www.portaldelolleria.es\/wp-content\/uploads\/2019\/10\/av2-300x198.jpg 300w\" sizes=\"(max-width: 598px) 100vw, 598px\" \/><\/a><\/p>\n<p><strong>Andreu Valor en concierto. Fase de metamorf\u00f3sis, de \u00abPoemitza&#8217;t\u00bb a \u00abInsurrecte\u00bb<\/strong><\/p>\n<p>S\u00e1bado 5 de octubre\u00a0 Teatro Cervantes, 19 h<\/p>\n<p>&nbsp;<\/p>\n<p><strong>Biograf\u00eda:<\/strong><\/p>\n<p>En 2000 cre\u00f3, junto a otros compa\u00f1eros, su primer grupo, con el que se inici\u00f3 en el mundo de la m\u00fasica a lo largo de ocho a\u00f1os. En 2008 decidi\u00f3 trabajar en solitario tras la disoluci\u00f3n del grupo y empez\u00f3 a componer y presentar en peque\u00f1os conciertos sus propios temas, caracterizados por reflejar la actualidad y con un comentario social.<\/p>\n<p>En 2010 edita con la discogr\u00e1fica M\u00e9sdemil su primer \u00e1lbum, <em>En les nostres mans<\/em>. Tras la buena acogida del primer disco, public\u00f3 un segundo trabajo discogr\u00e1fico en solitario en 2012, <em>A l&#8217;ombra de l&#8217;obscuritat<\/em>, un disco inspirado en sus actuaciones en el escenario.\u200b<\/p>\n<p>En 2013, Andreu Valor edita un tercer disco, <em>Malgrat la pluja<\/em>, en colaboraci\u00f3n con el guitarrista Eduardo \u00abTata\u00bb Bates, con canciones basadas en la tem\u00e1tica social.\u200b En 2015 present\u00f3 un nuevo trabajo, <em>Coinspiracions<\/em>, junto a Joan Am\u00e8ric.\u200b<\/p>\n<p>En 2016 public\u00f3 el disco <em>Bandaut\u00f2rium<\/em>, en colaboraci\u00f3n con la banda Santa Cecilia de l\u00b4Olleria; el t\u00edtulo del disco fue tambi\u00e9n el nombre de la gira que recorri\u00f3 Catalu\u00f1a y la Comunidad Valenciana, en escenarios como el Auditori de Barcelona o el Palacio de la M\u00fasica, la plaza de toros y el Teatre Principal de Valencia, o el Teatre Principal de Castell\u00f3n.\u200b Dos a\u00f1os m\u00e1s tarde, en 2018, edit\u00f3 <em>Poemitza&#8217;t<\/em>.\u200b El recopilatorio de su labor durante estos a\u00f1os lleva el t\u00edtulo de <em>Un concert de 10 anys<\/em> (2018)<\/p>\n<p>________________________________<\/p>\n<p><strong><span style=\"color: #003366;\">Andreu Valor en concert. Fase d&#8217;metamorfosi, de \u00abPoemitza&#8217;t a Insurrecte\u00bb<\/span><\/strong><\/p>\n<p><span style=\"color: #003366;\">Dissabte 5 d&#8217;octubre Teatre Cervantes, 19 h<\/span><\/p>\n<p><span style=\"color: #003366;\">Biografia:<\/span><\/p>\n<p><span style=\"color: #003366;\">El 2000 va crear, juntament amb altres companys, el seu primer grup, amb el qual es va iniciar en el m\u00f3n de la m\u00fasica al llarg de vuit anys. El 2008 va decidir treballar en solitari despr\u00e9s de la dissoluci\u00f3 del grup i va comen\u00e7ar a compondre i presentar en petits concerts seus propis temes, caracteritzats per reflectir l&#8217;actualitat i amb un comentari social.<\/span><\/p>\n<p><span style=\"color: #003366;\">El 2010 edita amb la discogr\u00e0fica M\u00e9sdemil seu primer \u00e0lbum, en les nostres mans. Despr\u00e9s de la bona acollida del primer disc, va publicar un segon treball discogr\u00e0fic en solitari en 2012, A l&#8217;ombra de l&#8217;obscuritat, un disc inspirat en les seves actuacions a l&#8217;escenari.<\/span><\/p>\n<p><span style=\"color: #003366;\">En 2013, Andreu Valor edita un tercer disc, Malgrat la pluja, en col\u00b7laboraci\u00f3 amb el guitarrista Eduardo \u00abTata\u00bb Bates, amb can\u00e7ons basades en la tem\u00e0tica social. El 2015 va presentar un nou treball, Coinspiracions, al costat de Joan Am\u00e8ric.<\/span><\/p>\n<p><span style=\"color: #003366;\">En 2016 va publicar el disc Bandaut\u00f2rium, en col\u00b7laboraci\u00f3 amb la banda Santa Cec\u00edlia de l&#8217;Olleria; el t\u00edtol del disc va ser tamb\u00e9 el nom de la gira que va rec\u00f3rrer Catalunya i la Comunitat Valenciana, en escenaris com l&#8217;Auditori de Barcelona o el Palau de la M\u00fasica, la pla\u00e7a de toros i el Teatre Principal de Val\u00e8ncia, o al Teatre Principal de Castell\u00f3 . Dos anys m\u00e9s tard, el 2018, va editar Poemitza&#8217;t. el recopilatori de la seva tasca durant aquests anys porta el t\u00edtol de Un concert de 10 anys (2018)<\/span><\/p>\n<p>&nbsp;<\/p>\n<p><a href=\"http:\/\/www.portaldelolleria.es\/wp-content\/uploads\/2019\/10\/av.jpg\"><img loading=\"lazy\" class=\"aligncenter size-full wp-image-23558\" title=\"av\" src=\"http:\/\/www.portaldelolleria.es\/wp-content\/uploads\/2019\/10\/av.jpg\" alt=\"\" width=\"598\" height=\"846\" srcset=\"http:\/\/www.portaldelolleria.es\/wp-content\/uploads\/2019\/10\/av.jpg 598w, http:\/\/www.portaldelolleria.es\/wp-content\/uploads\/2019\/10\/av-212x300.jpg 212w\" sizes=\"(max-width: 598px) 100vw, 598px\" \/><\/a>.<\/p>\n","protected":false},"excerpt":{"rendered":"<p>Andreu Valor en concierto. Fase de metamorf\u00f3sis, de \u00abPoemitza&#8217;t\u00bb a \u00abInsurrecte\u00bb S\u00e1bado 5 de octubre\u00a0 Teatro Cervantes, 19 h &nbsp; Biograf\u00eda: En 2000 cre\u00f3, junto a otros compa\u00f1eros, su primer grupo, con el que se inici\u00f3 en el mundo de la m\u00fasica a lo largo de ocho a\u00f1os. En 2008 decidi\u00f3 trabajar en solitario tras [&hellip;]<\/p>\n","protected":false},"author":1,"featured_media":0,"comment_status":"closed","ping_status":"open","sticky":false,"template":"","format":"standard","meta":{"_monsterinsights_skip_tracking":false,"_monsterinsights_sitenote_active":false,"_monsterinsights_sitenote_note":"","_monsterinsights_sitenote_category":0},"categories":[15,12],"tags":[],"_links":{"self":[{"href":"http:\/\/www.portaldelolleria.es\/index.php?rest_route=\/wp\/v2\/posts\/23557"}],"collection":[{"href":"http:\/\/www.portaldelolleria.es\/index.php?rest_route=\/wp\/v2\/posts"}],"about":[{"href":"http:\/\/www.portaldelolleria.es\/index.php?rest_route=\/wp\/v2\/types\/post"}],"author":[{"embeddable":true,"href":"http:\/\/www.portaldelolleria.es\/index.php?rest_route=\/wp\/v2\/users\/1"}],"replies":[{"embeddable":true,"href":"http:\/\/www.portaldelolleria.es\/index.php?rest_route=%2Fwp%2Fv2%2Fcomments&post=23557"}],"version-history":[{"count":2,"href":"http:\/\/www.portaldelolleria.es\/index.php?rest_route=\/wp\/v2\/posts\/23557\/revisions"}],"predecessor-version":[{"id":23561,"href":"http:\/\/www.portaldelolleria.es\/index.php?rest_route=\/wp\/v2\/posts\/23557\/revisions\/23561"}],"wp:attachment":[{"href":"http:\/\/www.portaldelolleria.es\/index.php?rest_route=%2Fwp%2Fv2%2Fmedia&parent=23557"}],"wp:term":[{"taxonomy":"category","embeddable":true,"href":"http:\/\/www.portaldelolleria.es\/index.php?rest_route=%2Fwp%2Fv2%2Fcategories&post=23557"},{"taxonomy":"post_tag","embeddable":true,"href":"http:\/\/www.portaldelolleria.es\/index.php?rest_route=%2Fwp%2Fv2%2Ftags&post=23557"}],"curies":[{"name":"wp","href":"https:\/\/api.w.org\/{rel}","templated":true}]}}