{"id":23562,"date":"2019-10-02T20:03:30","date_gmt":"2019-10-02T18:03:30","guid":{"rendered":"http:\/\/www.portaldelolleria.es\/?p=23562"},"modified":"2019-10-02T20:04:15","modified_gmt":"2019-10-02T18:04:15","slug":"teatres-de-la-llum-presenta-el-armario-de-mama","status":"publish","type":"post","link":"http:\/\/www.portaldelolleria.es\/?p=23562","title":{"rendered":"Teatres de la Llum presenta \u00abel armario de mam\u00e1\u00bb"},"content":{"rendered":"<p style=\"text-align: justify;\">\u00a0<a href=\"http:\/\/www.portaldelolleria.es\/wp-content\/uploads\/2019\/10\/LLUM1.jpg\"><img loading=\"lazy\" class=\"aligncenter size-full wp-image-23564\" title=\"LLUM1\" src=\"http:\/\/www.portaldelolleria.es\/wp-content\/uploads\/2019\/10\/LLUM1.jpg\" alt=\"\" width=\"598\" height=\"396\" srcset=\"http:\/\/www.portaldelolleria.es\/wp-content\/uploads\/2019\/10\/LLUM1.jpg 598w, http:\/\/www.portaldelolleria.es\/wp-content\/uploads\/2019\/10\/LLUM1-300x198.jpg 300w\" sizes=\"(max-width: 598px) 100vw, 598px\" \/><\/a><\/p>\n<p style=\"text-align: justify;\"><strong>\u00a0TEATRE DE LA LLUM presenta EL ARMARIO DE MAM\u00c1<\/strong><\/p>\n<p style=\"text-align: justify;\"><strong>Teatro Cervantes, domingo 6 de octubre, 18h<\/strong><\/p>\n<p style=\"text-align: justify;\">Teatro de sombras. P\u00fablico: familiar.<\/p>\n<h1 style=\"text-align: justify;\">El armario de mam\u00e1<\/h1>\n<div style=\"text-align: justify;\">Abril es un ni\u00f1o peque\u00f1o resbaladizo y esquivo como la lluvia de primavera y que guarda un secreto en su coraz\u00f3n rosa. El armario de mam\u00e1 nos cuenta a trav\u00e9s de los juegos del peque\u00f1o Abril como son los sue\u00f1os cuando no se pueden compartir, que significa \u00abEst\u00e1 prohibido\u00bb cuando lo dicen los mayores y los peque\u00f1os no lo entienden.A trav\u00e9s del lenguaje de la Luz descubrimos el universo que se esconde dentro del armario de mam\u00e1, y los objetos que all\u00ed habitan se transformaran para compartir un viaje lleno de ternura e imaginaci\u00f3n, vistos desde la \u00f3ptica del peque\u00f1o Abril y sobre todo de su inseparable amiga que nos ofrece una visi\u00f3n de la valent\u00eda de su amigo y la admiraci\u00f3n que despierta en ella retos como el coraje de enfrentarse a un drag\u00f3n o a la ropa que cada ma\u00f1ana ha de elegir.<\/div>\n<p style=\"text-align: justify;\">\u00a0T\u00edtulo: El armario de mam\u00e1 Compa\u00f1\u00eda: Teatres de la Llum Textos: Mariola Ponce Actores: Vicent Ortol\u00e0 Mariola Ponce EspacioEsc\u00e9nico: Vicent Ortol\u00e0 Construcci\u00f3nSiluetas: Yolanda Flowers Vicent Ortol\u00e0 Audios: Christian Feijoo (Pezen elagua) Direcci\u00f3n: Mariola Ponce<\/p>\n<p style=\"text-align: justify;\">________________________________<\/p>\n<p style=\"text-align: justify;\"><span style=\"color: #003366;\"><strong>\u00a0TEATRE DE LA LLUM presenta EL ARMARIO DE MAM\u00c1<\/strong><\/span><\/p>\n<p><span style=\"color: #003366;\">Teatre Cervantes, diumenge 6 d&#8217;octubre, 18h<\/span><\/p>\n<p><span style=\"color: #003366;\">Teatre d&#8217;ombres. P\u00fablic: familiar.<\/span><\/p>\n<p style=\"text-align: justify;\"><span style=\"color: #003366;\">EL ARMARIO DE MAM\u00c1<\/span><br \/>\n<span style=\"color: #003366;\">Abril \u00e9s un nen petit rellisc\u00f3s i esquiu com la pluja de primavera i que guarda un secret en el seu cor rosa. L&#8217;armari de la mare ens explica a trav\u00e9s dels jocs del petit Abril com s\u00f3n els somnis quan no es poden compartir, que significa \u00abEst\u00e0 prohibit\u00bb quan ho diuen els grans i els petits no ho entienden.A trav\u00e9s del llenguatge de la Llum descobrim l&#8217;univers que s&#8217;amaga dins l&#8217;armari de la mare, i els objectes que hi viuen es transformaran per compartir un viatge ple de tendresa i imaginaci\u00f3, vistos des de l&#8217;\u00f2ptica del petit abril i sobretot de la seva inseparable amiga que ens ofereix una visi\u00f3 de la valentia del seu amic i l&#8217;admiraci\u00f3 que desperta en ella reptes com el coratge d&#8217;enfrontar-se a un drac o la roba que cada mat\u00ed ha de triar.<\/span><\/p>\n<p><span style=\"color: #003366;\">\u00a0T\u00edtol: EL ARMARIO DE MAM\u00c1 Companyia: Teatres de la Llum Textos: Mariola Ponce Actors: Vicent Ortol\u00e0 Mariola Ponce EspacioEsc\u00e9nico: Vicent Ortol\u00e0 Construcci\u00f3nSiluetas: Yolanda Flowers Vicent Ortol\u00e0 \u00c0udios: Christian Feijoo (Pezen elagua) Direcci\u00f3: Mariola Ponce<\/span><\/p>\n<p><a href=\"http:\/\/www.portaldelolleria.es\/wp-content\/uploads\/2019\/10\/LLUM2.jpg\"><img loading=\"lazy\" class=\"aligncenter size-full wp-image-23563\" title=\"LLUM2\" src=\"http:\/\/www.portaldelolleria.es\/wp-content\/uploads\/2019\/10\/LLUM2.jpg\" alt=\"\" width=\"598\" height=\"846\" srcset=\"http:\/\/www.portaldelolleria.es\/wp-content\/uploads\/2019\/10\/LLUM2.jpg 598w, http:\/\/www.portaldelolleria.es\/wp-content\/uploads\/2019\/10\/LLUM2-212x300.jpg 212w\" sizes=\"(max-width: 598px) 100vw, 598px\" \/><\/a><br \/>\n<iframe loading=\"lazy\" src=\"https:\/\/www.youtube.com\/embed\/yKF4kc4CosE\" frameborder=\"0\" width=\"598\" height=\"369\"><\/iframe><br \/>\n&nbsp;<\/p>\n","protected":false},"excerpt":{"rendered":"<p>\u00a0 \u00a0TEATRE DE LA LLUM presenta EL ARMARIO DE MAM\u00c1 Teatro Cervantes, domingo 6 de octubre, 18h Teatro de sombras. P\u00fablico: familiar. El armario de mam\u00e1 Abril es un ni\u00f1o peque\u00f1o resbaladizo y esquivo como la lluvia de primavera y que guarda un secreto en su coraz\u00f3n rosa. El armario de mam\u00e1 nos cuenta a [&hellip;]<\/p>\n","protected":false},"author":1,"featured_media":0,"comment_status":"closed","ping_status":"open","sticky":false,"template":"","format":"standard","meta":{"_monsterinsights_skip_tracking":false,"_monsterinsights_sitenote_active":false,"_monsterinsights_sitenote_note":"","_monsterinsights_sitenote_category":0},"categories":[15],"tags":[],"_links":{"self":[{"href":"http:\/\/www.portaldelolleria.es\/index.php?rest_route=\/wp\/v2\/posts\/23562"}],"collection":[{"href":"http:\/\/www.portaldelolleria.es\/index.php?rest_route=\/wp\/v2\/posts"}],"about":[{"href":"http:\/\/www.portaldelolleria.es\/index.php?rest_route=\/wp\/v2\/types\/post"}],"author":[{"embeddable":true,"href":"http:\/\/www.portaldelolleria.es\/index.php?rest_route=\/wp\/v2\/users\/1"}],"replies":[{"embeddable":true,"href":"http:\/\/www.portaldelolleria.es\/index.php?rest_route=%2Fwp%2Fv2%2Fcomments&post=23562"}],"version-history":[{"count":2,"href":"http:\/\/www.portaldelolleria.es\/index.php?rest_route=\/wp\/v2\/posts\/23562\/revisions"}],"predecessor-version":[{"id":23566,"href":"http:\/\/www.portaldelolleria.es\/index.php?rest_route=\/wp\/v2\/posts\/23562\/revisions\/23566"}],"wp:attachment":[{"href":"http:\/\/www.portaldelolleria.es\/index.php?rest_route=%2Fwp%2Fv2%2Fmedia&parent=23562"}],"wp:term":[{"taxonomy":"category","embeddable":true,"href":"http:\/\/www.portaldelolleria.es\/index.php?rest_route=%2Fwp%2Fv2%2Fcategories&post=23562"},{"taxonomy":"post_tag","embeddable":true,"href":"http:\/\/www.portaldelolleria.es\/index.php?rest_route=%2Fwp%2Fv2%2Ftags&post=23562"}],"curies":[{"name":"wp","href":"https:\/\/api.w.org\/{rel}","templated":true}]}}