{"id":23585,"date":"2019-10-09T21:23:35","date_gmt":"2019-10-09T19:23:35","guid":{"rendered":"http:\/\/www.portaldelolleria.es\/?p=23585"},"modified":"2019-10-09T21:27:28","modified_gmt":"2019-10-09T19:27:28","slug":"aem-la-nova-premiada-en-las-fiestas-de-san-vicente-del-raspeig","status":"publish","type":"post","link":"http:\/\/www.portaldelolleria.es\/?p=23585","title":{"rendered":"AEM La Nova, premiada en las fiestas de San Vicente del Raspeig."},"content":{"rendered":"<p><a href=\"http:\/\/www.portaldelolleria.es\/wp-content\/uploads\/2019\/10\/710.jpg\"><img loading=\"lazy\" class=\"aligncenter size-full wp-image-23586\" title=\"710\" src=\"http:\/\/www.portaldelolleria.es\/wp-content\/uploads\/2019\/10\/710.jpg\" alt=\"\" width=\"598\" height=\"388\" srcset=\"http:\/\/www.portaldelolleria.es\/wp-content\/uploads\/2019\/10\/710.jpg 598w, http:\/\/www.portaldelolleria.es\/wp-content\/uploads\/2019\/10\/710-300x194.jpg 300w\" sizes=\"(max-width: 598px) 100vw, 598px\" \/><\/a><\/p>\n<p>&nbsp;<\/p>\n<p style=\"text-align: justify;\"><span style=\"color: #003366;\">La banda de l&#8217;Agrupaci\u00f3 Escola Musical &#8216;La Nova&#8217; de l&#8217;Olleria ha guanyat el premi a la millor banda de menys de 50 m\u00fasics del b\u00e0ndol cristi\u00e0 en les festes de moros i cristians de Sant Vicent del Raspeig celebrades el passat abril.<\/span><\/p>\n<p style=\"text-align: justify;\"><span style=\"color: #003366;\">El reconeiximent es far\u00e0 durant el concert de m\u00fasica festera de Mig Any que es far\u00e0 en la localitat alacantina el pr\u00f2xim diumenge 20 d&#8217;octubre.<\/span><\/p>\n<p style=\"text-align: justify;\">___________________________<\/p>\n<p style=\"text-align: justify;\">La banda de la Agrupaci\u00f3n Escuela Musical &#8216;La Nova&#8217; del Olleria ha ganado el premio a la mejor banda de menos de 50 m\u00fasicos del bando cristiano en las fiestas de moros y cristianos de San Vicent del Raspeig celebradas el pasado abril.<\/p>\n<p style=\"text-align: justify;\">El reconocimiento se har\u00e1 durante el concierto de m\u00fasica festera de Medio A\u00f1o que se har\u00e1 en la localidad alicantina el pr\u00f3ximo domingo 20 de octubre.<\/p>\n","protected":false},"excerpt":{"rendered":"<p>&nbsp; La banda de l&#8217;Agrupaci\u00f3 Escola Musical &#8216;La Nova&#8217; de l&#8217;Olleria ha guanyat el premi a la millor banda de menys de 50 m\u00fasics del b\u00e0ndol cristi\u00e0 en les festes de moros i cristians de Sant Vicent del Raspeig celebrades el passat abril. El reconeiximent es far\u00e0 durant el concert de m\u00fasica festera de Mig [&hellip;]<\/p>\n","protected":false},"author":1,"featured_media":0,"comment_status":"closed","ping_status":"open","sticky":false,"template":"","format":"standard","meta":{"_monsterinsights_skip_tracking":false,"_monsterinsights_sitenote_active":false,"_monsterinsights_sitenote_note":"","_monsterinsights_sitenote_category":0},"categories":[16,12],"tags":[],"_links":{"self":[{"href":"http:\/\/www.portaldelolleria.es\/index.php?rest_route=\/wp\/v2\/posts\/23585"}],"collection":[{"href":"http:\/\/www.portaldelolleria.es\/index.php?rest_route=\/wp\/v2\/posts"}],"about":[{"href":"http:\/\/www.portaldelolleria.es\/index.php?rest_route=\/wp\/v2\/types\/post"}],"author":[{"embeddable":true,"href":"http:\/\/www.portaldelolleria.es\/index.php?rest_route=\/wp\/v2\/users\/1"}],"replies":[{"embeddable":true,"href":"http:\/\/www.portaldelolleria.es\/index.php?rest_route=%2Fwp%2Fv2%2Fcomments&post=23585"}],"version-history":[{"count":3,"href":"http:\/\/www.portaldelolleria.es\/index.php?rest_route=\/wp\/v2\/posts\/23585\/revisions"}],"predecessor-version":[{"id":23589,"href":"http:\/\/www.portaldelolleria.es\/index.php?rest_route=\/wp\/v2\/posts\/23585\/revisions\/23589"}],"wp:attachment":[{"href":"http:\/\/www.portaldelolleria.es\/index.php?rest_route=%2Fwp%2Fv2%2Fmedia&parent=23585"}],"wp:term":[{"taxonomy":"category","embeddable":true,"href":"http:\/\/www.portaldelolleria.es\/index.php?rest_route=%2Fwp%2Fv2%2Fcategories&post=23585"},{"taxonomy":"post_tag","embeddable":true,"href":"http:\/\/www.portaldelolleria.es\/index.php?rest_route=%2Fwp%2Fv2%2Ftags&post=23585"}],"curies":[{"name":"wp","href":"https:\/\/api.w.org\/{rel}","templated":true}]}}