{"id":23606,"date":"2019-10-13T11:37:19","date_gmt":"2019-10-13T09:37:19","guid":{"rendered":"http:\/\/www.portaldelolleria.es\/?p=23606"},"modified":"2019-10-13T12:16:14","modified_gmt":"2019-10-13T10:16:14","slug":"lolleria-celebra-el-dia-del-pilar-y-de-la-hispanidad","status":"publish","type":"post","link":"http:\/\/www.portaldelolleria.es\/?p=23606","title":{"rendered":"L&#8217;Olleria celebra el d\u00eda del Pilar y de la Hispanidad"},"content":{"rendered":"<p><a href=\"http:\/\/www.portaldelolleria.es\/wp-content\/uploads\/2019\/10\/pilar2019_0002.jpg\"><img loading=\"lazy\" class=\"aligncenter size-full wp-image-23614\" title=\"pilar2019_0002\" src=\"http:\/\/www.portaldelolleria.es\/wp-content\/uploads\/2019\/10\/pilar2019_0002.jpg\" alt=\"\" width=\"598\" height=\"399\" srcset=\"http:\/\/www.portaldelolleria.es\/wp-content\/uploads\/2019\/10\/pilar2019_0002.jpg 598w, http:\/\/www.portaldelolleria.es\/wp-content\/uploads\/2019\/10\/pilar2019_0002-300x200.jpg 300w\" sizes=\"(max-width: 598px) 100vw, 598px\" \/><\/a><\/p>\n<p>&nbsp;<\/p>\n<p style=\"text-align: justify;\">Este 12 de octubre l&#8217;Olleria al igual que muchas localidades, celebr\u00f3 el d\u00eda del Pilar y de la Hispanidad.\u00a0 Los actos como vienen siendo habituales en l&#8217;Olleria, comenzaron con un pasacalles a cargo de la <strong>Banda de CC y TT Stmo. Cristo de la Palma<\/strong>, que est\u00e9 a\u00f1o estuvo \u00abreforzada\u00bb por la <strong>Asociaci\u00f3n Banda de CC y TT de Veteranos de Aldaia<\/strong> que acabaron formando un grupo acorde a la solemnidad que merece el acto.\u00a0 Las bandas llegaron al cuartel de la Guardia Civil,\u00a0 desde donde se acompa\u00f1o a la comitiva por las calles Ravalet, San Francisco, San Jos\u00e9 y Virg\u00e9n del Remedio, hasta alcanzar la plaza Virg\u00e9n de Loreto donde se ofici\u00f3 una misa en honor a la patrona de la <strong>Guardia Civil<\/strong>.<\/p>\n<p style=\"text-align: justify;\">Finalizados los actos religiosos, los asistentes se desplazaron a los bajos del mercado, donde se dispar\u00f3 una masclet\u00e1\u00a0 previa al vino de honor.<\/p>\n<p style=\"text-align: justify;\">____________________________________<\/p>\n<p style=\"text-align: justify;\"><span style=\"color: #003366;\">Aquest 12 d&#8217;octubre l&#8217;Olleria igual que moltes localitats, va celebrar el dia del Pilar i de la Hispanitat. Els actes com s\u00f3n habituals a l&#8217;Olleria, va comen\u00e7ar amb una cercavila a c\u00e0rrec de la Banda de CC i TT Stm. Crist de la Palma, que estigui any va estar \u00abrefor\u00e7ada\u00bb per l&#8217;Associaci\u00f3 Banda de CC i TT de Veterans d&#8217;Aldaia que van acabar formant un grup d&#8217;acord amb la solemnitat que mereix l&#8217;acte. Les bandes van arribar a la caserna des d&#8217;on es va acompanyar a la comitiva pels carrers Ravalet, Sant Francesc, Sant Josep i Mare de D\u00e9u del Remei, fins a aconseguir la pla\u00e7a Mare de D\u00e9u de Loreto on es va oficiar una missa en honor a la patrona de la Gu\u00e0rdia Civil.<\/span><\/p>\n<p><span style=\"color: #003366;\">Finalitzats els actes religiosos, els assistents es van despla\u00e7ar als baixos del mercat, on es va disparar una masclet\u00e0 pr\u00e8via al vi d&#8217;honor.<\/span><\/p>\n<p style=\"text-align: justify;\"><a href=\"http:\/\/www.portaldelolleria.es\/wp-content\/uploads\/2019\/10\/pilar2019_0001.jpg\"><img loading=\"lazy\" class=\"aligncenter size-full wp-image-23607\" title=\"pilar2019_0001\" src=\"http:\/\/www.portaldelolleria.es\/wp-content\/uploads\/2019\/10\/pilar2019_0001.jpg\" alt=\"\" width=\"598\" height=\"315\" srcset=\"http:\/\/www.portaldelolleria.es\/wp-content\/uploads\/2019\/10\/pilar2019_0001.jpg 598w, http:\/\/www.portaldelolleria.es\/wp-content\/uploads\/2019\/10\/pilar2019_0001-300x158.jpg 300w\" sizes=\"(max-width: 598px) 100vw, 598px\" \/><\/a><\/p>\n<p style=\"text-align: justify;\"><a href=\"http:\/\/www.portaldelolleria.es\/wp-content\/uploads\/2019\/10\/IMG_6432.jpg\"><img loading=\"lazy\" class=\"aligncenter size-full wp-image-23609\" title=\"IMG_6432\" src=\"http:\/\/www.portaldelolleria.es\/wp-content\/uploads\/2019\/10\/IMG_6432.jpg\" alt=\"\" width=\"598\" height=\"379\" srcset=\"http:\/\/www.portaldelolleria.es\/wp-content\/uploads\/2019\/10\/IMG_6432.jpg 598w, http:\/\/www.portaldelolleria.es\/wp-content\/uploads\/2019\/10\/IMG_6432-300x190.jpg 300w\" sizes=\"(max-width: 598px) 100vw, 598px\" \/><\/a><\/p>\n<p style=\"text-align: justify;\"><a href=\"http:\/\/www.portaldelolleria.es\/wp-content\/uploads\/2019\/10\/pilar2019_0004.jpg\"><img loading=\"lazy\" class=\"aligncenter size-full wp-image-23610\" title=\"pilar2019_0004\" src=\"http:\/\/www.portaldelolleria.es\/wp-content\/uploads\/2019\/10\/pilar2019_0004.jpg\" alt=\"\" width=\"598\" height=\"353\" srcset=\"http:\/\/www.portaldelolleria.es\/wp-content\/uploads\/2019\/10\/pilar2019_0004.jpg 598w, http:\/\/www.portaldelolleria.es\/wp-content\/uploads\/2019\/10\/pilar2019_0004-300x177.jpg 300w\" sizes=\"(max-width: 598px) 100vw, 598px\" \/><\/a><\/p>\n<p style=\"text-align: justify;\"><a href=\"http:\/\/www.portaldelolleria.es\/wp-content\/uploads\/2019\/10\/pilar2019_0005.jpg\"><img loading=\"lazy\" class=\"aligncenter size-full wp-image-23611\" title=\"pilar2019_0005\" src=\"http:\/\/www.portaldelolleria.es\/wp-content\/uploads\/2019\/10\/pilar2019_0005.jpg\" alt=\"\" width=\"598\" height=\"399\" srcset=\"http:\/\/www.portaldelolleria.es\/wp-content\/uploads\/2019\/10\/pilar2019_0005.jpg 598w, http:\/\/www.portaldelolleria.es\/wp-content\/uploads\/2019\/10\/pilar2019_0005-300x200.jpg 300w\" sizes=\"(max-width: 598px) 100vw, 598px\" \/><\/a><\/p>\n<p style=\"text-align: justify;\"><a href=\"http:\/\/www.portaldelolleria.es\/wp-content\/uploads\/2019\/10\/pilar2019_0006.jpg\"><img loading=\"lazy\" class=\"aligncenter size-full wp-image-23612\" title=\"pilar2019_0006\" src=\"http:\/\/www.portaldelolleria.es\/wp-content\/uploads\/2019\/10\/pilar2019_0006.jpg\" alt=\"\" width=\"598\" height=\"399\" srcset=\"http:\/\/www.portaldelolleria.es\/wp-content\/uploads\/2019\/10\/pilar2019_0006.jpg 598w, http:\/\/www.portaldelolleria.es\/wp-content\/uploads\/2019\/10\/pilar2019_0006-300x200.jpg 300w\" sizes=\"(max-width: 598px) 100vw, 598px\" \/><\/a><\/p>\n<p style=\"text-align: justify;\"><a href=\"http:\/\/www.portaldelolleria.es\/wp-content\/uploads\/2019\/10\/IMG_6557.jpg\"><img loading=\"lazy\" class=\"aligncenter size-full wp-image-23613\" title=\"IMG_6557\" src=\"http:\/\/www.portaldelolleria.es\/wp-content\/uploads\/2019\/10\/IMG_6557.jpg\" alt=\"\" width=\"598\" height=\"399\" srcset=\"http:\/\/www.portaldelolleria.es\/wp-content\/uploads\/2019\/10\/IMG_6557.jpg 598w, http:\/\/www.portaldelolleria.es\/wp-content\/uploads\/2019\/10\/IMG_6557-300x200.jpg 300w\" sizes=\"(max-width: 598px) 100vw, 598px\" \/><\/a><\/p>\n","protected":false},"excerpt":{"rendered":"<p>&nbsp; Este 12 de octubre l&#8217;Olleria al igual que muchas localidades, celebr\u00f3 el d\u00eda del Pilar y de la Hispanidad.\u00a0 Los actos como vienen siendo habituales en l&#8217;Olleria, comenzaron con un pasacalles a cargo de la Banda de CC y TT Stmo. Cristo de la Palma, que est\u00e9 a\u00f1o estuvo \u00abreforzada\u00bb por la Asociaci\u00f3n Banda [&hellip;]<\/p>\n","protected":false},"author":1,"featured_media":0,"comment_status":"closed","ping_status":"open","sticky":false,"template":"","format":"standard","meta":{"_monsterinsights_skip_tracking":false,"_monsterinsights_sitenote_active":false,"_monsterinsights_sitenote_note":"","_monsterinsights_sitenote_category":0},"categories":[16,12],"tags":[],"_links":{"self":[{"href":"http:\/\/www.portaldelolleria.es\/index.php?rest_route=\/wp\/v2\/posts\/23606"}],"collection":[{"href":"http:\/\/www.portaldelolleria.es\/index.php?rest_route=\/wp\/v2\/posts"}],"about":[{"href":"http:\/\/www.portaldelolleria.es\/index.php?rest_route=\/wp\/v2\/types\/post"}],"author":[{"embeddable":true,"href":"http:\/\/www.portaldelolleria.es\/index.php?rest_route=\/wp\/v2\/users\/1"}],"replies":[{"embeddable":true,"href":"http:\/\/www.portaldelolleria.es\/index.php?rest_route=%2Fwp%2Fv2%2Fcomments&post=23606"}],"version-history":[{"count":4,"href":"http:\/\/www.portaldelolleria.es\/index.php?rest_route=\/wp\/v2\/posts\/23606\/revisions"}],"predecessor-version":[{"id":23616,"href":"http:\/\/www.portaldelolleria.es\/index.php?rest_route=\/wp\/v2\/posts\/23606\/revisions\/23616"}],"wp:attachment":[{"href":"http:\/\/www.portaldelolleria.es\/index.php?rest_route=%2Fwp%2Fv2%2Fmedia&parent=23606"}],"wp:term":[{"taxonomy":"category","embeddable":true,"href":"http:\/\/www.portaldelolleria.es\/index.php?rest_route=%2Fwp%2Fv2%2Fcategories&post=23606"},{"taxonomy":"post_tag","embeddable":true,"href":"http:\/\/www.portaldelolleria.es\/index.php?rest_route=%2Fwp%2Fv2%2Ftags&post=23606"}],"curies":[{"name":"wp","href":"https:\/\/api.w.org\/{rel}","templated":true}]}}