{"id":23635,"date":"2019-10-16T19:56:38","date_gmt":"2019-10-16T17:56:38","guid":{"rendered":"http:\/\/www.portaldelolleria.es\/?p=23635"},"modified":"2019-10-16T19:58:32","modified_gmt":"2019-10-16T17:58:32","slug":"colla-la-morralla-en-concierto-el-proximo-domingo","status":"publish","type":"post","link":"http:\/\/www.portaldelolleria.es\/?p=23635","title":{"rendered":"Colla \u00abLa Morralla\u00bb en concierto el pr\u00f3ximo domingo"},"content":{"rendered":"<p><a href=\"http:\/\/www.portaldelolleria.es\/wp-content\/uploads\/2019\/10\/morralla.jpg\"><img loading=\"lazy\" class=\"aligncenter size-full wp-image-23637\" title=\"morralla\" src=\"http:\/\/www.portaldelolleria.es\/wp-content\/uploads\/2019\/10\/morralla.jpg\" alt=\"\" width=\"598\" height=\"396\" srcset=\"http:\/\/www.portaldelolleria.es\/wp-content\/uploads\/2019\/10\/morralla.jpg 598w, http:\/\/www.portaldelolleria.es\/wp-content\/uploads\/2019\/10\/morralla-300x198.jpg 300w\" sizes=\"(max-width: 598px) 100vw, 598px\" \/><\/a><\/p>\n<p>&nbsp;<\/p>\n<p style=\"text-align: justify;\">El pr\u00f3ximo domingo 20 de octubre la Colla \u00abLa Morralla\u00bb de l&#8217;Olleria ofrecer\u00e1 un concierto de dol\u00e7aina y percusi\u00f3n.<\/p>\n<p style=\"text-align: justify;\">El concierto se celebrar\u00e1 en la Casa Santonja-Palau dels Marau a las 12:30 de la ma\u00f1ana y se emmarca dentro de la campa\u00f1a de la 40\u00aa edici\u00f3n del Retrobem la Nostra M\u00fasica que organiza la Diputaci\u00f3n de Valencia.<\/p>\n<p style=\"text-align: justify;\">En el concierto se interpretar\u00e1n obras y arreglos de autores valencianos de diversos estilos como puedan ser, marchas morocristiana, ballets, pasodobles, etc.<\/p>\n<p style=\"text-align: justify;\"><a href=\"http:\/\/dival.es\/promocion-cultural\/content\/retrobem-la-nostra-musica-0\">Retrobem la Nostra M\u00fasica<\/a><\/p>\n<p style=\"text-align: justify;\"><em>Retrobem la Nostra M\u00fasica<\/em> es un programa estable de apoyo a la m\u00fasica promovido desde el \u00c1rea de Cultura de la Diputaci\u00f3n de Valencia. Contar\u00e1 este a\u00f1o 2019 con 40 ediciones y su objetivo principal es el fomento de buena parte de las actividades musicales que nacen desde iniciativas municipales, de asociaciones y sociedades musicales valencianas. Volvemos a encontrar es el programa m\u00e7es ambicioso, que llega a m\u00e1s gente y que m\u00e1s recursos absorbe de toda la promoci\u00f3n musical de la Diputaci\u00f3n de Valencia, hasta un 65% del presupuesto dedicado a aspectos musicales dentro del \u00c1rea de Cultura.<\/p>\n<p style=\"text-align: justify;\">_____________________________<\/p>\n<p style=\"text-align: justify;\"><span style=\"color: #003366;\">El pr\u00f2xim diumenge 20 d&#8217;octubre la Colla &#8216;La Morralla&#8217; de l&#8217;Olleria oferir\u00e0 un concert de dol\u00e7aina i percussi\u00f3.<\/span><\/p>\n<p style=\"text-align: justify;\"><span style=\"color: #003366;\">El concert se celebrar\u00e0 en la Casa Santona-Palau dels Marau a les 12:30 del mat\u00ed i se&#8217;emmarca dins de la campanya de la 40\u00aa edici\u00f3 del Retrobem la Nostra M\u00fasica que organitza la Diputaci\u00f3 de Val\u00e8ncia.<\/span><\/p>\n<p style=\"text-align: justify;\"><span style=\"color: #003366;\">Al concert s&#8217;interpretaran obres i arranjaments d&#8217;autors valencians de diversos estils com puguen ser, marxes morocristianes, ballets, pasdobles, etc.<\/span><\/p>\n<div>\n<div style=\"text-align: justify;\"><span style=\"color: #003366;\"><a href=\"http:\/\/dival.es\/promocion-cultural\/content\/retrobem-la-nostra-musica-0\"><span style=\"color: #003366;\">Retrobem la Nostra M\u00fasica<\/span><\/a><\/span><\/div>\n<div>\n<div>\n<p style=\"text-align: justify;\"><span style=\"color: #003366;\"><em>Retrobem la Nostra M\u00fasica \u00e9s un programa estable de suport a la m\u00fasica promogut des de l&#8217;\u00c0rea de Cultura de la Diputaci\u00f3 de Val\u00e8ncia. Comptar\u00e0 aquest any 2019 amb 40 edicions i el seu objectiu principal \u00e9s el foment de bona part de les activitats musicals que naixen des d&#8217;iniciatives municipals, d&#8217;associacions i societats musicals valencianes. Retrobem \u00e9s el programa m\u00e7es ambici\u00f3s, que arriba a m\u00e9s gent i que m\u00e9s recursos absorbeix de tota la promoci\u00f3 musical de la Diputaci\u00f3 de Val\u00e8ncia, fins a un 65% del pressupost dedicat a aspectes musicals dins de l&#8217;\u00c0rea de Cultura.<\/em><\/span><\/p>\n<\/div>\n<\/div>\n<\/div>\n<p><a href=\"http:\/\/www.portaldelolleria.es\/wp-content\/uploads\/2019\/10\/Cartell-a3-retrobem19.jpg\"><img loading=\"lazy\" class=\"aligncenter size-full wp-image-23636\" title=\"Cartell a3 retrobem19\" src=\"http:\/\/www.portaldelolleria.es\/wp-content\/uploads\/2019\/10\/Cartell-a3-retrobem19.jpg\" alt=\"\" width=\"598\" height=\"845\" srcset=\"http:\/\/www.portaldelolleria.es\/wp-content\/uploads\/2019\/10\/Cartell-a3-retrobem19.jpg 598w, http:\/\/www.portaldelolleria.es\/wp-content\/uploads\/2019\/10\/Cartell-a3-retrobem19-212x300.jpg 212w\" sizes=\"(max-width: 598px) 100vw, 598px\" \/><\/a><\/p>\n","protected":false},"excerpt":{"rendered":"<p>&nbsp; El pr\u00f3ximo domingo 20 de octubre la Colla \u00abLa Morralla\u00bb de l&#8217;Olleria ofrecer\u00e1 un concierto de dol\u00e7aina y percusi\u00f3n. El concierto se celebrar\u00e1 en la Casa Santonja-Palau dels Marau a las 12:30 de la ma\u00f1ana y se emmarca dentro de la campa\u00f1a de la 40\u00aa edici\u00f3n del Retrobem la Nostra M\u00fasica que organiza la [&hellip;]<\/p>\n","protected":false},"author":1,"featured_media":0,"comment_status":"closed","ping_status":"open","sticky":false,"template":"","format":"standard","meta":{"_monsterinsights_skip_tracking":false,"_monsterinsights_sitenote_active":false,"_monsterinsights_sitenote_note":"","_monsterinsights_sitenote_category":0},"categories":[15,12],"tags":[],"_links":{"self":[{"href":"http:\/\/www.portaldelolleria.es\/index.php?rest_route=\/wp\/v2\/posts\/23635"}],"collection":[{"href":"http:\/\/www.portaldelolleria.es\/index.php?rest_route=\/wp\/v2\/posts"}],"about":[{"href":"http:\/\/www.portaldelolleria.es\/index.php?rest_route=\/wp\/v2\/types\/post"}],"author":[{"embeddable":true,"href":"http:\/\/www.portaldelolleria.es\/index.php?rest_route=\/wp\/v2\/users\/1"}],"replies":[{"embeddable":true,"href":"http:\/\/www.portaldelolleria.es\/index.php?rest_route=%2Fwp%2Fv2%2Fcomments&post=23635"}],"version-history":[{"count":2,"href":"http:\/\/www.portaldelolleria.es\/index.php?rest_route=\/wp\/v2\/posts\/23635\/revisions"}],"predecessor-version":[{"id":23639,"href":"http:\/\/www.portaldelolleria.es\/index.php?rest_route=\/wp\/v2\/posts\/23635\/revisions\/23639"}],"wp:attachment":[{"href":"http:\/\/www.portaldelolleria.es\/index.php?rest_route=%2Fwp%2Fv2%2Fmedia&parent=23635"}],"wp:term":[{"taxonomy":"category","embeddable":true,"href":"http:\/\/www.portaldelolleria.es\/index.php?rest_route=%2Fwp%2Fv2%2Fcategories&post=23635"},{"taxonomy":"post_tag","embeddable":true,"href":"http:\/\/www.portaldelolleria.es\/index.php?rest_route=%2Fwp%2Fv2%2Ftags&post=23635"}],"curies":[{"name":"wp","href":"https:\/\/api.w.org\/{rel}","templated":true}]}}