{"id":23648,"date":"2019-10-18T17:26:28","date_gmt":"2019-10-18T15:26:28","guid":{"rendered":"http:\/\/www.portaldelolleria.es\/?p=23648"},"modified":"2019-10-18T17:27:43","modified_gmt":"2019-10-18T15:27:43","slug":"la-casa-del-terror-celebra-su-24%c2%ba-edicion-en-la-fira-de-l%e2%80%99olleria","status":"publish","type":"post","link":"http:\/\/www.portaldelolleria.es\/?p=23648","title":{"rendered":"La Casa del Terror celebra su 24\u00ba edici\u00f3n en la Fira de l\u2019Olleria"},"content":{"rendered":"<p><a href=\"http:\/\/www.portaldelolleria.es\/wp-content\/uploads\/2019\/10\/terror.jpg\"><img loading=\"lazy\" class=\"aligncenter size-full wp-image-23650\" title=\"terror\" src=\"http:\/\/www.portaldelolleria.es\/wp-content\/uploads\/2019\/10\/terror.jpg\" alt=\"\" width=\"598\" height=\"396\" srcset=\"http:\/\/www.portaldelolleria.es\/wp-content\/uploads\/2019\/10\/terror.jpg 598w, http:\/\/www.portaldelolleria.es\/wp-content\/uploads\/2019\/10\/terror-300x198.jpg 300w\" sizes=\"(max-width: 598px) 100vw, 598px\" \/><\/a><\/p>\n<ul>\n<li><a title=\"Cerrar sesi\u00f3n\" href=\"http:\/\/www.portaldelolleria.es\/wp-login.php?action=logout&amp;_wpnonce=7c634da828\">Cerrar sesi\u00f3n<\/a><\/li>\n<\/ul>\n<p style=\"text-align: justify;\">Cita obligada en la Fira de l\u2019Olleria,\u00a0 la Casa del Terror es una de las atracciones m\u00e1s concurridas a\u00f1o tras a\u00f1o y este a\u00f1o celebran su 24\u00aa edici\u00f3n.<\/p>\n<p style=\"text-align: justify;\">\u00a0 Organizado por la <strong>Banda de Cornetas del Stmo. Cristo de la Palma<\/strong>,\u00a0 sus integrantes se transforman en estos d\u00edas en alima\u00f1as de la oscuridad para ofrecer a los visitantes una nueva forma de diversi\u00f3n.\u00a0 Apariciones, recreaciones y largos pasillos oscuros son la esencia de este espect\u00e1culo que cada a\u00f1o y este no iba a ser menos, ofrece nuevas novedades en lo que ha decorados y personajes se refiere.\u00a0 En esta ocasi\u00f3n tampoco han querido desvelarlas. <em>\u201clas novedades no se pueden anunciar, sino el visitante se queda sin sorpresa\u201d<\/em>, declara uno de los integrantes de la Banda.<\/p>\n<p style=\"text-align: justify;\">Las normas de entrada son muy b\u00e1sicas, menores acompa\u00f1ados, no recomendado para personas con enfermedades cardiovasculares, y prohibido encender mecheros o linternas (incluidas las del telefono).<\/p>\n<p style=\"text-align: justify;\">s\u00e1bado 26, a las 18:00 h<\/p>\n<p style=\"text-align: justify;\">domingo 27, a las 17:30 h<\/p>\n<p style=\"text-align: justify;\">fuera de fechas de la fira, destacar tambi\u00e9n el especial de \u201cHallooween\u201d,\u00a0\u00a0 jueves 31 a partir de las 23:00h<\/p>\n<p style=\"text-align: justify;\">_______________________<\/p>\n<p style=\"text-align: justify;\"><span style=\"color: #003366;\">Cita obligada a la Fira de l&#8217;Olleria, la Casa del Terror \u00e9s una de les atraccions m\u00e9s concorregudes any rere any i aquest any celebren la seva 24a edici\u00f3.<\/span><\/p>\n<p><span style=\"color: #003366;\">\u00a0 Organitzat per la Banda de Cornetes del Stm. Crist de la Palma, els seus integrants es transformen en aquests dies a feristeles de la foscor per oferir als visitants una nova forma de diversi\u00f3. Aparicions, recreacions i llargs passadissos foscos s\u00f3n l&#8217;ess\u00e8ncia d&#8217;aquest espectacle que cada any i aquest no anava a ser menys, ofereix noves novetats en el que ha decorats i personatges es refereix. En aquesta ocasi\u00f3 tampoc han volgut desvetllar-. \u00abLes novetats no es poden anunciar, sin\u00f3 el visitant es queda sense sorpresa\u00bb, declara un dels integrants de la Banda.<\/span><\/p>\n<p><span style=\"color: #003366;\">Les normes d&#8217;entrada s\u00f3n molt b\u00e0siques, menors acompanyats, no recomanat per a persones amb malalties cardiovasculars, i prohibit encendre encenedors o llanternes (incloses les del tel\u00e8fon).<\/span><\/p>\n<p><span style=\"color: #003366;\">dissabte 26, a les 18:00 h<\/span><\/p>\n<p><span style=\"color: #003366;\">diumenge 27, a les 17:30 h<\/span><\/p>\n<p><span style=\"color: #003366;\">fora de dates de la fira, destacar tamb\u00e9 l&#8217;especial de \u00abHallooween\u00bb, dijous 31 a partir de les 23: 00h<\/span><\/p>\n<p><a href=\"http:\/\/www.portaldelolleria.es\/wp-content\/uploads\/2019\/10\/terror2.jpg\"><img loading=\"lazy\" class=\"aligncenter size-full wp-image-23649\" title=\"terror2\" src=\"http:\/\/www.portaldelolleria.es\/wp-content\/uploads\/2019\/10\/terror2.jpg\" alt=\"\" width=\"598\" height=\"853\" srcset=\"http:\/\/www.portaldelolleria.es\/wp-content\/uploads\/2019\/10\/terror2.jpg 598w, http:\/\/www.portaldelolleria.es\/wp-content\/uploads\/2019\/10\/terror2-210x300.jpg 210w\" sizes=\"(max-width: 598px) 100vw, 598px\" \/><\/a><\/p>\n","protected":false},"excerpt":{"rendered":"<p>Cerrar sesi\u00f3n Cita obligada en la Fira de l\u2019Olleria,\u00a0 la Casa del Terror es una de las atracciones m\u00e1s concurridas a\u00f1o tras a\u00f1o y este a\u00f1o celebran su 24\u00aa edici\u00f3n. \u00a0 Organizado por la Banda de Cornetas del Stmo. Cristo de la Palma,\u00a0 sus integrantes se transforman en estos d\u00edas en alima\u00f1as de la oscuridad [&hellip;]<\/p>\n","protected":false},"author":1,"featured_media":0,"comment_status":"closed","ping_status":"open","sticky":false,"template":"","format":"standard","meta":{"_monsterinsights_skip_tracking":false,"_monsterinsights_sitenote_active":false,"_monsterinsights_sitenote_note":"","_monsterinsights_sitenote_category":0},"categories":[15,12],"tags":[],"_links":{"self":[{"href":"http:\/\/www.portaldelolleria.es\/index.php?rest_route=\/wp\/v2\/posts\/23648"}],"collection":[{"href":"http:\/\/www.portaldelolleria.es\/index.php?rest_route=\/wp\/v2\/posts"}],"about":[{"href":"http:\/\/www.portaldelolleria.es\/index.php?rest_route=\/wp\/v2\/types\/post"}],"author":[{"embeddable":true,"href":"http:\/\/www.portaldelolleria.es\/index.php?rest_route=\/wp\/v2\/users\/1"}],"replies":[{"embeddable":true,"href":"http:\/\/www.portaldelolleria.es\/index.php?rest_route=%2Fwp%2Fv2%2Fcomments&post=23648"}],"version-history":[{"count":2,"href":"http:\/\/www.portaldelolleria.es\/index.php?rest_route=\/wp\/v2\/posts\/23648\/revisions"}],"predecessor-version":[{"id":23652,"href":"http:\/\/www.portaldelolleria.es\/index.php?rest_route=\/wp\/v2\/posts\/23648\/revisions\/23652"}],"wp:attachment":[{"href":"http:\/\/www.portaldelolleria.es\/index.php?rest_route=%2Fwp%2Fv2%2Fmedia&parent=23648"}],"wp:term":[{"taxonomy":"category","embeddable":true,"href":"http:\/\/www.portaldelolleria.es\/index.php?rest_route=%2Fwp%2Fv2%2Fcategories&post=23648"},{"taxonomy":"post_tag","embeddable":true,"href":"http:\/\/www.portaldelolleria.es\/index.php?rest_route=%2Fwp%2Fv2%2Ftags&post=23648"}],"curies":[{"name":"wp","href":"https:\/\/api.w.org\/{rel}","templated":true}]}}