{"id":23654,"date":"2019-10-20T14:05:19","date_gmt":"2019-10-20T12:05:19","guid":{"rendered":"http:\/\/www.portaldelolleria.es\/?p=23654"},"modified":"2019-10-20T20:48:08","modified_gmt":"2019-10-20T18:48:08","slug":"fatal-accidente-de-un-motorista-en-lolleria","status":"publish","type":"post","link":"http:\/\/www.portaldelolleria.es\/?p=23654","title":{"rendered":"Fatal accidente de un motorista en l&#8217;Olleria"},"content":{"rendered":"<p><a href=\"http:\/\/www.portaldelolleria.es\/wp-content\/uploads\/2019\/10\/accidente19102019.jpg\"><img loading=\"lazy\" class=\"aligncenter size-full wp-image-23655\" title=\"accidente19102019\" src=\"http:\/\/www.portaldelolleria.es\/wp-content\/uploads\/2019\/10\/accidente19102019.jpg\" alt=\"\" width=\"598\" height=\"404\" srcset=\"http:\/\/www.portaldelolleria.es\/wp-content\/uploads\/2019\/10\/accidente19102019.jpg 598w, http:\/\/www.portaldelolleria.es\/wp-content\/uploads\/2019\/10\/accidente19102019-300x202.jpg 300w\" sizes=\"(max-width: 598px) 100vw, 598px\" \/><\/a><\/p>\n<p>&nbsp;<\/p>\n<p style=\"text-align: justify;\"><strong>Un motorista\u00a0 sufri\u00f3 un fatal accidente al perder el control de su vehiculo.<\/strong><\/p>\n<p style=\"text-align: justify;\">Los hechos se produjeron este s\u00e1bado alrededor de las tres de la tarde<\/p>\n<p style=\"text-align: justify;\">El joven de 33 a\u00f1os, natural de Ontinyent y vecino de l&#8217;Olleria,\u00a0 bajaba en direcci\u00f3n hac\u00eda el pueblo, cerca de la zona de la Barraca\u00a0 (CV-640 km 6,8), cuando por causas desconocidas perdi\u00f3 el control de la moto en una curva. Al accidente se uni\u00f3 la\u00a0 terrible fatalidad de salir despedido hac\u00eda un turismo ocupado por dos jovenes que circulaba en sentido contrario y que nada pudo hacer para evitar el atropello.\u00a0\u00a0\u00a0 La curva que ya muestra se\u00f1ales de otras desgracias en el pasado, aumenta su mala leyenda con este desafortunado accidente.\u00a0 DEP<\/p>\n<p style=\"text-align: justify;\">_____________________<\/p>\n<p style=\"text-align: justify;\"><strong><span style=\"color: #003366;\">Un motorista va patir un fatal accident en perdre el control del seu vehicle.<\/span><\/strong><\/p>\n<p style=\"text-align: justify;\"><span style=\"color: #003366;\">Els fets es van produir aquest dissabte al voltant de les tres de la vespra<\/span><\/p>\n<p style=\"text-align: justify;\"><span style=\"color: #003366;\">El jove de 33 anys, natural d&#8217;Ontinyent i ve\u00ed de l&#8217;Olleria, baixava cap al poble prop de la zona de la Barraca (CV-640 km 6,8), quan per causes desconegudes va perdre el control de la moto en un revolt , amb la fatalitat de sortir acomiadat feia una vehicle ocupat per dos joves que pujava en aquell moment i que no va poder fer per evitar l&#8217;atropellament. La corba que ja mostra senyals d&#8217;altres desgr\u00e0cies en el passat, augmenta la seva mala llegenda amb aquest desafortunat accident. DEP<\/span><\/p>\n","protected":false},"excerpt":{"rendered":"<p>&nbsp; Un motorista\u00a0 sufri\u00f3 un fatal accidente al perder el control de su vehiculo. Los hechos se produjeron este s\u00e1bado alrededor de las tres de la tarde El joven de 33 a\u00f1os, natural de Ontinyent y vecino de l&#8217;Olleria,\u00a0 bajaba en direcci\u00f3n hac\u00eda el pueblo, cerca de la zona de la Barraca\u00a0 (CV-640 km 6,8), [&hellip;]<\/p>\n","protected":false},"author":1,"featured_media":0,"comment_status":"closed","ping_status":"open","sticky":false,"template":"","format":"standard","meta":{"_monsterinsights_skip_tracking":false,"_monsterinsights_sitenote_active":false,"_monsterinsights_sitenote_note":"","_monsterinsights_sitenote_category":0},"categories":[3,12],"tags":[],"_links":{"self":[{"href":"http:\/\/www.portaldelolleria.es\/index.php?rest_route=\/wp\/v2\/posts\/23654"}],"collection":[{"href":"http:\/\/www.portaldelolleria.es\/index.php?rest_route=\/wp\/v2\/posts"}],"about":[{"href":"http:\/\/www.portaldelolleria.es\/index.php?rest_route=\/wp\/v2\/types\/post"}],"author":[{"embeddable":true,"href":"http:\/\/www.portaldelolleria.es\/index.php?rest_route=\/wp\/v2\/users\/1"}],"replies":[{"embeddable":true,"href":"http:\/\/www.portaldelolleria.es\/index.php?rest_route=%2Fwp%2Fv2%2Fcomments&post=23654"}],"version-history":[{"count":14,"href":"http:\/\/www.portaldelolleria.es\/index.php?rest_route=\/wp\/v2\/posts\/23654\/revisions"}],"predecessor-version":[{"id":23673,"href":"http:\/\/www.portaldelolleria.es\/index.php?rest_route=\/wp\/v2\/posts\/23654\/revisions\/23673"}],"wp:attachment":[{"href":"http:\/\/www.portaldelolleria.es\/index.php?rest_route=%2Fwp%2Fv2%2Fmedia&parent=23654"}],"wp:term":[{"taxonomy":"category","embeddable":true,"href":"http:\/\/www.portaldelolleria.es\/index.php?rest_route=%2Fwp%2Fv2%2Fcategories&post=23654"},{"taxonomy":"post_tag","embeddable":true,"href":"http:\/\/www.portaldelolleria.es\/index.php?rest_route=%2Fwp%2Fv2%2Ftags&post=23654"}],"curies":[{"name":"wp","href":"https:\/\/api.w.org\/{rel}","templated":true}]}}