{"id":23696,"date":"2019-10-23T11:25:48","date_gmt":"2019-10-23T09:25:48","guid":{"rendered":"http:\/\/www.portaldelolleria.es\/?p=23696"},"modified":"2019-10-23T11:25:57","modified_gmt":"2019-10-23T09:25:57","slug":"l%e2%80%99olleria-acoge-la-xx-fira-gastronomica-y-comercial-de-vall-d%e2%80%99albaida","status":"publish","type":"post","link":"http:\/\/www.portaldelolleria.es\/?p=23696","title":{"rendered":"L\u2019Olleria acoge la XX Fira Gastron\u00f2mica y Comercial de Vall d\u2019Albaida"},"content":{"rendered":"<p><a href=\"http:\/\/www.portaldelolleria.es\/wp-content\/uploads\/2019\/10\/firaxx.jpg\"><img loading=\"lazy\" class=\"aligncenter size-full wp-image-23700\" title=\"firaxx\" src=\"http:\/\/www.portaldelolleria.es\/wp-content\/uploads\/2019\/10\/firaxx.jpg\" alt=\"\" width=\"598\" height=\"406\" srcset=\"http:\/\/www.portaldelolleria.es\/wp-content\/uploads\/2019\/10\/firaxx.jpg 598w, http:\/\/www.portaldelolleria.es\/wp-content\/uploads\/2019\/10\/firaxx-300x203.jpg 300w\" sizes=\"(max-width: 598px) 100vw, 598px\" \/><\/a><\/p>\n<p>&nbsp;<\/p>\n<p><span style=\"color: #333333;\"><em>22\/10\/2019 Mancomunitat de Municipis de la Vall d&#8217;Albaida<\/em><\/span><\/p>\n<p style=\"text-align: justify;\"><strong>L&#8217;Olleria acoge la XX Feria Gastron\u00f3mica y Comercial de Vall d&#8217;Albaida<\/strong><\/p>\n<p style=\"text-align: justify;\">La cita, organizada por la Mancomunidad de Municipios de la Vall d&#8217;Abaida, se celebrar\u00e1 los d\u00edas 26 y 27 de octubre<\/p>\n<p style=\"text-align: justify;\">La Feria Gastron\u00f3mica y Comercial de\u00a0la Vall d&#8217;Abaida cumple 20 a\u00f1os y en esta ocasi\u00f3n se celebrar\u00e1 en L&#8217;Olleria los d\u00edas 26 y 27 de octubre. La nueva edici\u00f3n de la feria contar\u00e1 con una decena de expositores, degustaciones, actividades infantiles y actuaciones musicales. El presidente de la Mancomunidad de Municipios de la Vall d&#8217;Albaida, <strong>Vicente Gomar<\/strong>, presentaba este lunes la feria acompa\u00f1ado por el concejal de Promoci\u00f3n Econ\u00f3mica del Ayuntamiento de l&#8217;Olleria, <strong>Rub\u00e9n Bozal<\/strong>, y el concejal de Fiestas, <strong>Juan Ricardo Ruano<\/strong>.<\/p>\n<p style=\"text-align: justify;\">La Feria, que tendr\u00e1 lugar en la calle Ausi\u00e0s March, abrir\u00e1 sus stands de degustaci\u00f3n a las 12:00 horas, pero no ser\u00e1 hasta las 12:30 horas cuando se har\u00e1 la inauguraci\u00f3n oficial de la XX Feria Gastron\u00f3mica de la Vall d&#8217;Albaida. A las 13:30 horas ser\u00e1 el turno de varias degustaciones de tapas y arroz a cargo de restaurantes de la comarca. De 16:00 a 18:00 horas la feria cerrar\u00e1 para volver a abrir hasta las 23:30 horas. Durante toda la tarde del s\u00e1bado la feria estar\u00e1 ambientada con DJ de m\u00fasica.<\/p>\n<p style=\"text-align: justify;\">Domingo, el horario ser\u00e1 ininterrumpido desde las 11:00 horas hasta las 21:00 horas. Adem\u00e1s, a las 12:00 horas la Feria tendr\u00e1 dos escenarios: en la plaza Virgen del Loreto se celebrar\u00e1 una \u00abglobot\u00e0\u00bb para ni\u00f1os y el espect\u00e1culo \u00abEl Cirquet\u00bb, mientras que en la calle Ausi\u00e0s March los asistentes disfrutar\u00e1n de la actuaci\u00f3n del grupo musical \u00ab<strong>Mimi y los trileros<\/strong>\u00ab.<\/p>\n<p style=\"text-align: justify;\">Gomar destacaba como la Feria Gastron\u00f3mica y Comercial\u00a0 se ha convertido, despu\u00e9s de dos d\u00e9cadas de historia, \u00aben un gran escaparate para promocionar todos los productos de la comarca\u00bb. \u00ab<em>Adem\u00e1s, ya hace cuatro a\u00f1os que hacemos esta feria itinerante, de manera que todos los municipios puedan acoger este evento, que despu\u00e9s de 20 a\u00f1os ya se ha consolidado en el calendario de ferias de la Vall d&#8217;Albaida<\/em>\u00bb declaraba.<\/p>\n<p style=\"text-align: justify;\">Por su parte, desde el consistorio, Bozal y Ruano incid\u00edan que la Feria Gastron\u00f3mica y Comercial coincidir\u00e1 con la celebraci\u00f3n de la tradicional Feria de l&#8217;Oller\u00eda, que tendr\u00e1 m\u00e1s de 120 puestos y 30 atracciones, \u00ab<em>lo que har\u00e1 que seguro sea un fin de semana con una gran afluencia de p\u00fablico<\/em> \u00ab. Adem\u00e1s contaban que, en la feria se contar\u00e1 con un <strong>Punto Violeta<\/strong>, para concienciar a la poblaci\u00f3n y luchar por un espacio de ocio entrega de agresiones sexistas.<\/p>\n<p style=\"text-align: justify;\">Cabe recordar que la Feria Gastron\u00f3mica y Comercial de la Vall d&#8217;Albaida es una iniciativa organizada por la Sociedad para la Promoci\u00f3n de la Vall d&#8217;Albaida SA (SOPROVA), con la colaboraci\u00f3n del Ayuntamiento de l&#8217;Olleria, la Consejer\u00eda de Econom\u00eda Sostenible, Sectores Productivos, Comercio y Trabajo, Valencia Turismo y Caixa Ontinyent.<\/p>\n<p>______________________<\/p>\n<p style=\"text-align: justify;\"><span style=\"color: #003366;\"><strong>L\u2019Olleria acull la XX Fira Gastron\u00f2mica i Comercial de Vall d\u2019Albaida<\/strong><\/span><\/p>\n<p style=\"text-align: justify;\"><span style=\"color: #003366;\">La cita, organitzada per la Mancomunitat de Municipis de la Vall d\u2019Abaida, es celebrar\u00e0 els dies 26 i 27 d\u2019octubre <\/span><\/p>\n<p style=\"text-align: justify;\"><span style=\"color: #003366;\">La Fira Gastron\u00f2mica i Comercial de la Vall d\u2019Albaida compleix 20 anys i en aquesta ocasi\u00f3 se celebrar\u00e0 a l\u2019Olleria els dies 26 i 27 d\u2019octubre. La nova edici\u00f3 de la fira comptar\u00e0 amb una desena d\u2019expositors, degustacions, activitats infantils i actuacions musicals. El president de la Mancomunitat de Municipis de la Vall d\u2019Albaida, Vicent Gomar, presentava aquest dilluns la fira acompanyat pel regidor de Promoci\u00f3 Econ\u00f2mica de l\u2019Ajuntament de l\u2019Olleria, Rub\u00e9n Morri\u00f3, i el regidor de Festes, Juan Ricardo Ruano.<\/span><\/p>\n<p style=\"text-align: justify;\"><span style=\"color: #003366;\">La Fira, que tindr\u00e0 lloc al carrer Ausi\u00e0s March, obrir\u00e0 els seus estands de degustaci\u00f3 a les 12:00 hores, per\u00f2 no ser\u00e0 fins a les 12:30 hores quan es far\u00e0 la inauguraci\u00f3 oficial de la XX Fira Gastron\u00f2mica de la Vall d\u2019Albaida. A les 13:30 hores ser\u00e0 el torn de diverses degustacions de tapes i arr\u00f2s a c\u00e0rrec de restaurants de la comarca. De 16:00 a 18:00 hores la fira tancar\u00e0 per a tornar a obrir fins a les 23:30 hores. Durant tota la vesprada del dissabte la fira estar\u00e0 ambientada amb DJ\u2019s de m\u00fasica.<\/span><\/p>\n<p style=\"text-align: justify;\"><span style=\"color: #003366;\">Diumenge, l\u2019horari ser\u00e0 ininterromput des de les 11:00 hores fins a les 21:00 hores. A m\u00e9s, a les 12:00 hores la Fira tindr\u00e0 dos escenaris: en la pla\u00e7a Verge del Loreto se celebrar\u00e0 una \u201cGlobot\u00e0\u201d per a xiquets i l\u2019espectacle \u201cEl Cirquet\u201d, mentre que en el carrer Ausi\u00e0s March els assistents gaudiran de l\u2019actuaci\u00f3 del grup musical \u201cMimi y los trileros\u201d.<\/span><\/p>\n<p style=\"text-align: justify;\"><span style=\"color: #003366;\">Gomar destacava com la Fira Gastron\u00f2mica i Comercial de la Vall d\u2019Albaida s\u2019ha convertit, despr\u00e9s de dues d\u00e8cades d\u2019hist\u00f2ria, \u201cen un gran aparador per promocionar tots els productes de la comarca\u201d. \u201cA m\u00e9s, ja fa quatre anys que fem aquesta fira itinerant, de manera que tots els municipis puguen acollir aquest esdeveniment, que despr\u00e9s de 20 anys ja s\u2019ha consolidat al calendari de fires de la Vall d\u2019Albaida\u201d declarava.<\/span><\/p>\n<p style=\"text-align: justify;\"><span style=\"color: #003366;\">Per la seua part, des del consistori olleri\u00e0, Morri\u00f3 i Ruano incidien que la Fira Gastron\u00f2mica i Comercial coincidir\u00e0 amb la celebraci\u00f3 de la tradicional Fira de l\u2019Olleria, que tindr\u00e0 m\u00e9s de 120 paradetes i 30 atraccions, \u201cel que far\u00e0 que segur siga un cap de setmana amb una gran aflu\u00e8ncia de p\u00fablic\u201d. A m\u00e9s explicaven que, a la fira es comptar\u00e0 amb un Punt Violeta, per tal de conscienciar a la poblaci\u00f3 i lluitar per un espai d\u2019oci lliura d\u2019agressions sexistes.<\/span><\/p>\n<p style=\"text-align: justify;\"><span style=\"color: #003366;\">Cal recordar que la Fira Gastron\u00f2mica i Comercial de la Vall d\u2019Albaida \u00e9s una iniciativa organitzada per la Societat per la Promoci\u00f3 de la Vall d\u2019Albaida S.A (SOPROVA), amb la col\u00b7laboraci\u00f3 de l\u2019Ajuntament de l\u2019Olleria, la Conselleria d\u2019Economia Sostenible, Sectors Productius, Comer\u00e7 i Treball, Val\u00e8ncia Turisme i Caixa Ontinyent.<\/span><\/p>\n<p style=\"text-align: justify;\"><a href=\"http:\/\/www.portaldelolleria.es\/carteles\/fg2.jpg\" target=\"_blank\"><img loading=\"lazy\" class=\"aligncenter size-full wp-image-23698\" title=\"fg2x\" src=\"http:\/\/www.portaldelolleria.es\/wp-content\/uploads\/2019\/10\/fg2x.jpg\" alt=\"\" width=\"598\" height=\"426\" srcset=\"http:\/\/www.portaldelolleria.es\/wp-content\/uploads\/2019\/10\/fg2x.jpg 598w, http:\/\/www.portaldelolleria.es\/wp-content\/uploads\/2019\/10\/fg2x-300x213.jpg 300w\" sizes=\"(max-width: 598px) 100vw, 598px\" \/><\/a><\/p>\n<p style=\"text-align: justify;\"><a href=\"http:\/\/www.portaldelolleria.es\/carteles\/fg1.jpg\" target=\"_blank\"><img loading=\"lazy\" class=\"aligncenter size-full wp-image-23699\" title=\"fg1x\" src=\"http:\/\/www.portaldelolleria.es\/wp-content\/uploads\/2019\/10\/fg1x.jpg\" alt=\"\" width=\"598\" height=\"426\" srcset=\"http:\/\/www.portaldelolleria.es\/wp-content\/uploads\/2019\/10\/fg1x.jpg 598w, http:\/\/www.portaldelolleria.es\/wp-content\/uploads\/2019\/10\/fg1x-300x213.jpg 300w\" sizes=\"(max-width: 598px) 100vw, 598px\" \/><\/a><\/p>\n","protected":false},"excerpt":{"rendered":"<p>&nbsp; 22\/10\/2019 Mancomunitat de Municipis de la Vall d&#8217;Albaida L&#8217;Olleria acoge la XX Feria Gastron\u00f3mica y Comercial de Vall d&#8217;Albaida La cita, organizada por la Mancomunidad de Municipios de la Vall d&#8217;Abaida, se celebrar\u00e1 los d\u00edas 26 y 27 de octubre La Feria Gastron\u00f3mica y Comercial de\u00a0la Vall d&#8217;Abaida cumple 20 a\u00f1os y en esta [&hellip;]<\/p>\n","protected":false},"author":1,"featured_media":0,"comment_status":"closed","ping_status":"open","sticky":false,"template":"","format":"standard","meta":{"_monsterinsights_skip_tracking":false,"_monsterinsights_sitenote_active":false,"_monsterinsights_sitenote_note":"","_monsterinsights_sitenote_category":0},"categories":[16,12],"tags":[],"_links":{"self":[{"href":"http:\/\/www.portaldelolleria.es\/index.php?rest_route=\/wp\/v2\/posts\/23696"}],"collection":[{"href":"http:\/\/www.portaldelolleria.es\/index.php?rest_route=\/wp\/v2\/posts"}],"about":[{"href":"http:\/\/www.portaldelolleria.es\/index.php?rest_route=\/wp\/v2\/types\/post"}],"author":[{"embeddable":true,"href":"http:\/\/www.portaldelolleria.es\/index.php?rest_route=\/wp\/v2\/users\/1"}],"replies":[{"embeddable":true,"href":"http:\/\/www.portaldelolleria.es\/index.php?rest_route=%2Fwp%2Fv2%2Fcomments&post=23696"}],"version-history":[{"count":2,"href":"http:\/\/www.portaldelolleria.es\/index.php?rest_route=\/wp\/v2\/posts\/23696\/revisions"}],"predecessor-version":[{"id":23702,"href":"http:\/\/www.portaldelolleria.es\/index.php?rest_route=\/wp\/v2\/posts\/23696\/revisions\/23702"}],"wp:attachment":[{"href":"http:\/\/www.portaldelolleria.es\/index.php?rest_route=%2Fwp%2Fv2%2Fmedia&parent=23696"}],"wp:term":[{"taxonomy":"category","embeddable":true,"href":"http:\/\/www.portaldelolleria.es\/index.php?rest_route=%2Fwp%2Fv2%2Fcategories&post=23696"},{"taxonomy":"post_tag","embeddable":true,"href":"http:\/\/www.portaldelolleria.es\/index.php?rest_route=%2Fwp%2Fv2%2Ftags&post=23696"}],"curies":[{"name":"wp","href":"https:\/\/api.w.org\/{rel}","templated":true}]}}