{"id":23703,"date":"2019-10-23T18:14:52","date_gmt":"2019-10-23T16:14:52","guid":{"rendered":"http:\/\/www.portaldelolleria.es\/?p=23703"},"modified":"2019-10-23T19:14:26","modified_gmt":"2019-10-23T17:14:26","slug":"mimi-y-los-trileros-este-domingo-en-el-carrer-ausias-march","status":"publish","type":"post","link":"http:\/\/www.portaldelolleria.es\/?p=23703","title":{"rendered":"Mimi y Los Trileros este domingo en el \u00abcarrer Ausi\u00e0s March\u00bb"},"content":{"rendered":"<p style=\"text-align: justify;\">\u00a0<a href=\"http:\/\/www.portaldelolleria.es\/wp-content\/uploads\/2019\/10\/mimi.jpg\"><img loading=\"lazy\" class=\"aligncenter size-full wp-image-23704\" title=\"mimi\" src=\"http:\/\/www.portaldelolleria.es\/wp-content\/uploads\/2019\/10\/mimi.jpg\" alt=\"\" width=\"598\" height=\"401\" srcset=\"http:\/\/www.portaldelolleria.es\/wp-content\/uploads\/2019\/10\/mimi.jpg 598w, http:\/\/www.portaldelolleria.es\/wp-content\/uploads\/2019\/10\/mimi-300x201.jpg 300w\" sizes=\"(max-width: 598px) 100vw, 598px\" \/><\/a><\/p>\n<p style=\"text-align: justify;\">\u00a0Dentro de los actos de la Fira de l&#8217;Olleria y amenizando la XX Fira Gastron\u00f3mica de la Vall d&#8217;Albaida,\u00a0 este domingo a partir de las 12h,\u00a0 actuaci\u00f3n del grupo musical\u00a0 Mimi y Los Trileros en la calle Ausi\u00e0s March.<\/p>\n<p style=\"text-align: justify;\">El grupo interpreta un repertorio variado al que le aporta su propia visi\u00f3n.\u00a0 Destacan por su \u00abbuena\u00bb conexi\u00f3n con el p\u00fablico.<\/p>\n<div style=\"text-align: justify;\">Componentes: Miriam Albero (Voz), Camilo Gonz\u00e1lez (Guitarras), Xavi Torr\u00f3 (Bater\u00eda), V\u00edctor Fern\u00e1ndez (Bajo y Contrabajo)<\/div>\n<div style=\"text-align: justify;\">_________________________<\/div>\n<div style=\"text-align: justify;\">\n<p><span style=\"color: #003366;\">Dins dels actes de la Fira de l&#8217;Olleria i amenitzant la XX Fira Gastron\u00f2mica de la Vall d&#8217;Albaida, aquest diumenge a partir de les 12h, actuaci\u00f3 del grup musical Mimi y Los Trileros al carrer Ausi\u00e0s March.<\/span><\/p>\n<p><span style=\"color: #003366;\">El grup interpreta un repertori variat al que li aporta la seua pr\u00f2pia visi\u00f3. Destaquen per la seua \u00abbona\u00bb connexi\u00f3 amb el p\u00fablic.<\/span><br \/>\n<span style=\"color: #003366;\">Components: Miriam Albero (Veu), Camilo Gonz\u00e1lez (Guitarres), Xavi Torr\u00f3 (Bateria), V\u00edctor Fern\u00e1ndez (Baix i Contrabaix)<\/span><\/p>\n<\/div>\n<p><iframe loading=\"lazy\" src=\"https:\/\/www.youtube.com\/embed\/OxnmHE3UNj0\" frameborder=\"0\" width=\"598\" height=\"369\"><\/iframe><\/p>\n","protected":false},"excerpt":{"rendered":"<p>\u00a0 \u00a0Dentro de los actos de la Fira de l&#8217;Olleria y amenizando la XX Fira Gastron\u00f3mica de la Vall d&#8217;Albaida,\u00a0 este domingo a partir de las 12h,\u00a0 actuaci\u00f3n del grupo musical\u00a0 Mimi y Los Trileros en la calle Ausi\u00e0s March. El grupo interpreta un repertorio variado al que le aporta su propia visi\u00f3n.\u00a0 Destacan por [&hellip;]<\/p>\n","protected":false},"author":1,"featured_media":0,"comment_status":"closed","ping_status":"open","sticky":false,"template":"","format":"standard","meta":{"_monsterinsights_skip_tracking":false,"_monsterinsights_sitenote_active":false,"_monsterinsights_sitenote_note":"","_monsterinsights_sitenote_category":0},"categories":[15,12],"tags":[],"_links":{"self":[{"href":"http:\/\/www.portaldelolleria.es\/index.php?rest_route=\/wp\/v2\/posts\/23703"}],"collection":[{"href":"http:\/\/www.portaldelolleria.es\/index.php?rest_route=\/wp\/v2\/posts"}],"about":[{"href":"http:\/\/www.portaldelolleria.es\/index.php?rest_route=\/wp\/v2\/types\/post"}],"author":[{"embeddable":true,"href":"http:\/\/www.portaldelolleria.es\/index.php?rest_route=\/wp\/v2\/users\/1"}],"replies":[{"embeddable":true,"href":"http:\/\/www.portaldelolleria.es\/index.php?rest_route=%2Fwp%2Fv2%2Fcomments&post=23703"}],"version-history":[{"count":4,"href":"http:\/\/www.portaldelolleria.es\/index.php?rest_route=\/wp\/v2\/posts\/23703\/revisions"}],"predecessor-version":[{"id":23716,"href":"http:\/\/www.portaldelolleria.es\/index.php?rest_route=\/wp\/v2\/posts\/23703\/revisions\/23716"}],"wp:attachment":[{"href":"http:\/\/www.portaldelolleria.es\/index.php?rest_route=%2Fwp%2Fv2%2Fmedia&parent=23703"}],"wp:term":[{"taxonomy":"category","embeddable":true,"href":"http:\/\/www.portaldelolleria.es\/index.php?rest_route=%2Fwp%2Fv2%2Fcategories&post=23703"},{"taxonomy":"post_tag","embeddable":true,"href":"http:\/\/www.portaldelolleria.es\/index.php?rest_route=%2Fwp%2Fv2%2Ftags&post=23703"}],"curies":[{"name":"wp","href":"https:\/\/api.w.org\/{rel}","templated":true}]}}