{"id":23708,"date":"2019-10-23T19:09:02","date_gmt":"2019-10-23T17:09:02","guid":{"rendered":"http:\/\/www.portaldelolleria.es\/?p=23708"},"modified":"2019-10-23T19:40:45","modified_gmt":"2019-10-23T17:40:45","slug":"la-diputacion-insta-a-la-generalitat-a-que-acometa-el-desdoblamiento-de-la-cv60-terrateig-lolleria","status":"publish","type":"post","link":"http:\/\/www.portaldelolleria.es\/?p=23708","title":{"rendered":"La Diputaci\u00f3n insta a la Generalitat para que acometa el desdoblamiento de la CV60 (Terrateig-L&#8217;Olleria)"},"content":{"rendered":"<p style=\"text-align: justify;\"><a href=\"http:\/\/www.portaldelolleria.es\/wp-content\/uploads\/2019\/10\/dival.jpg\"><img loading=\"lazy\" class=\"aligncenter size-full wp-image-23709\" title=\"dival\" src=\"http:\/\/www.portaldelolleria.es\/wp-content\/uploads\/2019\/10\/dival.jpg\" alt=\"\" width=\"598\" height=\"396\" srcset=\"http:\/\/www.portaldelolleria.es\/wp-content\/uploads\/2019\/10\/dival.jpg 598w, http:\/\/www.portaldelolleria.es\/wp-content\/uploads\/2019\/10\/dival-300x198.jpg 300w\" sizes=\"(max-width: 598px) 100vw, 598px\" \/><\/a><\/p>\n<p style=\"text-align: justify;\">La Diputaci\u00f3 de Valencia se reuni\u00f3 en sesi\u00f3n plenaria, correspondiente al mes de octubre.\u00a0 Los 6 grupos representados en el parlamento provincial deciden por unanimidad intensificar la cobertura a comarcas de interior, el desdoblamiento de la CV-60,\u00a0 mejorar la CV-610 en La Vall y condenar los disturbios y la violencia en Catalu\u00f1a.<\/p>\n<p style=\"text-align: justify;\">A propuesta de La Vall ens Uneix,\u00a0 se insta a la Generalitat\u00a0 para que acometa el desdoblamiento del tramo pendiente de la CV-60\u00a0 que une l&#8217;Olleria con Gand\u00eda.<\/p>\n<p style=\"text-align: justify;\"><strong>Declaraciones institucionales<\/strong><\/p>\n<p style=\"text-align: justify;\">En el apartado de declaraciones institucionales, le\u00eddas por Toni Gaspar al final del pleno, el primero de los acuerdos se ha dado en materia de carreteras, con el respaldo a los ayuntamientos de la Vall d\u2019Albaida para mejorar carreteras de la comarca, concretamente el <strong>desdoblamiento de la CV-60, en el tramo entre Terrateig y l\u2019Olleria<\/strong>, y el refuerzo de la seguridad en la CV-610, desviando el tr\u00e1nsito de las poblaciones que atraviesa. En ambas actuaciones hay implicadas otras administraciones.<\/p>\n<p style=\"text-align: justify;\">Por otro lado, los 6 grupos con representaci\u00f3n en el pleno provincial han firmado una declaraci\u00f3n institucional, a semejanza de la presentada por la Federaci\u00f3n Valenciana de Municipios y Provincias (FVMP), que rechaza los disturbios y actuaciones violentas que se vienen produciendo estos d\u00edas en las calles de municipios de Catalu\u00f1a, as\u00ed como cualquier movimiento que coarte la libertad y atente contra la seguridad de las personas.<\/p>\n<p style=\"text-align: justify;\">En la misma l\u00ednea, el texto apoya a los responsables e instituciones locales, as\u00ed como al Gobierno y las Fuerzas y Cuerpos de Seguridad del Estado que trabajan para garantizar la seguridad de sus vecinos y vecinas, en defensa de la Constituci\u00f3n y la democracia.<\/p>\n<p style=\"text-align: justify;\">En el debate de las distintas mociones tambi\u00e9n hubo diferencias, como el criterio en la concesi\u00f3n de subvenciones a entidades culturales como Escola Valenciana y Acci\u00f3 Cultural. Seg\u00fan la portavoz de Ciudadanos, Roc\u00edo Gil, \u201cpor cuestiones ideol\u00f3gicas\u201d; seg\u00fan el equipo de gobierno, \u201cpor criterios t\u00e9cnicos dentro de una concurrencia competitiva, sin condicionantes ideol\u00f3gicos\u201d. La an\u00e9cdota, esta vez, un receso de 5 minutos que concedi\u00f3 el presidente para que la entente entre los representantes provinciales siga siendo protagonista.<\/p>\n<p style=\"text-align: justify;\">Ver noticia original en\u00a0 <a href=\"https:\/\/www.dival.es\/es\/sala-prensa\/content\/la-diputacio-insta-la-chj-invertir-en-la-limpieza-de-barrancos-y-rios-y-avanza-ayudas-contra\" target=\"_blank\">Diputaci\u00f3n de Valencia<\/a><\/p>\n<p style=\"text-align: justify;\">___________________________________<\/p>\n<p style=\"text-align: justify;\"><span style=\"color: #003366;\">La Diputaci\u00f3 de Val\u00e8ncia es va reunir en sessi\u00f3 plen\u00e0ria, corresponent al mes d&#8217;octubre. Els 6 grups representats al parlament provincial decideixen per unanimitat intensificar la cobertura a comarques d&#8217;interior, el desdoblament de la CV-60, millorar la CV-610 a La Vall i condemnar els disturbis i la viol\u00e8ncia a Catalunya.<\/span><\/p>\n<p style=\"text-align: justify;\"><span style=\"color: #003366;\">A proposta de la Vall ens Uneix, s&#8217;insta a trav\u00e9s de la declaraci\u00f3n institucional aprobada, a la Generalitat que emprenga el desdoblament del tram pendent de la CV-60 que uneix l&#8217;Olleria amb Gandia.<\/span><\/p>\n<p style=\"text-align: justify;\"><span style=\"color: #003366;\">declaracions institucionals<\/span><\/p>\n<p style=\"text-align: justify;\"><span style=\"color: #003366;\">En l&#8217;apartat de declaracions institucionals, llegides per Toni Gaspar al final del ple, el primer dels acords s&#8217;ha donat en mat\u00e8ria de carreteres, amb el suport als ajuntaments de la Vall d&#8217;Albaida per millorar carreteres de la comarca, concretament el desdoblament de la CV-60, al tram entre Terrateig i l&#8217;Olleria, i el refor\u00e7 de la seguretat a la CV-610, desviant el tr\u00e0nsit de les poblacions que travessa. En ambdues actuacions hi ha implicades altres administracions.<\/span><\/p>\n<p style=\"text-align: justify;\"><span style=\"color: #003366;\">D&#8217;altra banda, els 6 grups amb representaci\u00f3 en el ple provincial han signat una declaraci\u00f3 institucional, a semblan\u00e7a de la presentada per la Federaci\u00f3 Valenciana de Municipis i Prov\u00edncies (FVMP), que rebutja els disturbis i actuacions violentes que es produeixen aquests dies a els carrers de municipis de Catalunya, aix\u00ed com qualsevol moviment que coarti la llibertat i atempti contra la seguretat de les persones.<\/span><\/p>\n<p style=\"text-align: justify;\"><span style=\"color: #003366;\">En la mateixa l\u00ednia, el text d\u00f3na suport als responsables i institucions locals, aix\u00ed com al Govern i les Forces i Cossos de Seguretat de l&#8217;Estat que treballen per garantir la seguretat dels seus ve\u00efns i ve\u00efnes, en defensa de la Constituci\u00f3 i la democr\u00e0cia.<\/span><\/p>\n<p style=\"text-align: justify;\"><span style=\"color: #003366;\">En el debat de les diferents mocions tamb\u00e9 hi va haver difer\u00e8ncies, com el criteri en la concessi\u00f3 de subvencions a entitats culturals com Escola Valenciana i Acci\u00f3 Cultural. Segons la portaveu de Ciutadans, Roc\u00edo Gil, \u00abper q\u00fcestions ideol\u00f2giques\u00bb; segons l&#8217;equip de govern, \u00abper criteris t\u00e8cnics dins d&#8217;una concurr\u00e8ncia competitiva, sense condicionants ideol\u00f2gics\u00bb. L&#8217;an\u00e8cdota, aquesta vegada, un rec\u00e9s de 5 minuts que va concedir el president perqu\u00e8 l&#8217;entesa entre els representants provincials segueixi sent protagonista.<\/span><\/p>\n","protected":false},"excerpt":{"rendered":"<p>La Diputaci\u00f3 de Valencia se reuni\u00f3 en sesi\u00f3n plenaria, correspondiente al mes de octubre.\u00a0 Los 6 grupos representados en el parlamento provincial deciden por unanimidad intensificar la cobertura a comarcas de interior, el desdoblamiento de la CV-60,\u00a0 mejorar la CV-610 en La Vall y condenar los disturbios y la violencia en Catalu\u00f1a. A propuesta de [&hellip;]<\/p>\n","protected":false},"author":1,"featured_media":0,"comment_status":"closed","ping_status":"open","sticky":false,"template":"","format":"standard","meta":{"_monsterinsights_skip_tracking":false,"_monsterinsights_sitenote_active":false,"_monsterinsights_sitenote_note":"","_monsterinsights_sitenote_category":0},"categories":[171,12],"tags":[],"_links":{"self":[{"href":"http:\/\/www.portaldelolleria.es\/index.php?rest_route=\/wp\/v2\/posts\/23708"}],"collection":[{"href":"http:\/\/www.portaldelolleria.es\/index.php?rest_route=\/wp\/v2\/posts"}],"about":[{"href":"http:\/\/www.portaldelolleria.es\/index.php?rest_route=\/wp\/v2\/types\/post"}],"author":[{"embeddable":true,"href":"http:\/\/www.portaldelolleria.es\/index.php?rest_route=\/wp\/v2\/users\/1"}],"replies":[{"embeddable":true,"href":"http:\/\/www.portaldelolleria.es\/index.php?rest_route=%2Fwp%2Fv2%2Fcomments&post=23708"}],"version-history":[{"count":8,"href":"http:\/\/www.portaldelolleria.es\/index.php?rest_route=\/wp\/v2\/posts\/23708\/revisions"}],"predecessor-version":[{"id":23717,"href":"http:\/\/www.portaldelolleria.es\/index.php?rest_route=\/wp\/v2\/posts\/23708\/revisions\/23717"}],"wp:attachment":[{"href":"http:\/\/www.portaldelolleria.es\/index.php?rest_route=%2Fwp%2Fv2%2Fmedia&parent=23708"}],"wp:term":[{"taxonomy":"category","embeddable":true,"href":"http:\/\/www.portaldelolleria.es\/index.php?rest_route=%2Fwp%2Fv2%2Fcategories&post=23708"},{"taxonomy":"post_tag","embeddable":true,"href":"http:\/\/www.portaldelolleria.es\/index.php?rest_route=%2Fwp%2Fv2%2Ftags&post=23708"}],"curies":[{"name":"wp","href":"https:\/\/api.w.org\/{rel}","templated":true}]}}