{"id":23721,"date":"2019-10-28T17:10:09","date_gmt":"2019-10-28T15:10:09","guid":{"rendered":"http:\/\/www.portaldelolleria.es\/?p=23721"},"modified":"2019-10-28T17:10:09","modified_gmt":"2019-10-28T15:10:09","slug":"horario-y-servicio-de-transporte-al-cementerio-para-el-dia-1-de-noviembre","status":"publish","type":"post","link":"http:\/\/www.portaldelolleria.es\/?p=23721","title":{"rendered":"Horario y servicio de transporte al cementerio para el d\u00eda 1 de noviembre"},"content":{"rendered":"<p><a href=\"http:\/\/www.portaldelolleria.es\/wp-content\/uploads\/2019\/10\/cementerioi.jpg\"><img loading=\"lazy\" class=\"aligncenter size-full wp-image-23723\" title=\"cementerioi\" src=\"http:\/\/www.portaldelolleria.es\/wp-content\/uploads\/2019\/10\/cementerioi.jpg\" alt=\"\" width=\"598\" height=\"420\" srcset=\"http:\/\/www.portaldelolleria.es\/wp-content\/uploads\/2019\/10\/cementerioi.jpg 598w, http:\/\/www.portaldelolleria.es\/wp-content\/uploads\/2019\/10\/cementerioi-300x210.jpg 300w\" sizes=\"(max-width: 598px) 100vw, 598px\" \/><\/a><\/p>\n<p>&nbsp;<\/p>\n<p>El Ayuntamiento informa que las personas que no tengan medios para desplazarse y est\u00e9n interesadas en acudir al cementerio el viernes 1 de noviembre, fiesta de Todos los Santos, tiene a su disposici\u00f3n el\u00a0 veh\u00edculo de protecci\u00f3n civil. Para ello, deber\u00e1n comunicarlo previamente en el tel\u00e9fono de la Polic\u00eda Local, 96 220 04 11, desde hoy,\u00a0 hasta el jueves 31 de octubre<\/p>\n<p>__________________________<\/p>\n<p><span style=\"color: #003366;\">L&#8217;Ajuntament informa que les persones que no tinguin mitjans per despla\u00e7ar-se i estiguen interessats a acudir al cement\u00e8ri el divendres 1 de novembre, festa de Tots Sants, t\u00e9 a la seua disposici\u00f3 el vehicle de protecci\u00f3 civil. Per a aix\u00f2, hauran de comunicar-ho pr\u00e8viament al tel\u00e8fon de la Policia Local, 96.220 11 abr, des de hui, fins al dijous 31 de octubre.<\/span><\/p>\n<p>&nbsp;<\/p>\n<p><a href=\"http:\/\/www.portaldelolleria.es\/wp-content\/uploads\/2019\/10\/cementerio2.jpg\"><img loading=\"lazy\" class=\"aligncenter size-full wp-image-23722\" title=\"cementerio2\" src=\"http:\/\/www.portaldelolleria.es\/wp-content\/uploads\/2019\/10\/cementerio2.jpg\" alt=\"\" width=\"598\" height=\"352\" srcset=\"http:\/\/www.portaldelolleria.es\/wp-content\/uploads\/2019\/10\/cementerio2.jpg 598w, http:\/\/www.portaldelolleria.es\/wp-content\/uploads\/2019\/10\/cementerio2-300x176.jpg 300w\" sizes=\"(max-width: 598px) 100vw, 598px\" \/><\/a><\/p>\n","protected":false},"excerpt":{"rendered":"<p>&nbsp; El Ayuntamiento informa que las personas que no tengan medios para desplazarse y est\u00e9n interesadas en acudir al cementerio el viernes 1 de noviembre, fiesta de Todos los Santos, tiene a su disposici\u00f3n el\u00a0 veh\u00edculo de protecci\u00f3n civil. Para ello, deber\u00e1n comunicarlo previamente en el tel\u00e9fono de la Polic\u00eda Local, 96 220 04 11, [&hellip;]<\/p>\n","protected":false},"author":1,"featured_media":0,"comment_status":"closed","ping_status":"open","sticky":false,"template":"","format":"standard","meta":{"_monsterinsights_skip_tracking":false,"_monsterinsights_sitenote_active":false,"_monsterinsights_sitenote_note":"","_monsterinsights_sitenote_category":0},"categories":[3,12],"tags":[],"_links":{"self":[{"href":"http:\/\/www.portaldelolleria.es\/index.php?rest_route=\/wp\/v2\/posts\/23721"}],"collection":[{"href":"http:\/\/www.portaldelolleria.es\/index.php?rest_route=\/wp\/v2\/posts"}],"about":[{"href":"http:\/\/www.portaldelolleria.es\/index.php?rest_route=\/wp\/v2\/types\/post"}],"author":[{"embeddable":true,"href":"http:\/\/www.portaldelolleria.es\/index.php?rest_route=\/wp\/v2\/users\/1"}],"replies":[{"embeddable":true,"href":"http:\/\/www.portaldelolleria.es\/index.php?rest_route=%2Fwp%2Fv2%2Fcomments&post=23721"}],"version-history":[{"count":1,"href":"http:\/\/www.portaldelolleria.es\/index.php?rest_route=\/wp\/v2\/posts\/23721\/revisions"}],"predecessor-version":[{"id":23724,"href":"http:\/\/www.portaldelolleria.es\/index.php?rest_route=\/wp\/v2\/posts\/23721\/revisions\/23724"}],"wp:attachment":[{"href":"http:\/\/www.portaldelolleria.es\/index.php?rest_route=%2Fwp%2Fv2%2Fmedia&parent=23721"}],"wp:term":[{"taxonomy":"category","embeddable":true,"href":"http:\/\/www.portaldelolleria.es\/index.php?rest_route=%2Fwp%2Fv2%2Fcategories&post=23721"},{"taxonomy":"post_tag","embeddable":true,"href":"http:\/\/www.portaldelolleria.es\/index.php?rest_route=%2Fwp%2Fv2%2Ftags&post=23721"}],"curies":[{"name":"wp","href":"https:\/\/api.w.org\/{rel}","templated":true}]}}