{"id":23737,"date":"2019-10-30T12:35:19","date_gmt":"2019-10-30T10:35:19","guid":{"rendered":"http:\/\/www.portaldelolleria.es\/?p=23737"},"modified":"2020-02-06T12:32:09","modified_gmt":"2020-02-06T10:32:09","slug":"la-35%c2%ba-mostra-internacional-de-titelles-se-celebrara-del-7-al-10-de-novembre","status":"publish","type":"post","link":"http:\/\/www.portaldelolleria.es\/?p=23737","title":{"rendered":"La 35\u00ba Mostra Internacional de Titelles se celebrar\u00e0 del 7 al 10 de novembre"},"content":{"rendered":"<p><img loading=\"lazy\" class=\"aligncenter size-full wp-image-23743\" title=\"13.45\" src=\"http:\/\/www.portaldelolleria.es\/wp-content\/uploads\/2019\/10\/13.45.jpg\" alt=\"\" width=\"598\" height=\"389\" srcset=\"http:\/\/www.portaldelolleria.es\/wp-content\/uploads\/2019\/10\/13.45.jpg 598w, http:\/\/www.portaldelolleria.es\/wp-content\/uploads\/2019\/10\/13.45-300x195.jpg 300w\" sizes=\"(max-width: 598px) 100vw, 598px\" \/><\/p>\n<p>&nbsp;<\/p>\n<p style=\"text-align: justify;\"><strong>30 representacions, 14 companyies i 19 municipis participaran en la XXXV Mostra Internacional de Titelles a la Vall d\u2019Albaida<\/strong><\/p>\n<p style=\"text-align: justify;\">La companyia txeca Pavel Smid oferir\u00e0 el seu espectacle \u201cUn cuento del viento\u201d a Castell\u00f3 de Rugat<\/p>\n<p style=\"text-align: justify;\">La Mostra Internacional de Titelles a la Vall d\u2019Albaida (MIT), que se celebrar\u00e0 del 7 al 10 de novembre, estar\u00e0 composta de 30 representacions de 14 companyies diferents en 19 municipis de la comarca. Aix\u00ed ho anunciaven aquest dilluns a la presentaci\u00f3 oficial de tota la programaci\u00f3, que es duia a terme a la seu de la Mancomunitat de Municipis de la Vall d\u2019Albaida. Junt amb el president de la Mancomunitat, Vicent Gomar, tamb\u00e9 participaven el diputat de Cultura, Xavier Rius; el director general de l\u2019Institut Valenci\u00e0 de Cultura, Abel Guarinos; i la directora art\u00edstica de la MIT, Marisol Limi\u00f1ana.<\/p>\n<p style=\"text-align: justify;\">Gomar obria l\u2019acte agraint \u201cel treball i l\u2019esfor\u00e7 que fan tots els pobles de la Vall d\u2019Albaida, personal de la Mancomunitat, i administracions p\u00fabliques, per tirar endavant aquesta Mostra que ja compleix 35 anys d\u2019hist\u00f2ria i que treballa des del municipalisme i fent cultura entre tots\u201d. \u201cEl m\u00f3n del titella i del teatre d\u2019objectes s\u00f3n espectacles que sorprenen tant a majors com a menuts, i des d\u2019ac\u00ed anime a tothom a gaudir de la Mostra\u201d declarava Gomar.<\/p>\n<p style=\"text-align: justify;\">Des de la Diputaci\u00f3 de Val\u00e8ncia, Xavier Rius, destacava la uni\u00f3 de tots els municipis, siguen del color que siguen, en aquesta Mostra Internacional de Titelles que ha fet que la Vall d\u2019Albaida siga reconeguda fora del territori valenci\u00e0.<\/p>\n<p style=\"text-align: justify;\">Per la seua part, Abel Guarinos, incidia en la import\u00e0ncia que t\u00e9 aquest tipus d\u2019iniciatives amb les quals es defensa que la cultura arribe a tots els municipis, independentment de la seua poblaci\u00f3. Guarinos destacava tamb\u00e9 com un festival que va n\u00e0ixer de manera modesta s\u2019ha convertit a poc a poc en internacional i ha abastat a tota classe de p\u00fablic.<\/p>\n<p style=\"text-align: justify;\">Finalment, Marisol Limi\u00f1ana, qui porta ja dos anys al capdavant de la direcci\u00f3 art\u00edstica de la MIT, explicava que aquest festival no \u00e9s internacional \u00fanicament per comptar amb artistes estrangers, sin\u00f3 que moltes de les companyies nacionals han presentat els seus espectacles arreu del m\u00f3n, com \u00e9s el cas de la companyia Javier Aranda qui aquests dies es troba a La Habana (Cuba). Ser\u00e0 justament aquesta companyia qui representar\u00e0 \u201cVida\u201d, una obra dedicada per al p\u00fablic m\u00e9s adult, qui demostrar\u00e0 que els\u00a0 titelles no s\u00f3n nom\u00e9s cosa de xiquets.<\/p>\n<p style=\"text-align: justify;\">Totes les intervencions han coincidit en destacar el car\u00e0cter mancomunat de la MIT i la democratitzaci\u00f3 de la cultura, ja que aquesta iniciativa permet que espectacles de qualitat i amb renom internacional arriben a poblacions molt menudes.<\/p>\n<p style=\"text-align: justify;\">D\u2019aquesta manera s\u2019ha donat a con\u00e9ixer la programaci\u00f3 al complet. A la companyia txeca Pavel Smid ja anunciada al mes de juliol, s\u2019afegeixen Festuc Teatre, La Tartana, Teatro Gorakada, La Carreta Teatre, La Gotera de Lazotea, Teatre a m\u00e0, Vud\u00fa Teatre, Centre de Titelles de Lleida, Xirriquiteula Teatre, Xavi Lozano, Companyia Javier Aranda, Cazando Gamusinos i Companyia Lucas Escobedo.<\/p>\n<p style=\"text-align: justify;\">Aquestes companyies procedents de la Comunitat Valenciana, Pa\u00eds Basc, Catalunya, Rep\u00fablica Txeca, Madrid o Arag\u00f3, realitzaran fins a 30 representacions, \u00a0per a tots els p\u00fablics, a 19 municipis de la comarca: Benig\u00e0nim, Montaverner, Atzeneta d\u2019Albaida, Aielo de Malferit, Salem, l\u2019Olleria, Otos, Montitxelvo, Fontanars dels Alforins, Castell\u00f3 de Rugat, Ontinyent, el Palomar, el R\u00e0fol de Salem, Albaida, Alfarras\u00ed, Fontanars dels Alforins, Agullent, la Pobla del Duc i Quatretonda.<\/p>\n<p style=\"text-align: justify;\">Cal destacar que el diumenge dia 10, la Companyia Lucas Escobedo representar\u00e0 \u201cYOLO\u201d a la capital de la Vall d\u2019Albaida, una activitat organitzada per l\u2019Ajuntament d\u2019Ontinyent i que encara que no est\u00e0 inclosa a la MIT, aquesta s\u2019ha fet ress\u00f2 al tractar-se tamb\u00e9 d\u2019una oferta cultural dins del teatre d\u2019objectes.<\/p>\n<p style=\"text-align: justify;\">La programaci\u00f3 al detall es podr\u00e0 consultar a la web de la MIT i a la de la Mancomunitat de Municipis de la Vall d\u2019Albaida.<\/p>\n<p style=\"text-align: justify;\"><a href=\"http:\/\/www.valldalbaida.es\/sites\/default\/files\/u18\/whatsapp_image_2019-10-28_at_14.37.39.jpeg\" target=\"_blank\"><img loading=\"lazy\" class=\"aligncenter size-full wp-image-23740\" title=\"1345m\" src=\"http:\/\/www.portaldelolleria.es\/wp-content\/uploads\/2019\/10\/1345m.jpg\" alt=\"\" width=\"598\" height=\"209\" srcset=\"http:\/\/www.portaldelolleria.es\/wp-content\/uploads\/2019\/10\/1345m.jpg 598w, http:\/\/www.portaldelolleria.es\/wp-content\/uploads\/2019\/10\/1345m-300x104.jpg 300w\" sizes=\"(max-width: 598px) 100vw, 598px\" \/><\/a><\/p>\n<p style=\"text-align: justify;\"><a href=\"http:\/\/www.valldalbaida.es\/sites\/default\/files\/u18\/whatsapp_image_2019-10-28_at_14.39.21.jpeg\" target=\"_blank\"><img loading=\"lazy\" class=\"aligncenter size-full wp-image-23741\" title=\"1345mm\" src=\"http:\/\/www.portaldelolleria.es\/wp-content\/uploads\/2019\/10\/1345mm.jpg\" alt=\"\" width=\"598\" height=\"209\" srcset=\"http:\/\/www.portaldelolleria.es\/wp-content\/uploads\/2019\/10\/1345mm.jpg 598w, http:\/\/www.portaldelolleria.es\/wp-content\/uploads\/2019\/10\/1345mm-300x104.jpg 300w\" sizes=\"(max-width: 598px) 100vw, 598px\" \/><\/a><\/p>\n<p style=\"text-align: justify;\"><span style=\"color: #003366;\"><strong>30 representaciones, 14 compa\u00f1\u00edas y 19 municipios participar\u00e1n en la XXXV Muestra Internacional de T\u00edteres en la Vall d&#8217;Albaida<\/strong><\/span><\/p>\n<p><span style=\"color: #003366;\">La compa\u00f1\u00eda checa Pavel Smid ofrecer\u00e1 su espect\u00e1culo \u00abUn cuento del viento\u00bb en Castell\u00f3 de Rugat<\/span><\/p>\n<p><span style=\"color: #003366;\">La Muestra Internacional de T\u00edteres de la Vall d&#8217;Albaida(MIT), que se celebrar\u00e1 del 7 al 10 de noviembre, estar\u00e1 compuesta de 30 representaciones de 14 compa\u00f1\u00edas diferentes en 19 municipios de la comarca. As\u00ed lo anunciaban este lunes a la presentaci\u00f3n oficial de toda la programaci\u00f3n, que se llevaba a cabo en la sede de la Mancomunidad de Municipios de la Vall d&#8217;Albaida. Junto con el presidente de la Mancomunidad, Vicente Gomar, tambi\u00e9n participaban el diputado de Cultura, Xavier Rius; el director general del Instituto Valenciano de Cultura, Abel Guarinos; y la directora art\u00edstica de la MIT, Marisol Limi\u00f1ana.<\/span><\/p>\n<p><span style=\"color: #003366;\">Gomar abr\u00eda el acto agradeciendo \u00abel trabajo y el esfuerzo que hacen todos los pueblos del Valle de Albaida, personal de la Mancomunidad, y administraciones p\u00fablicas, para sacar adelante esta Muestra que ya cumple 35 a\u00f1os de historia y que trabaja desde el municipalismo y haciendo cultura entre todos \u00ab. \u00abEl mundo del t\u00edtere y del teatro de objetos son espect\u00e1culos que sorprenden tanto a mayores como a peque\u00f1os, y desde aqu\u00ed animo a todos a disfrutar de la Muestra\u00bb declaraba Gomar.<\/span><\/p>\n<p><span style=\"color: #003366;\">Desde la Diputaci\u00f3n de Valencia, Xavier Rius, destacaba la uni\u00f3n de todos los municipios, sean del color que sean, en esta Muestra Internacional de T\u00edteres que ha hecho que la Vall d&#8217;Albaida sea reconocida fuera del territorio valenciano.<\/span><\/p>\n<p><span style=\"color: #003366;\">Por su parte, Abel Guarinos, incid\u00eda en la importancia que tiene este tipo de iniciativas con las que se defiende que la cultura llegue a todos los municipios, independientemente de su poblaci\u00f3n. Guarinos destacaba tambi\u00e9n como un festival que naci\u00f3 de manera modesta se ha convertido poco a poco en internacional y ha abarcado a toda clase de p\u00fablico.<\/span><\/p>\n<p><span style=\"color: #003366;\">Finalmente, Marisol Limi\u00f1ana, quien lleva ya dos a\u00f1os al frente de la direcci\u00f3n art\u00edstica de la MIT, explicaba que este festival no es internacional \u00fanicamente por contar con artistas extranjeros, sino que muchas de las compa\u00f1\u00edas nacionales han presentado sus espect\u00e1culos en todo el mundo, como es el caso de la compa\u00f1\u00eda Javier Aranda quien estos d\u00edas se encuentra en la Habana (Cuba). Ser\u00e1 justamente esta compa\u00f1\u00eda quien representar\u00e1 \u00abVida\u00bb, una obra dedicada para el p\u00fablico m\u00e1s adulto, quien demostrar\u00e1 que los t\u00edteres no son s\u00f3lo cosa de ni\u00f1os.<\/span><\/p>\n<p><span style=\"color: #003366;\">Todas las intervenciones coincidieron en destacar el car\u00e1cter mancomunado de la MIT y la democratizaci\u00f3n de la cultura, ya que esta iniciativa permite que espect\u00e1culos de calidad y con renombre internacional llegan a poblaciones muy peque\u00f1as.<\/span><\/p>\n<p><span style=\"color: #003366;\">De esta manera se ha dado a conocer la programaci\u00f3n al completo. A la compa\u00f1\u00eda checa Pavel Smid ya anunciada en el mes de julio, se a\u00f1aden Pistacho Teatro, La Tartana, Teatro Gorakada, La Carreta Teatro, La Gotera de Lazotea, Teatro a mano, Vud\u00fa Teatro, Centro de T\u00edteres de Lleida, Xirriquiteula Teatro, Xavi Lozano, Compa\u00f1\u00eda Javier Aranda, Cazando Gamusinos y Compa\u00f1\u00eda Lucas Escobedo.<\/span><\/p>\n<p><span style=\"color: #003366;\">Estas compa\u00f1\u00edas procedentes de la Comunidad Valenciana, Pa\u00eds Vasco, Catalu\u00f1a, Rep\u00fablica Checa, Madrid o Arag\u00f3n, realizar\u00e1n hasta 30 representaciones, para todos los p\u00fablicos, a 19 municipios de la comarca: Benig\u00e0nim, Montaverner, Atzeneta d&#8217;Albaida, Aielo de Malferit, Salem, l&#8217;Oller\u00eda, Otos, Montitxelvo, Fontanars, Castell\u00f3 de Rugat, Ontinyent, Palomar, R\u00e0fol de Salem, Albaida, Alfarras\u00ed, Fontanares, Agullent, la Pobla del Duc y Quatretonda.<\/span><\/p>\n<p><span style=\"color: #003366;\">Cabe destacar que el domingo d\u00eda 10, la Compa\u00f1\u00eda Lucas Escobedo representar\u00e1 \u00abYOLO\u00bb en la capital de la Vall d&#8217;Albaida, una actividad organizada por el Ayuntamiento de Ontinyent y que aunque no est\u00e1 incluida en la MIT, esta se ha hecho eco al tratarse tambi\u00e9n de una oferta cultural dentro del teatro de objetos.<\/span><\/p>\n<p><span style=\"color: #003366;\">La programaci\u00f3n al detalle se podr\u00e1 consultar en la web de la MIT y en la de la Mancomunidad de Municipios de la Vall d&#8217;Albaida.<\/span><\/p>\n<p style=\"text-align: justify;\"><img loading=\"lazy\" class=\"aligncenter size-full wp-image-23742\" title=\"1345mmn\" src=\"http:\/\/www.portaldelolleria.es\/wp-content\/uploads\/2019\/10\/1345mmn.jpg\" alt=\"\" width=\"598\" height=\"832\" srcset=\"http:\/\/www.portaldelolleria.es\/wp-content\/uploads\/2019\/10\/1345mmn.jpg 598w, http:\/\/www.portaldelolleria.es\/wp-content\/uploads\/2019\/10\/1345mmn-215x300.jpg 215w\" sizes=\"(max-width: 598px) 100vw, 598px\" \/><\/p>\n","protected":false},"excerpt":{"rendered":"<p>&nbsp; 30 representacions, 14 companyies i 19 municipis participaran en la XXXV Mostra Internacional de Titelles a la Vall d\u2019Albaida La companyia txeca Pavel Smid oferir\u00e0 el seu espectacle \u201cUn cuento del viento\u201d a Castell\u00f3 de Rugat La Mostra Internacional de Titelles a la Vall d\u2019Albaida (MIT), que se celebrar\u00e0 del 7 al 10 de [&hellip;]<\/p>\n","protected":false},"author":1,"featured_media":0,"comment_status":"closed","ping_status":"open","sticky":false,"template":"","format":"standard","meta":{"_monsterinsights_skip_tracking":false,"_monsterinsights_sitenote_active":false,"_monsterinsights_sitenote_note":"","_monsterinsights_sitenote_category":0},"categories":[15,12],"tags":[],"_links":{"self":[{"href":"http:\/\/www.portaldelolleria.es\/index.php?rest_route=\/wp\/v2\/posts\/23737"}],"collection":[{"href":"http:\/\/www.portaldelolleria.es\/index.php?rest_route=\/wp\/v2\/posts"}],"about":[{"href":"http:\/\/www.portaldelolleria.es\/index.php?rest_route=\/wp\/v2\/types\/post"}],"author":[{"embeddable":true,"href":"http:\/\/www.portaldelolleria.es\/index.php?rest_route=\/wp\/v2\/users\/1"}],"replies":[{"embeddable":true,"href":"http:\/\/www.portaldelolleria.es\/index.php?rest_route=%2Fwp%2Fv2%2Fcomments&post=23737"}],"version-history":[{"count":7,"href":"http:\/\/www.portaldelolleria.es\/index.php?rest_route=\/wp\/v2\/posts\/23737\/revisions"}],"predecessor-version":[{"id":24608,"href":"http:\/\/www.portaldelolleria.es\/index.php?rest_route=\/wp\/v2\/posts\/23737\/revisions\/24608"}],"wp:attachment":[{"href":"http:\/\/www.portaldelolleria.es\/index.php?rest_route=%2Fwp%2Fv2%2Fmedia&parent=23737"}],"wp:term":[{"taxonomy":"category","embeddable":true,"href":"http:\/\/www.portaldelolleria.es\/index.php?rest_route=%2Fwp%2Fv2%2Fcategories&post=23737"},{"taxonomy":"post_tag","embeddable":true,"href":"http:\/\/www.portaldelolleria.es\/index.php?rest_route=%2Fwp%2Fv2%2Ftags&post=23737"}],"curies":[{"name":"wp","href":"https:\/\/api.w.org\/{rel}","templated":true}]}}