{"id":23761,"date":"2019-10-31T18:14:58","date_gmt":"2019-10-31T16:14:58","guid":{"rendered":"http:\/\/www.portaldelolleria.es\/?p=23761"},"modified":"2019-10-31T18:15:35","modified_gmt":"2019-10-31T16:15:35","slug":"acto-de-apertura-del-curso-20192020-en-el-campus-de-alcoi-de-la-upv","status":"publish","type":"post","link":"http:\/\/www.portaldelolleria.es\/?p=23761","title":{"rendered":"Acto de Apertura del curso 2019\/2020 en el Campus de Alcoi de la UPV"},"content":{"rendered":"<p><a href=\"http:\/\/www.portaldelolleria.es\/wp-content\/uploads\/2019\/10\/Acte-inaugural-6-2.jpg\"><img loading=\"lazy\" class=\"aligncenter size-full wp-image-23763\" title=\"Acte inaugural (6) (2)\" src=\"http:\/\/www.portaldelolleria.es\/wp-content\/uploads\/2019\/10\/Acte-inaugural-6-2.jpg\" alt=\"\" width=\"598\" height=\"399\" srcset=\"http:\/\/www.portaldelolleria.es\/wp-content\/uploads\/2019\/10\/Acte-inaugural-6-2.jpg 598w, http:\/\/www.portaldelolleria.es\/wp-content\/uploads\/2019\/10\/Acte-inaugural-6-2-300x200.jpg 300w\" sizes=\"(max-width: 598px) 100vw, 598px\" \/><\/a><\/p>\n<p style=\"text-align: justify;\"><strong>Acto de Apertura y conferencia inaugural del curso 2019\/2020 en el Campus de Alcoi de la UPV<\/strong><\/p>\n<p style=\"text-align: justify;\">La conferencia inaugural \u201cLa UPV, una universitat compromesa amb la societat\u201d la ha impartido D\u00f1a. Rosa Puchades Pla, Sra. Vicerrectora de Responsabilidad Social y Cooperaci\u00f3n de la UPV<\/p>\n<p style=\"text-align: justify;\">El Sal\u00f3n de Grados \u2018Roberto Garc\u00eda Pay\u00e1&#8217; ha acogido el tradicional Acto de Apertura del curso acad\u00e9mico 2019\/2020 del Campus de Alcoi de la Universitat Polit\u00e8cnica de Val\u00e8ncia (UPV), presidido por D. Francisco Jos\u00e9 Mora Mas, Sr. Rector Magn\u00edfico de la UPV. La mesa presidencial ha estado formada por D. Antonio Franc\u00e9s P\u00e9rez, Ilmo. Sr. Alcalde de Alcoi; D. Juan Ignacio Torregrosa L\u00f3pez, Director de la Escuela Polit\u00e9cnica Superior de Alcoi; Sra. Jefa de Estudios de la Escuela Polit\u00e9cnica Superior de Alcoi, D\u00f1a. Bego\u00f1a Cant\u00f3 Colomina; y por D. Juan Jos\u00e9 Rico, Secretario de esta Escuela Polit\u00e9cnica Superior de Alcoi.<\/p>\n<p style=\"text-align: justify;\">Al acto han asistido Do\u00f1a Patricia Blanquer, diputada en el Congreso; Don Josep Sempere, Alcalde de Banyeres, parte de la comunidad universitaria, corporaci\u00f3n municipal, representantes de centros educativos, de COGITIA, AITEX, Colegio de Economistas de Alicante, IBIAE, TEAS, Colegio de Ingenieros Industriales de la Comunidad Valenciana, Colegio de Economistas de Alicante, COAC Alcoi, Fundaci\u00f3n Novaterra y representantes del tejido empresarial alicantino y valenciano<\/p>\n<p style=\"text-align: justify;\">La Ceremonia ha comenzado con el tradicional \u201dVeni Creator Spiritus\u201d, dando paso a la lectura por parte del Sr. Secretario del Campus de Alcoy de la UPV, Don Juan Jos\u00e9 Rico, de la Memoria del Curso Acad\u00e9mico 2018-2019. A continuaci\u00f3n, se ha realizado la entrega de Distinciones (ver anexo \u2018distincions\u2019).<\/p>\n<p style=\"text-align: justify;\">A continuaci\u00f3n, D\u00f1a. Rosa Puchades Pla ha impartido la conferencia inaugural. Puchades es Doctora en Qu\u00edmica i catedr\u00e1tica de Qu\u00edmica Anal\u00edtica de la Universitat Polit\u00e8cnica de Val\u00e8ncia. Comprometida con la sostenibilidad social entendida como desarrollo socioecon\u00f3mico con respeto a la dignidad humana, es vicerrectora de Responsabilidad Social y Cooperaci\u00f3n de la Universitat Polit\u00e8cnica de Val\u00e8ncia desde junio de 2013.<\/p>\n<p style=\"text-align: justify;\">Miembro del Instituto Interuniversitario de Investigaci\u00f3n de Reconocimiento Molecular y Desarrollo Tecnol\u00f3gico (IDM) cuyos fines son la investigaci\u00f3n, ense\u00f1anza y transferencia en campos tales como la salud humana, seguridad, alimentaci\u00f3n y medio ambiente. En concreto se trabaja en el desarrollo de sensores qu\u00edmicos, estudios de farmacodin\u00e1mica, nuevos materiales para liberaci\u00f3n controlada, metodolog\u00edas anal\u00edticas y investigaci\u00f3n nanobiosensored.<\/p>\n<p style=\"text-align: justify;\">Ha participado en m\u00e1s de 70 Proyectos de I+D financiados en Convocatorias p\u00fablicas y 20 contratos de transferencia con empresas, es autora o coautora de m\u00e1s de 200 publicaciones o documentos cient\u00edfico-t\u00e9cnicos en revistas de prestigio, m\u00e1s de 200 contribuciones a congresos internacionales y 11 patentes. Ha dirigido 20 tesis doctorales.<\/p>\n<p style=\"text-align: justify;\">El acto se ha cerrado con las intervenciones de Don Juan Ignacio Torregrosa L\u00f3pez y de Don Antonio Franc\u00e9s P\u00e9rez, para finalizar con las palabras del rector Don Francisco Jos\u00e9 Mora Mas y la interpretaci\u00f3n del \u201cGaudeamus Igitur\u201d.<\/p>\n<p style=\"text-align: justify;\">El director del campus, Juan Ignacio Torregrosa, ha felicitado a Rosa Puchades por el trabajo que desarrolla desde el Vicerrectorado de Responsabilidad Social y Cooperaci\u00f3n y ha destacado que \u201cen la medida de que siga teniendo la confianza de mis compa\u00f1eros en la escuela, pretendo en los pr\u00f3ximos a\u00f1os que este campus sea un referente en la formaci\u00f3n y en estas competencias que no tienen que ver \u00fanicamente con las del t\u00edtulo que cursan los alumnos\u201d.<\/p>\n<p style=\"text-align: justify;\">Por su parte, Francisco Mora, ha indicado que \u201cdebemos ver la revoluci\u00f3n tecnol\u00f3gica como una gran oportunidad para mejorar el bienestar de los ciudadanos de todo el mundo\u201d. Por este motivo, \u201cla UPV quiere impulsar un centro en red de inteligencia artificial en el que participen profesores y investigadores de diferentes disciplinas con las que la inteligencia artificial puede tener relaci\u00f3n\u201d.<\/p>\n<p style=\"text-align: justify;\">El Coro de la Universidad Senior del Campus de Alcoy, dirigido por Jordi Sempere, particip\u00f3 en este acto, interpretando el \u201cVeni Creator Spiritus\u201d al inicio y el \u201cGaudeamus Igitur\u201d como colof\u00f3n del mismo.<\/p>\n<p style=\"text-align: justify;\"><strong>Conferencia inaugural<\/strong><br \/>\nD\u00f1a. Rosa Puchades Pla ha impartido la conferencia \u201cLa UPV, una universitat compromesa amb la societat\u201d.<\/p>\n<p style=\"text-align: justify;\">Previamente a este Acto de Apertura y conferencia inaugural, D\u00f1a. Rosa Puchades Pla ha mantenido un encuentro con distintos colectivos y asociaciones solicarias de Alcoi y comarca para explicar todas las acciones que lleva a cabo la UPV en materia de responsabilidad social.<\/p>\n<p style=\"text-align: justify;\"><strong>Firma en el Libro de Oro<\/strong><br \/>\nD\u00f1a. Rosa Puchades Pla ha firmado en el Libro de Oro de la Escuela Polit\u00e9cnica Superior de Alcoy, en un acto celebrado previamente en el despacho de Direcci\u00f3n.<\/p>\n<p style=\"text-align: justify;\">Entre otras cosas ha escrito <em>\u201cvull agrair al Campus d\u2019Alcoi, a l\u2019EPSA, l\u2019oportunitat de compartir el comprom\u00eds social de la UPV. Un comprom\u00eds que transforma la societat per la qual treballem a trav\u00e9s d\u2019una investigaci\u00f3 compromesa amb els v\u00e8rtexs del desenvolupament. Un campus exemple de bones pr\u00e0ctiques i que porta el seu comprom\u00eds al territori, als serveis de valors c\u00edvics, de sostenibilitat i de just\u00edcia social. Un campus vibrant, molt connectat amb el seu entorn que es mou cap al canvi, que crea aliances i genera espais per aconseguir la transformaci\u00f3 social que necessita<\/em>\u201d.<\/p>\n<p><a href=\"http:\/\/www.portaldelolleria.es\/wp-content\/uploads\/2019\/10\/Acte-inaugural-1.jpg\"><img loading=\"lazy\" class=\"aligncenter size-full wp-image-23762\" title=\"Acte inaugural (1)\" src=\"http:\/\/www.portaldelolleria.es\/wp-content\/uploads\/2019\/10\/Acte-inaugural-1.jpg\" alt=\"\" width=\"598\" height=\"378\" srcset=\"http:\/\/www.portaldelolleria.es\/wp-content\/uploads\/2019\/10\/Acte-inaugural-1.jpg 598w, http:\/\/www.portaldelolleria.es\/wp-content\/uploads\/2019\/10\/Acte-inaugural-1-300x189.jpg 300w\" sizes=\"(max-width: 598px) 100vw, 598px\" \/><\/a><\/p>\n","protected":false},"excerpt":{"rendered":"<p>Acto de Apertura y conferencia inaugural del curso 2019\/2020 en el Campus de Alcoi de la UPV La conferencia inaugural \u201cLa UPV, una universitat compromesa amb la societat\u201d la ha impartido D\u00f1a. Rosa Puchades Pla, Sra. Vicerrectora de Responsabilidad Social y Cooperaci\u00f3n de la UPV El Sal\u00f3n de Grados \u2018Roberto Garc\u00eda Pay\u00e1&#8217; ha acogido el [&hellip;]<\/p>\n","protected":false},"author":1,"featured_media":0,"comment_status":"closed","ping_status":"open","sticky":false,"template":"","format":"standard","meta":{"_monsterinsights_skip_tracking":false,"_monsterinsights_sitenote_active":false,"_monsterinsights_sitenote_note":"","_monsterinsights_sitenote_category":0},"categories":[12,1058],"tags":[],"_links":{"self":[{"href":"http:\/\/www.portaldelolleria.es\/index.php?rest_route=\/wp\/v2\/posts\/23761"}],"collection":[{"href":"http:\/\/www.portaldelolleria.es\/index.php?rest_route=\/wp\/v2\/posts"}],"about":[{"href":"http:\/\/www.portaldelolleria.es\/index.php?rest_route=\/wp\/v2\/types\/post"}],"author":[{"embeddable":true,"href":"http:\/\/www.portaldelolleria.es\/index.php?rest_route=\/wp\/v2\/users\/1"}],"replies":[{"embeddable":true,"href":"http:\/\/www.portaldelolleria.es\/index.php?rest_route=%2Fwp%2Fv2%2Fcomments&post=23761"}],"version-history":[{"count":2,"href":"http:\/\/www.portaldelolleria.es\/index.php?rest_route=\/wp\/v2\/posts\/23761\/revisions"}],"predecessor-version":[{"id":23765,"href":"http:\/\/www.portaldelolleria.es\/index.php?rest_route=\/wp\/v2\/posts\/23761\/revisions\/23765"}],"wp:attachment":[{"href":"http:\/\/www.portaldelolleria.es\/index.php?rest_route=%2Fwp%2Fv2%2Fmedia&parent=23761"}],"wp:term":[{"taxonomy":"category","embeddable":true,"href":"http:\/\/www.portaldelolleria.es\/index.php?rest_route=%2Fwp%2Fv2%2Fcategories&post=23761"},{"taxonomy":"post_tag","embeddable":true,"href":"http:\/\/www.portaldelolleria.es\/index.php?rest_route=%2Fwp%2Fv2%2Ftags&post=23761"}],"curies":[{"name":"wp","href":"https:\/\/api.w.org\/{rel}","templated":true}]}}