{"id":2377,"date":"2013-02-25T14:52:15","date_gmt":"2013-02-25T13:52:15","guid":{"rendered":"http:\/\/www.portaldelolleria.es\/?p=2377"},"modified":"2013-02-25T14:55:42","modified_gmt":"2013-02-25T13:55:42","slug":"brisas-del-cerron-gana-el-ix-concurso-de-musica-festera-francesc-cerda","status":"publish","type":"post","link":"http:\/\/www.portaldelolleria.es\/?p=2377","title":{"rendered":"Brisas del Cerr\u00f3n  gana el IX Concurso de M\u00fasica Festera Francesc Cerd\u00e1"},"content":{"rendered":"<p><a href=\"http:\/\/www.portaldelolleria.es\/wp-content\/uploads\/2013\/02\/DSCF0091.jpg\"><img loading=\"lazy\" title=\"DSCF0091\" src=\"http:\/\/www.portaldelolleria.es\/wp-content\/uploads\/2013\/02\/DSCF0091.jpg\" alt=\"\" width=\"598\" height=\"449\" \/><\/a><\/p>\n<p>&nbsp;<\/p>\n<p>Su autor es Felipe Garc\u00eda Atienza de Fuente-\u00c1lamo, Albacete<\/p>\n<p><a href=\"http:\/\/www.portaldelolleria.es\/wp-content\/uploads\/2013\/02\/DSCF.jpg\"><img loading=\"lazy\" title=\"DSCF\" src=\"http:\/\/www.portaldelolleria.es\/wp-content\/uploads\/2013\/02\/DSCF.jpg\" alt=\"\" width=\"598\" height=\"398\" \/><\/a><\/p>\n<p>El pasodoble <em>Brisas del Cerr\u00f3n<\/em> fue la obra ganadora del IX Concurso de M\u00fasica Festera Francesc Cerd\u00e0, su autor Felipe Garc\u00eda Atienza de Fuente-\u00c1lamo, Albacete.<\/p>\n<p>El jurado, formado por\u00a0 Tom\u00e1s Gilabert, Daniel Ferrero y \u00a0Jordi Bern\u00e0cer, destac\u00f3 la calidad de esta obra que se lleva los 2.500 euros de premio y que est\u00e1 dedicada tal y como explicaba el ganador \u201cal monte Cerr\u00f3n de mi pueblo\u201d.\u00a0 El joven asegur\u00f3 estar muy contento por este premio y recordaba que \u201cel a\u00f1o pasado fui finalista en este mismo concurso por lo que estoy muy satisfecho por haber conseguido este a\u00f1o el reconocimiento del jurado\u201d.<\/p>\n<p>Por su parte, el p\u00fablico otorg\u00f3 el premio valorado en 500 euros a la obra <em>Bonavista<\/em>, del compositor Jos\u00e9 Salvador Gonz\u00e1lez Moreno de Real de Gand\u00eda, con t\u00edtulo definitivo <em>Paula i Ximo<\/em>.<\/p>\n<p>El concurso, abarrot\u00f3 un a\u00f1o m\u00e1s el Teatro Goya y tanto el alcalde, Jos\u00e9 Vidal como el concejal de Cultura, Jes\u00fas Engo destacaron en sus intervenciones la figura de Francesc Cerd\u00e0 as\u00ed como el trabajo y la gran profesionalidad de la SEM Sta. Cecilia que fue la encargada bajo la direcci\u00f3n de Enrique Alborch, de interpretar las cuatro obras finalistas adem\u00e1s del pasodoble <em>Andr\u00e9s Contrabandista<\/em> de \u00d3scar Navarro que abri\u00f3 el concierto y el pasodoble <em>Roc\u00edo<\/em>\u00a0 de Juan Manuel Molina Milla, obra ganadora del Jurado y P\u00fablico del Concurso de M\u00fasica Festera Francesc Cerd\u00e0 de 2007.<\/p>\n<p>Adem\u00e1s el p\u00fablico vibr\u00f3 con la marcha mora, <em>Raschida <\/em>obra de Liberto Benet y con el Himno de la Fiesta de Francesc Cerd\u00e0 que cerr\u00f3 el concurso y que cont\u00f3 con la actuaci\u00f3n del Coro de la SEM Sta. Cecilia.<\/p>\n<p>Por \u00faltimo, el alcalde felicit\u00f3 \u201cel trabajo realizado desde la concejal\u00eda de Cultura, la Junta Central de Moros y Cristianos y la SEM Cecilia de L\u2019Olleria para que este Concurso haya sido todo un \u00e9xito un a\u00f1o m\u00e1s\u201d a\u00f1adiendo que \u201cel concejal de Cultura me ha cedido la primicia de avanzar que el a\u00f1o que viene con motivo del d\u00e9cimo aniversario de este concurso, que tanto valor sentimental tiene para todos los ollerienses y la relevancia y prestigio que tiene a nivel nacional,\u00a0 ya se est\u00e1 trabajando para organizar una edici\u00f3n especial\u201d.<\/p>\n<p><a href=\"http:\/\/www.portaldelolleria.es\/wp-content\/uploads\/2013\/02\/DSCF0098.jpg\"><img loading=\"lazy\" title=\"DSCF0098\" src=\"http:\/\/www.portaldelolleria.es\/wp-content\/uploads\/2013\/02\/DSCF0098.jpg\" alt=\"\" width=\"598\" height=\"449\" \/><\/a><a href=\"http:\/\/www.portaldelolleria.es\/wp-content\/uploads\/2013\/02\/DSCF0089.jpg\"><img loading=\"lazy\" title=\"DSCF0089\" src=\"http:\/\/www.portaldelolleria.es\/wp-content\/uploads\/2013\/02\/DSCF0089.jpg\" alt=\"\" width=\"598\" height=\"797\" \/><\/a><a href=\"http:\/\/www.portaldelolleria.es\/wp-content\/uploads\/2013\/02\/DSCF0096.jpg\"><img loading=\"lazy\" title=\"DSCF0096\" src=\"http:\/\/www.portaldelolleria.es\/wp-content\/uploads\/2013\/02\/DSCF0096.jpg\" alt=\"\" width=\"598\" height=\"449\" \/><\/a><\/p>\n<p>fotos:\u00a0 cortes\u00eda de Maurifot\u00f3grafos<\/p>\n","protected":false},"excerpt":{"rendered":"<p>&nbsp; Su autor es Felipe Garc\u00eda Atienza de Fuente-\u00c1lamo, Albacete El pasodoble Brisas del Cerr\u00f3n fue la obra ganadora del IX Concurso de M\u00fasica Festera Francesc Cerd\u00e0, su autor Felipe Garc\u00eda Atienza de Fuente-\u00c1lamo, Albacete. El jurado, formado por\u00a0 Tom\u00e1s Gilabert, Daniel Ferrero y \u00a0Jordi Bern\u00e0cer, destac\u00f3 la calidad de esta obra que se lleva [&hellip;]<\/p>\n","protected":false},"author":2,"featured_media":0,"comment_status":"closed","ping_status":"open","sticky":false,"template":"","format":"standard","meta":{"_monsterinsights_skip_tracking":false,"_monsterinsights_sitenote_active":false,"_monsterinsights_sitenote_note":"","_monsterinsights_sitenote_category":0},"categories":[3,12],"tags":[495,566,298,567,565,358,568],"_links":{"self":[{"href":"http:\/\/www.portaldelolleria.es\/index.php?rest_route=\/wp\/v2\/posts\/2377"}],"collection":[{"href":"http:\/\/www.portaldelolleria.es\/index.php?rest_route=\/wp\/v2\/posts"}],"about":[{"href":"http:\/\/www.portaldelolleria.es\/index.php?rest_route=\/wp\/v2\/types\/post"}],"author":[{"embeddable":true,"href":"http:\/\/www.portaldelolleria.es\/index.php?rest_route=\/wp\/v2\/users\/2"}],"replies":[{"embeddable":true,"href":"http:\/\/www.portaldelolleria.es\/index.php?rest_route=%2Fwp%2Fv2%2Fcomments&post=2377"}],"version-history":[{"count":3,"href":"http:\/\/www.portaldelolleria.es\/index.php?rest_route=\/wp\/v2\/posts\/2377\/revisions"}],"predecessor-version":[{"id":2385,"href":"http:\/\/www.portaldelolleria.es\/index.php?rest_route=\/wp\/v2\/posts\/2377\/revisions\/2385"}],"wp:attachment":[{"href":"http:\/\/www.portaldelolleria.es\/index.php?rest_route=%2Fwp%2Fv2%2Fmedia&parent=2377"}],"wp:term":[{"taxonomy":"category","embeddable":true,"href":"http:\/\/www.portaldelolleria.es\/index.php?rest_route=%2Fwp%2Fv2%2Fcategories&post=2377"},{"taxonomy":"post_tag","embeddable":true,"href":"http:\/\/www.portaldelolleria.es\/index.php?rest_route=%2Fwp%2Fv2%2Ftags&post=2377"}],"curies":[{"name":"wp","href":"https:\/\/api.w.org\/{rel}","templated":true}]}}