{"id":23771,"date":"2019-10-31T19:39:30","date_gmt":"2019-10-31T17:39:30","guid":{"rendered":"http:\/\/www.portaldelolleria.es\/?p=23771"},"modified":"2019-10-31T19:39:30","modified_gmt":"2019-10-31T17:39:30","slug":"guadalupe-plata-en-concierto-el-sabado-2-de-noviembre","status":"publish","type":"post","link":"http:\/\/www.portaldelolleria.es\/?p=23771","title":{"rendered":"Guadalupe Plata en concierto el s\u00e1bado 2 de noviembre"},"content":{"rendered":"<p><a href=\"http:\/\/www.portaldelolleria.es\/wp-content\/uploads\/2019\/10\/guadalupeplata.jpg\"><img loading=\"lazy\" class=\"aligncenter size-full wp-image-23773\" title=\"guadalupeplata\" src=\"http:\/\/www.portaldelolleria.es\/wp-content\/uploads\/2019\/10\/guadalupeplata.jpg\" alt=\"\" width=\"598\" height=\"396\" srcset=\"http:\/\/www.portaldelolleria.es\/wp-content\/uploads\/2019\/10\/guadalupeplata.jpg 598w, http:\/\/www.portaldelolleria.es\/wp-content\/uploads\/2019\/10\/guadalupeplata-300x198.jpg 300w\" sizes=\"(max-width: 598px) 100vw, 598px\" \/><\/a><\/p>\n<p>Guadalupe Plata\u00a0 concierto.\u00a0\u00a0 S\u00e1bado 2 de noviembre a las 23:00h\u00a0\u00a0 Restaurante Casa Manolo.<\/p>\n<p style=\"text-align: justify;\"><strong>Guadalupe Plata<\/strong> es un grupo espa\u00f1ol de blues-rock surgido en la ciudad de \u00dabeda, Ja\u00e9n\u200b caracterizado por titular todos sus discos con el mismo nombre del grupo\u200b por su proyecci\u00f3n internacional, y sobre todo por su peculiar forma de fusionar el blues con el rock, jazz, psicodelia e incluso el flamenco.<\/p>\n<p><strong>Historia<\/strong><\/p>\n<p style=\"text-align: justify;\">El tr\u00edo de blues-rock debe su nombre a la imagen de la Virgen de su localidad natal, \u00dabeda, y se basa en la fuerza y sencillez de sus guitarras, la ausencia de electr\u00f3nica, y en el surrealismo y oscuridad de sus letras. La banda, adem\u00e1s es fiel a sus instrumentos, como guitarras caseras, o un curioso bajo construido con un barre\u00f1o de zinc. Otra peculiaridad es su forma de grabar los discos, basada en el esp\u00edritu de la primera toma, pr\u00e1cticamente en directo, as\u00ed que lo hacen en s\u00f3lo dos o tres d\u00edas, y con ello demuestran frescura y fluidez.<\/p>\n<p style=\"text-align: justify;\">Despu\u00e9s de presentar un EP con seis temas a finales de 2008, su primer disco fue publicado ya en 2011 y con t\u00edtulo hom\u00f3nimo. En 2013 presentan nuevo trabajo; <em>Guadalupe Plata 2013<\/em> el cual les proporciona importantes \u00e9xitos de p\u00fablico y cr\u00edtica, adem\u00e1s de importantes premios otorgados. Entre dichos premios, la banda recibe en noviembre de 2013 el Premio Ojo Cr\u00edtico 2013 en la categor\u00eda de \u00abM\u00fasica moderna\u00bb, concedido por Radio Nacional de Espa\u00f1a. A principios de 2014 resultan ganadores con el Premio IMPALA al \u00abMejor \u00e1lbum independiente europeo\u00bb, derrotando en la final a importantes grupos como Sigur R\u00f3s o Junip. Dicho galard\u00f3n fue ganado a\u00f1os anteriores por importantes artistas como The XX o Adele. En junio de 2014 la banda resulta la triunfadora de los VI Premios de la m\u00fasica independiente al alzarse con los galardones de \u00abArtista del a\u00f1o\u00bb, \u00abmejor \u00e1lbum de rock\u00bb, \u00abmejor Directo\u00bb y el bater\u00eda Carlos Jimena por \u00abmejor fotograf\u00eda promocional\u00bb al ser el autor de la imagen.<\/p>\n<p style=\"text-align: justify;\">Todos estos \u00e9xitos nacionales e internacionales les llevaron a realizar multitud de conciertos por distintas salas y festivales, incluso giraron por gran parte de Europa, y m\u00e1s tarde han llegado tambi\u00e9n a actuar en M\u00e9xico, Chile, Brasil, Argentina y Estados Unidos.<\/p>\n<p style=\"text-align: justify;\">En 2015 se publica nuevo disco con el mismo t\u00edtulo, fue grabado en los estudios Toerag de Londres bajo la producci\u00f3n de Liam Watson, y de nuevo publicado por Everlasting Records<\/p>\n<p style=\"text-align: justify;\">En abril de 2017 y manteniendo su regularidad bianual, la banda publica su cuarto \u00e1lbum, de nuevo con el sello madrile\u00f1o Everlasting Records, esta vez, grabado en los estudios sevillanos La Mina y empleando para ello dos semanas; <em>Guadalupe plata 2017<\/em>, aunque podr\u00eda denominarse como <em>Perro de vieja<\/em>, por el t\u00edtulo de uno de sus temas y por la ilustraci\u00f3n de la portada, dibujada por el propio Pedro de Dios.<\/p>\n<ul>\n<li style=\"text-align: justify;\">Pedro de Dios Barcel\u00f3: guitarra y voz.<\/li>\n<li style=\"text-align: justify;\">Carlos Jimena: bater\u00eda.<\/li>\n<li style=\"text-align: justify;\">Paco Luis Martos: bajo, contrabalde y guitarra.<\/li>\n<\/ul>\n<div><a href=\"http:\/\/www.portaldelolleria.es\/wp-content\/uploads\/2019\/10\/concierto.jpg\"><img loading=\"lazy\" class=\"aligncenter size-full wp-image-23772\" title=\"concierto\" src=\"http:\/\/www.portaldelolleria.es\/wp-content\/uploads\/2019\/10\/concierto.jpg\" alt=\"\" width=\"598\" height=\"797\" srcset=\"http:\/\/www.portaldelolleria.es\/wp-content\/uploads\/2019\/10\/concierto.jpg 598w, http:\/\/www.portaldelolleria.es\/wp-content\/uploads\/2019\/10\/concierto-225x300.jpg 225w\" sizes=\"(max-width: 598px) 100vw, 598px\" \/><\/a><\/div>\n","protected":false},"excerpt":{"rendered":"<p>Guadalupe Plata\u00a0 concierto.\u00a0\u00a0 S\u00e1bado 2 de noviembre a las 23:00h\u00a0\u00a0 Restaurante Casa Manolo. Guadalupe Plata es un grupo espa\u00f1ol de blues-rock surgido en la ciudad de \u00dabeda, Ja\u00e9n\u200b caracterizado por titular todos sus discos con el mismo nombre del grupo\u200b por su proyecci\u00f3n internacional, y sobre todo por su peculiar forma de fusionar el blues [&hellip;]<\/p>\n","protected":false},"author":1,"featured_media":0,"comment_status":"closed","ping_status":"open","sticky":false,"template":"","format":"standard","meta":{"_monsterinsights_skip_tracking":false,"_monsterinsights_sitenote_active":false,"_monsterinsights_sitenote_note":"","_monsterinsights_sitenote_category":0},"categories":[15,12],"tags":[],"_links":{"self":[{"href":"http:\/\/www.portaldelolleria.es\/index.php?rest_route=\/wp\/v2\/posts\/23771"}],"collection":[{"href":"http:\/\/www.portaldelolleria.es\/index.php?rest_route=\/wp\/v2\/posts"}],"about":[{"href":"http:\/\/www.portaldelolleria.es\/index.php?rest_route=\/wp\/v2\/types\/post"}],"author":[{"embeddable":true,"href":"http:\/\/www.portaldelolleria.es\/index.php?rest_route=\/wp\/v2\/users\/1"}],"replies":[{"embeddable":true,"href":"http:\/\/www.portaldelolleria.es\/index.php?rest_route=%2Fwp%2Fv2%2Fcomments&post=23771"}],"version-history":[{"count":1,"href":"http:\/\/www.portaldelolleria.es\/index.php?rest_route=\/wp\/v2\/posts\/23771\/revisions"}],"predecessor-version":[{"id":23774,"href":"http:\/\/www.portaldelolleria.es\/index.php?rest_route=\/wp\/v2\/posts\/23771\/revisions\/23774"}],"wp:attachment":[{"href":"http:\/\/www.portaldelolleria.es\/index.php?rest_route=%2Fwp%2Fv2%2Fmedia&parent=23771"}],"wp:term":[{"taxonomy":"category","embeddable":true,"href":"http:\/\/www.portaldelolleria.es\/index.php?rest_route=%2Fwp%2Fv2%2Fcategories&post=23771"},{"taxonomy":"post_tag","embeddable":true,"href":"http:\/\/www.portaldelolleria.es\/index.php?rest_route=%2Fwp%2Fv2%2Ftags&post=23771"}],"curies":[{"name":"wp","href":"https:\/\/api.w.org\/{rel}","templated":true}]}}