{"id":23801,"date":"2019-11-04T11:26:37","date_gmt":"2019-11-04T09:26:37","guid":{"rendered":"http:\/\/www.portaldelolleria.es\/?p=23801"},"modified":"2019-11-04T11:26:37","modified_gmt":"2019-11-04T09:26:37","slug":"reunion-con-el-director-de-la-evha-para-acelerar-la-rehabilitacion-de-viviendas","status":"publish","type":"post","link":"http:\/\/www.portaldelolleria.es\/?p=23801","title":{"rendered":"Reuni\u00f3n con el director de la EVha para acelerar la rehabilitaci\u00f3n de viviendas"},"content":{"rendered":"<p><a href=\"http:\/\/www.portaldelolleria.es\/wp-content\/uploads\/2019\/11\/Evha.jpg\"><img loading=\"lazy\" class=\"aligncenter size-full wp-image-23802\" title=\"Evha\" src=\"http:\/\/www.portaldelolleria.es\/wp-content\/uploads\/2019\/11\/Evha.jpg\" alt=\"\" width=\"598\" height=\"396\" srcset=\"http:\/\/www.portaldelolleria.es\/wp-content\/uploads\/2019\/11\/Evha.jpg 598w, http:\/\/www.portaldelolleria.es\/wp-content\/uploads\/2019\/11\/Evha-300x198.jpg 300w\" sizes=\"(max-width: 598px) 100vw, 598px\" \/><\/a><\/p>\n<p>&nbsp;<\/p>\n<p style=\"text-align: justify;\">La Vicepresidencia Segunda y Conselleria de Vivienda y Arquitectura Bioclim\u00e1tica, a trav\u00e9s de la Entidad Valenciana de Vivienda y Suelo (EVha), se ha reunido con los representantes de lo ayuntamientos de l\u00b4Olleria, Alfara del Patriarca y Petrer para analizar la situaci\u00f3n de la vivienda p\u00fablica en estos municipios.<\/p>\n<p style=\"text-align: justify;\">En el encuentro con l\u00b4Olleria, el director general de EVha, Alberto Aznar, ha anunciado al alcalde de la localidad, Ram\u00f3n Vidal, que la Generalitat tiene prevista la reparaci\u00f3n de varias viviendas p\u00fablicas. Una vez finalizados los trabajos, se adjudicar\u00e1n en r\u00e9gimen de alquiler social a las personas con mayores necesidades habitacionales del municipio.<\/p>\n<p style=\"text-align: justify;\">La Conselleria gestiona en l\u00b4Olleria 20 viviendas que forman parte del parque p\u00fablico de viviendas de la Generalitat, con alquileres sociales ajustados a la situaci\u00f3n socioecon\u00f3mica de sus residentes.<\/p>\n<p style=\"text-align: justify;\">__________________________________<\/p>\n<p style=\"text-align: justify;\"><span style=\"color: #003366;\">La Vicepresid\u00e8ncia Segona i Conselleria d&#8217;Habitatge i Arquitectura Bioclim\u00e0tica, a trav\u00e9s de l&#8217;Entitat Valenciana d&#8217;Habitatge i S\u00f2l (EVha), s&#8217;ha reunit amb els ajuntaments de l&#8217;Olleria, Alfara del Patriarca i Petrer per a analitzar la situaci\u00f3 de l&#8217;habitatge p\u00fablic a aquests municipis.<\/span><\/p>\n<p style=\"text-align: justify;\"><span style=\"color: #003366;\">En la trobada amb l&#8217;Olleria, el director general de EVha, Alberto Aznar, ha anunciat l&#8217;alcalde de la localitat, Ramon Vidal, que la Generalitat t\u00e9 prevista la reparaci\u00f3 de diversos habitatges p\u00fablics. Un cop finalitzats els treballs, s&#8217;adjudicaran en r\u00e8gim de lloguer social a les persones amb m\u00e9s necessitats habitacionals del municipi.<\/span><\/p>\n<p style=\"text-align: justify;\"><span style=\"color: #003366;\">La Conselleria gestiona a l&#8217;Olleria 20 habitatges que formen part del parc p\u00fablic d&#8217;habitatges de la Generalitat, amb lloguers socials ajustats a la situaci\u00f3 socioecon\u00f2mica dels seus residents.<\/span><\/p>\n","protected":false},"excerpt":{"rendered":"<p>&nbsp; La Vicepresidencia Segunda y Conselleria de Vivienda y Arquitectura Bioclim\u00e1tica, a trav\u00e9s de la Entidad Valenciana de Vivienda y Suelo (EVha), se ha reunido con los representantes de lo ayuntamientos de l\u00b4Olleria, Alfara del Patriarca y Petrer para analizar la situaci\u00f3n de la vivienda p\u00fablica en estos municipios. En el encuentro con l\u00b4Olleria, el [&hellip;]<\/p>\n","protected":false},"author":1,"featured_media":0,"comment_status":"closed","ping_status":"open","sticky":false,"template":"","format":"standard","meta":{"_monsterinsights_skip_tracking":false,"_monsterinsights_sitenote_active":false,"_monsterinsights_sitenote_note":"","_monsterinsights_sitenote_category":0},"categories":[171,12],"tags":[],"_links":{"self":[{"href":"http:\/\/www.portaldelolleria.es\/index.php?rest_route=\/wp\/v2\/posts\/23801"}],"collection":[{"href":"http:\/\/www.portaldelolleria.es\/index.php?rest_route=\/wp\/v2\/posts"}],"about":[{"href":"http:\/\/www.portaldelolleria.es\/index.php?rest_route=\/wp\/v2\/types\/post"}],"author":[{"embeddable":true,"href":"http:\/\/www.portaldelolleria.es\/index.php?rest_route=\/wp\/v2\/users\/1"}],"replies":[{"embeddable":true,"href":"http:\/\/www.portaldelolleria.es\/index.php?rest_route=%2Fwp%2Fv2%2Fcomments&post=23801"}],"version-history":[{"count":1,"href":"http:\/\/www.portaldelolleria.es\/index.php?rest_route=\/wp\/v2\/posts\/23801\/revisions"}],"predecessor-version":[{"id":23803,"href":"http:\/\/www.portaldelolleria.es\/index.php?rest_route=\/wp\/v2\/posts\/23801\/revisions\/23803"}],"wp:attachment":[{"href":"http:\/\/www.portaldelolleria.es\/index.php?rest_route=%2Fwp%2Fv2%2Fmedia&parent=23801"}],"wp:term":[{"taxonomy":"category","embeddable":true,"href":"http:\/\/www.portaldelolleria.es\/index.php?rest_route=%2Fwp%2Fv2%2Fcategories&post=23801"},{"taxonomy":"post_tag","embeddable":true,"href":"http:\/\/www.portaldelolleria.es\/index.php?rest_route=%2Fwp%2Fv2%2Ftags&post=23801"}],"curies":[{"name":"wp","href":"https:\/\/api.w.org\/{rel}","templated":true}]}}