{"id":23816,"date":"2019-11-06T21:22:36","date_gmt":"2019-11-06T19:22:36","guid":{"rendered":"http:\/\/www.portaldelolleria.es\/?p=23816"},"modified":"2019-11-06T21:26:05","modified_gmt":"2019-11-06T19:26:05","slug":"programacion-xxxv-mostra-internacional-de-titelles-a-la-vall-d%e2%80%99albaida","status":"publish","type":"post","link":"http:\/\/www.portaldelolleria.es\/?p=23816","title":{"rendered":"Programaci\u00f3n \u00abXXXV Mostra Internacional de Titelles a la Vall d\u2019Albaida\u00bb"},"content":{"rendered":"<p><a href=\"http:\/\/www.portaldelolleria.es\/wp-content\/uploads\/2019\/11\/1859631.jpg\"><img loading=\"lazy\" class=\"aligncenter size-full wp-image-23820\" title=\"185963\" src=\"http:\/\/www.portaldelolleria.es\/wp-content\/uploads\/2019\/11\/1859631.jpg\" alt=\"\" width=\"598\" height=\"399\" srcset=\"http:\/\/www.portaldelolleria.es\/wp-content\/uploads\/2019\/11\/1859631.jpg 598w, http:\/\/www.portaldelolleria.es\/wp-content\/uploads\/2019\/11\/1859631-300x200.jpg 300w\" sizes=\"(max-width: 598px) 100vw, 598px\" \/><\/a><\/p>\n<p>&nbsp;<\/p>\n<p><strong>30 representacions, 14 companyies i 19 municipis participaran en la XXXV Mostra Internacional de Titelles a la Vall d\u2019Albaida<\/strong><\/p>\n<p><strong><\/strong>La Mostra Internacional de Titelles a la Vall d\u2019Albaida (MIT), que se celebrar\u00e0 del 7 al 10 de novembre, estar\u00e0 composta de 30 representacions de 14 companyies diferents en 19 municipis de la comarca.<\/p>\n<p>Pel que fa a la programaci\u00f3 a l&#8217;Olleria, acollir\u00e0 tres representacions m\u00e9s un taller de construcci\u00f3 de titelles:<\/p>\n<p><span style=\"color: #800000;\"><strong>Dijous 7 de novembre<\/strong><\/span><\/p>\n<p>VUD\u00da TEATRE.\u00a0 Taller de construcci\u00f3n de titelles.\u00a0 17h\u00a0 Biblioteca Municipal<\/p>\n<p><span style=\"color: #800000;\"><strong>Divendres 8 de novembre<\/strong><\/span><\/p>\n<p>LA CARRETA.\u00a0 Teatre \u00abFabularia\u00bb.\u00a0 10:30h Escoleta infantil<\/p>\n<p>VUD\u00da TEATRE.\u00a0 Teatre L&#8217;Odisea. 18h Biblioteca Municipal<\/p>\n<p><span style=\"color: #800000;\"><strong>Dissabte 9 de novembre<\/strong><\/span><\/p>\n<p>XIQUIRRITEULA. Teatre \u00abPapirus\u00bb. 19h Teatre Cervantes\u00a0 (1-3\u20ac)<\/p>\n<p>&nbsp;<\/p>\n<p style=\"text-align: center;\"><span style=\"color: #800000;\"><strong>PROGRAMA COMPLETO<\/strong><\/span><\/p>\n<div id=\"attachment_23817\" style=\"width: 598px\" class=\"wp-caption aligncenter\"><a href=\"http:\/\/mostratitelles.com\/wp-content\/uploads\/2019\/10\/FULLET-MIT2019.pdf\" target=\"_blank\"><img aria-describedby=\"caption-attachment-23817\" loading=\"lazy\" class=\"size-full wp-image-23817\" title=\"mit\" src=\"http:\/\/www.portaldelolleria.es\/wp-content\/uploads\/2019\/11\/mit.jpg\" alt=\"\" width=\"588\" height=\"406\" srcset=\"http:\/\/www.portaldelolleria.es\/wp-content\/uploads\/2019\/11\/mit.jpg 588w, http:\/\/www.portaldelolleria.es\/wp-content\/uploads\/2019\/11\/mit-300x207.jpg 300w\" sizes=\"(max-width: 588px) 100vw, 588px\" \/><\/a><p id=\"caption-attachment-23817\" class=\"wp-caption-text\">pulse para ampliar<\/p><\/div>\n<p style=\"text-align: center;\">\n","protected":false},"excerpt":{"rendered":"<p>&nbsp; 30 representacions, 14 companyies i 19 municipis participaran en la XXXV Mostra Internacional de Titelles a la Vall d\u2019Albaida La Mostra Internacional de Titelles a la Vall d\u2019Albaida (MIT), que se celebrar\u00e0 del 7 al 10 de novembre, estar\u00e0 composta de 30 representacions de 14 companyies diferents en 19 municipis de la comarca. Pel [&hellip;]<\/p>\n","protected":false},"author":1,"featured_media":0,"comment_status":"closed","ping_status":"open","sticky":false,"template":"","format":"standard","meta":{"_monsterinsights_skip_tracking":false,"_monsterinsights_sitenote_active":false,"_monsterinsights_sitenote_note":"","_monsterinsights_sitenote_category":0},"categories":[15,12],"tags":[],"_links":{"self":[{"href":"http:\/\/www.portaldelolleria.es\/index.php?rest_route=\/wp\/v2\/posts\/23816"}],"collection":[{"href":"http:\/\/www.portaldelolleria.es\/index.php?rest_route=\/wp\/v2\/posts"}],"about":[{"href":"http:\/\/www.portaldelolleria.es\/index.php?rest_route=\/wp\/v2\/types\/post"}],"author":[{"embeddable":true,"href":"http:\/\/www.portaldelolleria.es\/index.php?rest_route=\/wp\/v2\/users\/1"}],"replies":[{"embeddable":true,"href":"http:\/\/www.portaldelolleria.es\/index.php?rest_route=%2Fwp%2Fv2%2Fcomments&post=23816"}],"version-history":[{"count":4,"href":"http:\/\/www.portaldelolleria.es\/index.php?rest_route=\/wp\/v2\/posts\/23816\/revisions"}],"predecessor-version":[{"id":23823,"href":"http:\/\/www.portaldelolleria.es\/index.php?rest_route=\/wp\/v2\/posts\/23816\/revisions\/23823"}],"wp:attachment":[{"href":"http:\/\/www.portaldelolleria.es\/index.php?rest_route=%2Fwp%2Fv2%2Fmedia&parent=23816"}],"wp:term":[{"taxonomy":"category","embeddable":true,"href":"http:\/\/www.portaldelolleria.es\/index.php?rest_route=%2Fwp%2Fv2%2Fcategories&post=23816"},{"taxonomy":"post_tag","embeddable":true,"href":"http:\/\/www.portaldelolleria.es\/index.php?rest_route=%2Fwp%2Fv2%2Ftags&post=23816"}],"curies":[{"name":"wp","href":"https:\/\/api.w.org\/{rel}","templated":true}]}}