{"id":23841,"date":"2019-11-08T13:14:46","date_gmt":"2019-11-08T11:14:46","guid":{"rendered":"http:\/\/www.portaldelolleria.es\/?p=23841"},"modified":"2019-11-08T13:14:46","modified_gmt":"2019-11-08T11:14:46","slug":"pspv-y-compromis-pactan-el-nuevo-gobierno-de-la-mancomunitat","status":"publish","type":"post","link":"http:\/\/www.portaldelolleria.es\/?p=23841","title":{"rendered":"PSPV y Comprom\u00eds, pactan el nuevo gobierno de la Mancomunitat"},"content":{"rendered":"<div id=\"attachment_23847\" style=\"width: 608px\" class=\"wp-caption aligncenter\"><a href=\"http:\/\/www.portaldelolleria.es\/wp-content\/uploads\/2019\/11\/mancomunitat2.jpg\"><img aria-describedby=\"caption-attachment-23847\" loading=\"lazy\" class=\"size-full wp-image-23847\" title=\"mancomunitat2\" src=\"http:\/\/www.portaldelolleria.es\/wp-content\/uploads\/2019\/11\/mancomunitat2.jpg\" alt=\"\" width=\"598\" height=\"399\" srcset=\"http:\/\/www.portaldelolleria.es\/wp-content\/uploads\/2019\/11\/mancomunitat2.jpg 598w, http:\/\/www.portaldelolleria.es\/wp-content\/uploads\/2019\/11\/mancomunitat2-300x200.jpg 300w\" sizes=\"(max-width: 598px) 100vw, 598px\" \/><\/a><p id=\"caption-attachment-23847\" class=\"wp-caption-text\">foto: Levante EMV<\/p><\/div>\n<h2>Gomar es reelegido presidente con Albert de n\u00famero dos tras pactar PSPV y Comprom\u00eds<\/h2>\n<h3>La Vall ens Uneix y el PP rechazan las delegaciones por \u00abfalta de representaci\u00f3n\u00bb en la Mancomunitat de la Vall, pero siguen en la junta<\/h3>\n<div id=\"attachment_23845\" style=\"width: 608px\" class=\"wp-caption aligncenter\"><a href=\"http:\/\/www.portaldelolleria.es\/wp-content\/uploads\/2019\/11\/mancomunitat1.jpg\"><img aria-describedby=\"caption-attachment-23845\" loading=\"lazy\" class=\"size-full wp-image-23845\" title=\"mancomunitat1\" src=\"http:\/\/www.portaldelolleria.es\/wp-content\/uploads\/2019\/11\/mancomunitat1.jpg\" alt=\"\" width=\"598\" height=\"336\" srcset=\"http:\/\/www.portaldelolleria.es\/wp-content\/uploads\/2019\/11\/mancomunitat1.jpg 598w, http:\/\/www.portaldelolleria.es\/wp-content\/uploads\/2019\/11\/mancomunitat1-300x168.jpg 300w\" sizes=\"(max-width: 598px) 100vw, 598px\" \/><\/a><p id=\"caption-attachment-23845\" class=\"wp-caption-text\">foto:comarcalcv.com<\/p><\/div>\n<p>Despu\u00e9s de la sesi\u00f3n fallida del pasado 18 de septiembre, este martes tras llegar a un acuerdo, arrancaba la nueva legislatura de la Mancomunitat de la Vall con la reelecci\u00f3n de <strong>Vicent Gomar<\/strong> (alcalde de la Pobla del Duc por el PSPV) como presidente y <strong>Josep A. Albert<\/strong> (primer edil de Albaida por Comprom\u00eds) como vicepresidente, as\u00ed como la elecci\u00f3n del resto de la junta de gobierno, que completan como vocales <strong>M\u00aa Amparo Canals, Jos\u00e9 M\u00aa Beneyto, Federico Vidal, Julio Biosca, Mario Mira, Susana Navarro, Ram\u00f3n Vidal, Estefan\u00eda Moll\u00e1 y Natalia Enguix<\/strong>.<\/p>\n<p>La elecci\u00f3n del Presidente y Vicepresidente cont\u00f3 con el voto a favor del PSPV y Comprom\u00eds, el voto en contra del PP y la abstenci\u00f3n de La Vall ens Uneix, los dos partidos que rechazaron las delegaciones, aunque se mantienen en la junta de gobierno con dos vocales cada uno.<\/p>\n<p><a href=\"http:\/\/www.portaldelolleria.es\/wp-content\/uploads\/2019\/11\/mancomunita3.jpg\"><img loading=\"lazy\" class=\"aligncenter size-full wp-image-23846\" title=\"mancomunita3\" src=\"http:\/\/www.portaldelolleria.es\/wp-content\/uploads\/2019\/11\/mancomunita3.jpg\" alt=\"\" width=\"598\" height=\"203\" srcset=\"http:\/\/www.portaldelolleria.es\/wp-content\/uploads\/2019\/11\/mancomunita3.jpg 598w, http:\/\/www.portaldelolleria.es\/wp-content\/uploads\/2019\/11\/mancomunita3-300x101.jpg 300w\" sizes=\"(max-width: 598px) 100vw, 598px\" \/><\/a><\/p>\n<p><strong>La Vall ens Uneix advierte que estar en la Mancomunidad de la Vall d&#8217;Albaida \u00abes voluntario\u00bb<\/strong><\/p>\n<p><strong>Joan Sanchis<\/strong> advierte que \u00abPSPV y Comprom\u00eds est\u00e1n poniendo en peligro la continuidad de la Mancomunitat\u00bb porque Ontinyent paga por habitante y est\u00e1 representado como municipio individual.\u00a0 De hecho La Vall ens Unix que gobierna en Ontinyent, Palomar y Bufali\u00a0 cuentan con 6 de los 68 representantes.\u00a0 Vale tanto el voto de Ontinyent (2)\u00a0 como el voto de Bufali (2), a pesar de la diferencia de poblaci\u00f3n.<\/p>\n<p>PSPV y Comprom\u00eds suman 38.000 habitantes y el resto de fuerzas representa una cantidad superior, de los que 35.000\u00a0 son de Ontinyent, Es decir ,\u00a0 su partido representa a algo\u00a0 m\u00e1s de 40% de toda la poblaci\u00f3n de la Vall d&#8217;Albaida. \u00ab<em>la Mancomunidad es una asociaci\u00f3n voluntaria\u00bb y \u00abla obligaci\u00f3n de ayudar a los municipios peque\u00f1os es de la Diputaci\u00f3n de Valencia y la Generalitat, y no de los ayuntamientos grandes<\/em>\u00ab.<\/p>\n<p>&nbsp;<\/p>\n","protected":false},"excerpt":{"rendered":"<p>Gomar es reelegido presidente con Albert de n\u00famero dos tras pactar PSPV y Comprom\u00eds La Vall ens Uneix y el PP rechazan las delegaciones por \u00abfalta de representaci\u00f3n\u00bb en la Mancomunitat de la Vall, pero siguen en la junta Despu\u00e9s de la sesi\u00f3n fallida del pasado 18 de septiembre, este martes tras llegar a un [&hellip;]<\/p>\n","protected":false},"author":1,"featured_media":0,"comment_status":"closed","ping_status":"open","sticky":false,"template":"","format":"standard","meta":{"_monsterinsights_skip_tracking":false,"_monsterinsights_sitenote_active":false,"_monsterinsights_sitenote_note":"","_monsterinsights_sitenote_category":0},"categories":[171,12],"tags":[],"_links":{"self":[{"href":"http:\/\/www.portaldelolleria.es\/index.php?rest_route=\/wp\/v2\/posts\/23841"}],"collection":[{"href":"http:\/\/www.portaldelolleria.es\/index.php?rest_route=\/wp\/v2\/posts"}],"about":[{"href":"http:\/\/www.portaldelolleria.es\/index.php?rest_route=\/wp\/v2\/types\/post"}],"author":[{"embeddable":true,"href":"http:\/\/www.portaldelolleria.es\/index.php?rest_route=\/wp\/v2\/users\/1"}],"replies":[{"embeddable":true,"href":"http:\/\/www.portaldelolleria.es\/index.php?rest_route=%2Fwp%2Fv2%2Fcomments&post=23841"}],"version-history":[{"count":4,"href":"http:\/\/www.portaldelolleria.es\/index.php?rest_route=\/wp\/v2\/posts\/23841\/revisions"}],"predecessor-version":[{"id":23848,"href":"http:\/\/www.portaldelolleria.es\/index.php?rest_route=\/wp\/v2\/posts\/23841\/revisions\/23848"}],"wp:attachment":[{"href":"http:\/\/www.portaldelolleria.es\/index.php?rest_route=%2Fwp%2Fv2%2Fmedia&parent=23841"}],"wp:term":[{"taxonomy":"category","embeddable":true,"href":"http:\/\/www.portaldelolleria.es\/index.php?rest_route=%2Fwp%2Fv2%2Fcategories&post=23841"},{"taxonomy":"post_tag","embeddable":true,"href":"http:\/\/www.portaldelolleria.es\/index.php?rest_route=%2Fwp%2Fv2%2Ftags&post=23841"}],"curies":[{"name":"wp","href":"https:\/\/api.w.org\/{rel}","templated":true}]}}