{"id":23880,"date":"2019-11-14T17:15:53","date_gmt":"2019-11-14T15:15:53","guid":{"rendered":"http:\/\/www.portaldelolleria.es\/?p=23880"},"modified":"2019-11-14T17:15:53","modified_gmt":"2019-11-14T15:15:53","slug":"xi-campanya-compra-a-casa-de-l%e2%80%99olleria-2019-2020","status":"publish","type":"post","link":"http:\/\/www.portaldelolleria.es\/?p=23880","title":{"rendered":"XI CAMPANYA COMPRA A CASA DE L\u2019OLLERIA 2019-2020"},"content":{"rendered":"<p style=\"text-align: justify;\"><a href=\"http:\/\/www.portaldelolleria.es\/wp-content\/uploads\/2019\/11\/compra.jpg\"><img loading=\"lazy\" class=\"aligncenter size-full wp-image-23882\" title=\"compra\" src=\"http:\/\/www.portaldelolleria.es\/wp-content\/uploads\/2019\/11\/compra.jpg\" alt=\"\" width=\"598\" height=\"380\" srcset=\"http:\/\/www.portaldelolleria.es\/wp-content\/uploads\/2019\/11\/compra.jpg 598w, http:\/\/www.portaldelolleria.es\/wp-content\/uploads\/2019\/11\/compra-300x190.jpg 300w\" sizes=\"(max-width: 598px) 100vw, 598px\" \/><\/a><\/p>\n<p style=\"text-align: justify;\"><span style=\"color: #333333;\"><em>Ajuntament de l&#8217;Olleria, 14\/11\/2019<\/em><\/span><\/p>\n<p style=\"text-align: justify;\" align=\"center\"><strong>XI CAMPANYA COMPRA A CASA DE L\u2019OLLERIA 2019-2020<\/strong><\/p>\n<p style=\"text-align: justify;\" align=\"center\"><strong>\u00a0<\/strong><\/p>\n<p style=\"text-align: justify;\">El Regidor de Promoci\u00f3 econ\u00f2mica de L\u2019Ajuntament de l\u2019Olleria, Rub\u00e9n Morri\u00f3, i la presidenta de l\u2019Associaci\u00f3 de comerciants del municipi, Rebeca Mart\u00ednez, han presentat aquest mat\u00ed la Campanya \u201cCompra a Casa\u201d de l\u2019Olleria.<\/p>\n<p style=\"text-align: justify;\">Una iniciativa, organitzada pel consistori amb la col\u00b7laboraci\u00f3 de l\u2019Associaci\u00f3 de comerciants i l\u2019Associaci\u00f3 d\u2019hostalers del municipi, que compleix aquest 2019 la seua onzena edici\u00f3 i que cada any t\u00e9 molt d\u2019\u00e8xit entre els ve\u00efns i ve\u00efnes de la localitat i d\u2019altres municipis de la comarca.<\/p>\n<p style=\"text-align: justify;\">Concretament, la Campanya Compra a Casa, que tindr\u00e0 lloc entre el 18 de novembre de 2019 i el 4 de gener de 2020, repartir\u00e0 un total de 5.400 euros dividits en 2 premis de 300 euros i 40 premis de 120 euros entre tots i totes les persones que compren o consumisquen en els comer\u00e7os i restaurants de l\u2019Olleria adherits a aquesta campanya.<\/p>\n<p style=\"text-align: justify;\">El Regidor ha volgut destacar la import\u00e0ncia que t\u00e9 el comer\u00e7 local per a l\u2019economia del municipi i ha convidat a la ciutadania a qu\u00e8 realitze les seues compres nadalenques a l\u2019Olleria. Per la seua banda, la presidenta de l\u2019Associaci\u00f3 de comerciants, ha volgut recordar que \u201ccuidar el comer\u00e7 local \u00e9s cuidar el poble i que aquest nadal comprar a l\u2019Olleria t\u00e9 premi\u201d.<\/p>\n<p style=\"text-align: justify;\">El sorteig dels premis, obert a tota la ciutadania, tindr\u00e0 lloc el pr\u00f2xim 10 de gener en l\u2019Ajuntament de l\u2019Olleria.<\/p>\n<p style=\"text-align: justify;\">\n<p style=\"text-align: justify;\" align=\"center\"><strong>XI CAMPA\u00d1A COMPRA A CASA DE L&#8217;OLLERIA 2019-2020<\/strong><\/p>\n<p style=\"text-align: justify;\" align=\"center\"><strong>\u00a0<\/strong><\/p>\n<p style=\"text-align: justify;\"><span style=\"color: #003366;\">El concejal de Promoci\u00f3n econ\u00f3mica del Ayuntamiento de l&#8217;Olleria, Rub\u00e9n Morri\u00f3, y la presidenta de la Asociaci\u00f3n de comerciantes del municipio, Rebeca Mart\u00ednez, han presentado esta ma\u00f1ana la Campa\u00f1a \u201cCompra a Casa\u201d de l&#8217;Olleria.<\/span><\/p>\n<p style=\"text-align: justify;\"><span style=\"color: #003366;\">Una iniciativa, organizada por el consistorio con la colaboraci\u00f3n de la Asociaci\u00f3n de comerciantes y la Asociaci\u00f3n de hostaleros del municipio, que cumple este 2019 su und\u00e9cima edici\u00f3n y que cada a\u00f1o tiene mucho \u00e9xito entre los vecinos y vecinas de la localidad y de otros municipios de la comarca.<\/span><\/p>\n<p style=\"text-align: justify;\"><span style=\"color: #003366;\">Concretamente, la Campa\u00f1a \u201cCompra a Casa\u201d, que tendr\u00e1 lugar entre el 18 de noviembre de 2019 y el 4 de enero de 2020, repartir\u00e1 un total de 5.400 euros divididos en 2 premios de 300 euros y 40 premios de 120 euros entre todos y todas las personas que compren o consuman en los comercios y restaurantes de l&#8217;Olleria adheridos a esta campa\u00f1a.<\/span><\/p>\n<p style=\"text-align: justify;\"><span style=\"color: #003366;\">El concejal ha querido destacar la importancia que tiene el comercio local para la econom\u00eda del municipio y ha invitado a la ciudadan\u00eda a que realice sus compras navide\u00f1as en l&#8217;Olleria. Por su parte, la presidenta de la Asociaci\u00f3n de comerciantes ha querido recordar que \u201ccuidar el comercio local es cuidar el pueblo y que esta navidad comprar en l&#8217;Olleria tiene premio\u201d.<\/span><\/p>\n<p style=\"text-align: justify;\"><span style=\"color: #003366;\">El sorteo de los premios, abierto a toda la ciudadan\u00eda, tendr\u00e1 lugar el pr\u00f3ximo 10 de enero en el Ayuntamiento de l&#8217;Olleria.<\/span><\/p>\n<p style=\"text-align: justify;\">\n<p style=\"text-align: justify;\"><a href=\"http:\/\/www.portaldelolleria.es\/wp-content\/uploads\/2019\/11\/CARTELL-COMPRA-A-CASA.jpg\"><img loading=\"lazy\" class=\"aligncenter size-full wp-image-23881\" title=\"CARTELL COMPRA A CASA\" src=\"http:\/\/www.portaldelolleria.es\/wp-content\/uploads\/2019\/11\/CARTELL-COMPRA-A-CASA.jpg\" alt=\"\" width=\"598\" height=\"839\" srcset=\"http:\/\/www.portaldelolleria.es\/wp-content\/uploads\/2019\/11\/CARTELL-COMPRA-A-CASA.jpg 598w, http:\/\/www.portaldelolleria.es\/wp-content\/uploads\/2019\/11\/CARTELL-COMPRA-A-CASA-213x300.jpg 213w\" sizes=\"(max-width: 598px) 100vw, 598px\" \/><\/a><\/p>\n","protected":false},"excerpt":{"rendered":"<p>Ajuntament de l&#8217;Olleria, 14\/11\/2019 XI CAMPANYA COMPRA A CASA DE L\u2019OLLERIA 2019-2020 \u00a0 El Regidor de Promoci\u00f3 econ\u00f2mica de L\u2019Ajuntament de l\u2019Olleria, Rub\u00e9n Morri\u00f3, i la presidenta de l\u2019Associaci\u00f3 de comerciants del municipi, Rebeca Mart\u00ednez, han presentat aquest mat\u00ed la Campanya \u201cCompra a Casa\u201d de l\u2019Olleria. Una iniciativa, organitzada pel consistori amb la col\u00b7laboraci\u00f3 de [&hellip;]<\/p>\n","protected":false},"author":1,"featured_media":0,"comment_status":"closed","ping_status":"open","sticky":false,"template":"","format":"standard","meta":{"_monsterinsights_skip_tracking":false,"_monsterinsights_sitenote_active":false,"_monsterinsights_sitenote_note":"","_monsterinsights_sitenote_category":0},"categories":[171,12],"tags":[],"_links":{"self":[{"href":"http:\/\/www.portaldelolleria.es\/index.php?rest_route=\/wp\/v2\/posts\/23880"}],"collection":[{"href":"http:\/\/www.portaldelolleria.es\/index.php?rest_route=\/wp\/v2\/posts"}],"about":[{"href":"http:\/\/www.portaldelolleria.es\/index.php?rest_route=\/wp\/v2\/types\/post"}],"author":[{"embeddable":true,"href":"http:\/\/www.portaldelolleria.es\/index.php?rest_route=\/wp\/v2\/users\/1"}],"replies":[{"embeddable":true,"href":"http:\/\/www.portaldelolleria.es\/index.php?rest_route=%2Fwp%2Fv2%2Fcomments&post=23880"}],"version-history":[{"count":2,"href":"http:\/\/www.portaldelolleria.es\/index.php?rest_route=\/wp\/v2\/posts\/23880\/revisions"}],"predecessor-version":[{"id":23884,"href":"http:\/\/www.portaldelolleria.es\/index.php?rest_route=\/wp\/v2\/posts\/23880\/revisions\/23884"}],"wp:attachment":[{"href":"http:\/\/www.portaldelolleria.es\/index.php?rest_route=%2Fwp%2Fv2%2Fmedia&parent=23880"}],"wp:term":[{"taxonomy":"category","embeddable":true,"href":"http:\/\/www.portaldelolleria.es\/index.php?rest_route=%2Fwp%2Fv2%2Fcategories&post=23880"},{"taxonomy":"post_tag","embeddable":true,"href":"http:\/\/www.portaldelolleria.es\/index.php?rest_route=%2Fwp%2Fv2%2Ftags&post=23880"}],"curies":[{"name":"wp","href":"https:\/\/api.w.org\/{rel}","templated":true}]}}