{"id":23886,"date":"2019-11-15T16:11:28","date_gmt":"2019-11-15T14:11:28","guid":{"rendered":"http:\/\/www.portaldelolleria.es\/?p=23886"},"modified":"2019-11-15T22:06:16","modified_gmt":"2019-11-15T20:06:16","slug":"misa-de-santa-cecilia","status":"publish","type":"post","link":"http:\/\/www.portaldelolleria.es\/?p=23886","title":{"rendered":"Misa de Santa Cec\u00edlia a cargo del coro de AEM La Nova"},"content":{"rendered":"<p><a href=\"http:\/\/www.portaldelolleria.es\/wp-content\/uploads\/2019\/11\/coro_aem.jpg\"><img loading=\"lazy\" class=\"aligncenter size-full wp-image-23888\" title=\"coro_aem\" src=\"http:\/\/www.portaldelolleria.es\/wp-content\/uploads\/2019\/11\/coro_aem.jpg\" alt=\"\" width=\"598\" height=\"396\" srcset=\"http:\/\/www.portaldelolleria.es\/wp-content\/uploads\/2019\/11\/coro_aem.jpg 598w, http:\/\/www.portaldelolleria.es\/wp-content\/uploads\/2019\/11\/coro_aem-300x198.jpg 300w\" sizes=\"(max-width: 598px) 100vw, 598px\" \/><\/a><\/p>\n<p>&nbsp;<\/p>\n<p>En estas fechas que se aproxima la festividad de Santa Cec\u00edlia,\u00a0\u00a0 patrona de todas las bandas de m\u00fasica,\u00a0 comienzan los actos de su conmeraci\u00f3n, por parte de la AEM La Nova de l&#8217;Olleria.\u00a0 Ma\u00f1\u00e1na s\u00e1bado es el turno de la incorporaci\u00f3n de nuevos m\u00fasicos a la banda,\u00a0 y la celebraci\u00f3n de una misa con la participaci\u00f3n del coro de la agrupaci\u00f3n, a partir de las 19:30h\u00a0 en el\u00a0 Santuario de la Virgen de Loreto.\u00a0\u00a0 Acto seguido\u00a0 la AEM La Nova proseguir\u00e1 con los festejos celebrando un \u00absopar i festa\u00bb para celebrar la entrada de los nuevos m\u00fasicos.<\/p>\n<p>_____________________<\/p>\n<p><span style=\"color: #003366;\">En aquestes dates que s&#8217;aproxima la festivitat de Santa Cec\u00edlia, patrona de totes les bandes de m\u00fasica, comencen els actes de la seva commeraci\u00f3, per part de l&#8217;AEM La Nova de l&#8217;Olleria. Dem\u00e0 dissabte \u00e9s el torn de la incorporaci\u00f3 de nous m\u00fasics a la banda, i la celebraci\u00f3 d&#8217;una missa amb la participaci\u00f3 de el cor de l&#8217;agrupaci\u00f3, a partir de les 19: 30h al Santuari de la Virge de Loreto. Tot seguit l&#8217;AEM La Nova prosseguir\u00e0 amb les celebracions celebrant un \u00absopar i festa\u00bb per celebrar l&#8217;entrada dels nous m\u00fasics.<\/span><\/p>\n<p>&nbsp;<\/p>\n<p><a href=\"http:\/\/www.portaldelolleria.es\/wp-content\/uploads\/2019\/11\/coro2.jpg\"><img loading=\"lazy\" class=\"aligncenter size-full wp-image-23887\" title=\"coro2\" src=\"http:\/\/www.portaldelolleria.es\/wp-content\/uploads\/2019\/11\/coro2.jpg\" alt=\"\" width=\"450\" height=\"637\" srcset=\"http:\/\/www.portaldelolleria.es\/wp-content\/uploads\/2019\/11\/coro2.jpg 450w, http:\/\/www.portaldelolleria.es\/wp-content\/uploads\/2019\/11\/coro2-211x300.jpg 211w\" sizes=\"(max-width: 450px) 100vw, 450px\" \/><\/a><\/p>\n","protected":false},"excerpt":{"rendered":"<p>&nbsp; En estas fechas que se aproxima la festividad de Santa Cec\u00edlia,\u00a0\u00a0 patrona de todas las bandas de m\u00fasica,\u00a0 comienzan los actos de su conmeraci\u00f3n, por parte de la AEM La Nova de l&#8217;Olleria.\u00a0 Ma\u00f1\u00e1na s\u00e1bado es el turno de la incorporaci\u00f3n de nuevos m\u00fasicos a la banda,\u00a0 y la celebraci\u00f3n de una misa con [&hellip;]<\/p>\n","protected":false},"author":1,"featured_media":0,"comment_status":"closed","ping_status":"open","sticky":false,"template":"","format":"standard","meta":{"_monsterinsights_skip_tracking":false,"_monsterinsights_sitenote_active":false,"_monsterinsights_sitenote_note":"","_monsterinsights_sitenote_category":0},"categories":[16,12],"tags":[],"_links":{"self":[{"href":"http:\/\/www.portaldelolleria.es\/index.php?rest_route=\/wp\/v2\/posts\/23886"}],"collection":[{"href":"http:\/\/www.portaldelolleria.es\/index.php?rest_route=\/wp\/v2\/posts"}],"about":[{"href":"http:\/\/www.portaldelolleria.es\/index.php?rest_route=\/wp\/v2\/types\/post"}],"author":[{"embeddable":true,"href":"http:\/\/www.portaldelolleria.es\/index.php?rest_route=\/wp\/v2\/users\/1"}],"replies":[{"embeddable":true,"href":"http:\/\/www.portaldelolleria.es\/index.php?rest_route=%2Fwp%2Fv2%2Fcomments&post=23886"}],"version-history":[{"count":7,"href":"http:\/\/www.portaldelolleria.es\/index.php?rest_route=\/wp\/v2\/posts\/23886\/revisions"}],"predecessor-version":[{"id":23897,"href":"http:\/\/www.portaldelolleria.es\/index.php?rest_route=\/wp\/v2\/posts\/23886\/revisions\/23897"}],"wp:attachment":[{"href":"http:\/\/www.portaldelolleria.es\/index.php?rest_route=%2Fwp%2Fv2%2Fmedia&parent=23886"}],"wp:term":[{"taxonomy":"category","embeddable":true,"href":"http:\/\/www.portaldelolleria.es\/index.php?rest_route=%2Fwp%2Fv2%2Fcategories&post=23886"},{"taxonomy":"post_tag","embeddable":true,"href":"http:\/\/www.portaldelolleria.es\/index.php?rest_route=%2Fwp%2Fv2%2Ftags&post=23886"}],"curies":[{"name":"wp","href":"https:\/\/api.w.org\/{rel}","templated":true}]}}