{"id":2390,"date":"2013-02-26T13:33:59","date_gmt":"2013-02-26T12:33:59","guid":{"rendered":"http:\/\/www.portaldelolleria.es\/?p=2390"},"modified":"2013-02-26T14:04:16","modified_gmt":"2013-02-26T13:04:16","slug":"el-alcalde-toma-cartas-en-el-caso-de-la-ambulancia-de-lolleria","status":"publish","type":"post","link":"http:\/\/www.portaldelolleria.es\/?p=2390","title":{"rendered":"El Alcalde toma cartas en el asunto de la \u00abambulancia SVB de l&#8217;Olleria\u00bb"},"content":{"rendered":"<div id=\"attachment_2391\" style=\"width: 608px\" class=\"wp-caption aligncenter\"><a href=\"http:\/\/www.portaldelolleria.es\/wp-content\/uploads\/2013\/02\/alcalde.jpg\"><img aria-describedby=\"caption-attachment-2391\" loading=\"lazy\" class=\"size-full wp-image-2391\" title=\"alcalde\" src=\"http:\/\/www.portaldelolleria.es\/wp-content\/uploads\/2013\/02\/alcalde.jpg\" alt=\"\" width=\"598\" height=\"398\" srcset=\"http:\/\/www.portaldelolleria.es\/wp-content\/uploads\/2013\/02\/alcalde.jpg 598w, http:\/\/www.portaldelolleria.es\/wp-content\/uploads\/2013\/02\/alcalde-300x199.jpg 300w\" sizes=\"(max-width: 598px) 100vw, 598px\" \/><\/a><p id=\"caption-attachment-2391\" class=\"wp-caption-text\">Jose Vidal - Alcalde de L&#39;Olleria<\/p><\/div>\n<p>&nbsp;<\/p>\n<p><strong>El alcalde de L\u2019Olleria insta a la Conselleria de Sanidad a mantener las ambulancias de SVB de L\u2019Olleria y Castell\u00f3 de Rugat<\/strong><\/p>\n<p><strong>\u00a0<\/strong><\/p>\n<p>El alcalde de L\u2019Olleria, Jos\u00e9 Vidal ha pedido a la Conselleria de Sanidad la no supresi\u00f3n de las ambulancias de Soporte Vital B\u00e1sico con la que cuenta actualmente L\u2019Olleria y Castell\u00f3 de Rugat, lo hac\u00eda ayer durante la conversaci\u00f3n mantenida con el Director General de Asistencia Sanitaria, Guillermo Ferr\u00e1n Mart\u00ednez, despu\u00e9s de haber solicitado conjuntamente los alcaldes de L\u2019Olleria, Castell\u00f3 de Rugat, Alfarras\u00ed, Guadasequies y\u00a0 Montaverner una reuni\u00f3n con el Conseller de Sanidad para tratar este tema.<\/p>\n<p>En ella, Vidal le transmit\u00eda el desacuerdo y el malestar de los pueblos afectados por la posible supresi\u00f3n \u00a0\u201cde un servicio tan importante y necesario, que en determinados casos, puede salvar una vida humana\u201d.<\/p>\n<p>Por su parte, tal y como ha comentado Vidal \u00a0\u201cFerr\u00e1n ha explicado que en estos momentos la supresi\u00f3n o no del SVB en L\u2019Olleria y Castell\u00f3 de Rugat est\u00e1 en fase de estudio y todav\u00eda no hay nada decidido\u201d.<\/p>\n<p>&nbsp;<\/p>\n<p>Noticia relacionada:\u00a0 <a href=\"http:\/\/www.portaldelolleria.es\/2013\/02\/24\/lolleria-se-quedara-sin-ambulancia-por-los-recortes-de-sanidad\/\">http:\/\/www.portaldelolleria.es\/2013\/02\/24\/lolleria-se-quedara-sin-ambulancia-por-los-recortes-de-sanidad\/<\/a><\/p>\n","protected":false},"excerpt":{"rendered":"<p>&nbsp; El alcalde de L\u2019Olleria insta a la Conselleria de Sanidad a mantener las ambulancias de SVB de L\u2019Olleria y Castell\u00f3 de Rugat \u00a0 El alcalde de L\u2019Olleria, Jos\u00e9 Vidal ha pedido a la Conselleria de Sanidad la no supresi\u00f3n de las ambulancias de Soporte Vital B\u00e1sico con la que cuenta actualmente L\u2019Olleria y Castell\u00f3 [&hellip;]<\/p>\n","protected":false},"author":2,"featured_media":0,"comment_status":"closed","ping_status":"open","sticky":false,"template":"","format":"standard","meta":{"_monsterinsights_skip_tracking":false,"_monsterinsights_sitenote_active":false,"_monsterinsights_sitenote_note":"","_monsterinsights_sitenote_category":0},"categories":[10,12],"tags":[571,569,20,570],"_links":{"self":[{"href":"http:\/\/www.portaldelolleria.es\/index.php?rest_route=\/wp\/v2\/posts\/2390"}],"collection":[{"href":"http:\/\/www.portaldelolleria.es\/index.php?rest_route=\/wp\/v2\/posts"}],"about":[{"href":"http:\/\/www.portaldelolleria.es\/index.php?rest_route=\/wp\/v2\/types\/post"}],"author":[{"embeddable":true,"href":"http:\/\/www.portaldelolleria.es\/index.php?rest_route=\/wp\/v2\/users\/2"}],"replies":[{"embeddable":true,"href":"http:\/\/www.portaldelolleria.es\/index.php?rest_route=%2Fwp%2Fv2%2Fcomments&post=2390"}],"version-history":[{"count":5,"href":"http:\/\/www.portaldelolleria.es\/index.php?rest_route=\/wp\/v2\/posts\/2390\/revisions"}],"predecessor-version":[{"id":2393,"href":"http:\/\/www.portaldelolleria.es\/index.php?rest_route=\/wp\/v2\/posts\/2390\/revisions\/2393"}],"wp:attachment":[{"href":"http:\/\/www.portaldelolleria.es\/index.php?rest_route=%2Fwp%2Fv2%2Fmedia&parent=2390"}],"wp:term":[{"taxonomy":"category","embeddable":true,"href":"http:\/\/www.portaldelolleria.es\/index.php?rest_route=%2Fwp%2Fv2%2Fcategories&post=2390"},{"taxonomy":"post_tag","embeddable":true,"href":"http:\/\/www.portaldelolleria.es\/index.php?rest_route=%2Fwp%2Fv2%2Ftags&post=2390"}],"curies":[{"name":"wp","href":"https:\/\/api.w.org\/{rel}","templated":true}]}}