{"id":23943,"date":"2019-11-18T19:03:19","date_gmt":"2019-11-18T17:03:19","guid":{"rendered":"http:\/\/www.portaldelolleria.es\/?p=23943"},"modified":"2019-11-19T19:05:26","modified_gmt":"2019-11-19T17:05:26","slug":"un-total-de-24-empresaris-o-emprenedors-s%e2%80%99han-beneficiat-del-programa-r-activa-2019","status":"publish","type":"post","link":"http:\/\/www.portaldelolleria.es\/?p=23943","title":{"rendered":"Un total de 24 empresaris o emprenedors s\u2019han beneficiat del programa R-activa 2019"},"content":{"rendered":"<p><a href=\"http:\/\/www.portaldelolleria.es\/wp-content\/uploads\/2019\/11\/REACTIVA.jpg\"><img loading=\"lazy\" class=\"aligncenter size-full wp-image-23944\" title=\"REACTIVA\" src=\"http:\/\/www.portaldelolleria.es\/wp-content\/uploads\/2019\/11\/REACTIVA.jpg\" alt=\"\" width=\"598\" height=\"408\" srcset=\"http:\/\/www.portaldelolleria.es\/wp-content\/uploads\/2019\/11\/REACTIVA.jpg 598w, http:\/\/www.portaldelolleria.es\/wp-content\/uploads\/2019\/11\/REACTIVA-300x204.jpg 300w\" sizes=\"(max-width: 598px) 100vw, 598px\" \/><\/a><\/p>\n<p>&nbsp;<\/p>\n<p align=\"center\"><strong>Un total de 24 empresaris o emprenedors s\u2019han beneficiat del programa R-activa 2019 de l\u2019Ajuntament de l\u2019Olleria<\/strong><\/p>\n<p>&nbsp;<\/p>\n<p>L\u2019Ajuntament de l\u2019Olleria va llen\u00e7ar fa uns mesos una nova edici\u00f3 del Pla R-Activa destinat a empreses i nous emprenedors, per a la promoci\u00f3 i creaci\u00f3 de negocis. Un total de 24 empreses, empresaris i emprenedors s\u2019han beneficiat d\u2019aquestes ajudes que han ascendit a un total de 13.982,50 euros.<\/p>\n<p>Com en edicions anteriors, el Pla comptava amb tres programes diferents: Emplea, Empr\u00e9n i Innova.<\/p>\n<p>El programa Emplea que \u00e9s el destinat a ajudar a crear nous llocs de treball, s\u2019ha atorgat a un total de 13 empreses, amb una inversi\u00f3 total de 7.882,50 euros.<\/p>\n<p>Quant al programa Empr\u00e9n, estava pensat per a les persones f\u00edsiques i jur\u00eddiques que havien creat o volien crear una nova empresa a l\u2019Olleria i que han sigut un total de 6.<\/p>\n<p>Pel que fa al programa Innova, aquest buscava donar suport a la innovaci\u00f3, modernitzaci\u00f3 i millora de les empreses de l\u2019Olleria, sent un total de 5 les empreses que s\u2019han beneficiat d\u2019aquestes ajudes.<\/p>\n<p>El Regidor de promoci\u00f3 econ\u00f2mica, Rub\u00e9n Morri\u00f3 ha afirmat que \u201cdes de l\u2019Ajuntament de l\u2019Olleria \u00e9s continuar\u00e0 treballant per fomentar l\u2019emprenedoria i per ajudar a les xicotetes i grans empreses del municipi amb la finalitat de crear m\u00e9s llocs de treball i millorar les condicions dels ja existents\u201d.<\/p>\n<p><strong>\u00a0<\/strong><\/p>\n<p align=\"center\"><span style=\"color: #003366;\"><strong>Un total de 24 empresarios o emprendedores se han beneficiado del programa R-activa 2019 del Ayuntamiento de l&#8217;Olleria<\/strong><\/span><\/p>\n<p>&nbsp;<\/p>\n<p><span style=\"color: #003366;\">El Ayuntamiento de l&#8217;Olleria tir\u00f3 hace unos meses una nueva edici\u00f3n del Plano R-Activa destinado a empresas y nuevos emprendedores, para la promoci\u00f3n y creaci\u00f3n de negocios. Un total de 24 empresas, empresarios y emprendedores se han beneficiado de estas ayudas que han ascendido a un total de 13.982,50 euros.<\/span><\/p>\n<p><span style=\"color: #003366;\">C\u00f3mo en ediciones anteriores, el Plan contaba con tres programas diferentes: Emplea, Emprende e Innova.<\/span><\/p>\n<p><span style=\"color: #003366;\">El programa Emplea que es lo destinado a ayudar a crear nuevos puestos de trabajo, se ha otorgado a un total de 13 empresas, con una inversi\u00f3n total de 7.882,50 euros.<\/span><\/p>\n<p><span style=\"color: #003366;\">En cuanto al programa Emprende, estaba pensado para las personas f\u00edsicas y jur\u00eddicas que hab\u00edan creado o quer\u00edan crear una nueva empresa en l&#8217;Olleria y que han sido un total de 6.<\/span><\/p>\n<p><span style=\"color: #003366;\">En cuanto al programa Innova, este buscaba apoyar a la innovaci\u00f3n, modernizaci\u00f3n y mejora de las empresas de l&#8217;Olleria, siente un total de 5 las empresas que se han beneficiado de estas ayudas.<\/span><\/p>\n<p><span style=\"color: #003366;\">El Regidor de promoci\u00f3n econ\u00f3mica, Rub\u00e9n Morri\u00f3 ha afirmado que \u201cdesde el Ayuntamiento de l&#8217;Olleria se continuar\u00e1 trabajando para fomentar el emprendimiento y para ayudar en las peque\u00f1as y grandes empresas del municipio con el fin de crear m\u00e1s puestos de trabajo y mejorar las condiciones de los ya existentes\u201d.<\/span><\/p>\n","protected":false},"excerpt":{"rendered":"<p>&nbsp; Un total de 24 empresaris o emprenedors s\u2019han beneficiat del programa R-activa 2019 de l\u2019Ajuntament de l\u2019Olleria &nbsp; L\u2019Ajuntament de l\u2019Olleria va llen\u00e7ar fa uns mesos una nova edici\u00f3 del Pla R-Activa destinat a empreses i nous emprenedors, per a la promoci\u00f3 i creaci\u00f3 de negocis. Un total de 24 empreses, empresaris i emprenedors [&hellip;]<\/p>\n","protected":false},"author":1,"featured_media":0,"comment_status":"closed","ping_status":"open","sticky":false,"template":"","format":"standard","meta":{"_monsterinsights_skip_tracking":false,"_monsterinsights_sitenote_active":false,"_monsterinsights_sitenote_note":"","_monsterinsights_sitenote_category":0},"categories":[171],"tags":[],"_links":{"self":[{"href":"http:\/\/www.portaldelolleria.es\/index.php?rest_route=\/wp\/v2\/posts\/23943"}],"collection":[{"href":"http:\/\/www.portaldelolleria.es\/index.php?rest_route=\/wp\/v2\/posts"}],"about":[{"href":"http:\/\/www.portaldelolleria.es\/index.php?rest_route=\/wp\/v2\/types\/post"}],"author":[{"embeddable":true,"href":"http:\/\/www.portaldelolleria.es\/index.php?rest_route=\/wp\/v2\/users\/1"}],"replies":[{"embeddable":true,"href":"http:\/\/www.portaldelolleria.es\/index.php?rest_route=%2Fwp%2Fv2%2Fcomments&post=23943"}],"version-history":[{"count":1,"href":"http:\/\/www.portaldelolleria.es\/index.php?rest_route=\/wp\/v2\/posts\/23943\/revisions"}],"predecessor-version":[{"id":23945,"href":"http:\/\/www.portaldelolleria.es\/index.php?rest_route=\/wp\/v2\/posts\/23943\/revisions\/23945"}],"wp:attachment":[{"href":"http:\/\/www.portaldelolleria.es\/index.php?rest_route=%2Fwp%2Fv2%2Fmedia&parent=23943"}],"wp:term":[{"taxonomy":"category","embeddable":true,"href":"http:\/\/www.portaldelolleria.es\/index.php?rest_route=%2Fwp%2Fv2%2Fcategories&post=23943"},{"taxonomy":"post_tag","embeddable":true,"href":"http:\/\/www.portaldelolleria.es\/index.php?rest_route=%2Fwp%2Fv2%2Ftags&post=23943"}],"curies":[{"name":"wp","href":"https:\/\/api.w.org\/{rel}","templated":true}]}}