{"id":23956,"date":"2019-11-20T20:03:55","date_gmt":"2019-11-20T18:03:55","guid":{"rendered":"http:\/\/www.portaldelolleria.es\/?p=23956"},"modified":"2020-02-06T12:33:04","modified_gmt":"2020-02-06T10:33:04","slug":"ii-feria-de-navidad-de-lolleria","status":"publish","type":"post","link":"http:\/\/www.portaldelolleria.es\/?p=23956","title":{"rendered":"II FIRA DE NADAL DE L\u2019OLLERIA"},"content":{"rendered":"<p style=\"text-align: justify;\">\u00a0<a href=\"http:\/\/www.portaldelolleria.es\/wp-content\/uploads\/2019\/11\/fira2.jpg\"><img loading=\"lazy\" class=\"aligncenter size-full wp-image-23961\" title=\"fira2\" src=\"http:\/\/www.portaldelolleria.es\/wp-content\/uploads\/2019\/11\/fira2.jpg\" alt=\"\" width=\"598\" height=\"396\" srcset=\"http:\/\/www.portaldelolleria.es\/wp-content\/uploads\/2019\/11\/fira2.jpg 598w, http:\/\/www.portaldelolleria.es\/wp-content\/uploads\/2019\/11\/fira2-300x198.jpg 300w\" sizes=\"(max-width: 598px) 100vw, 598px\" \/><\/a><\/p>\n<p style=\"text-align: justify;\" align=\"center\">\u00a0<em><br \/>\n<\/em><\/p>\n<p style=\"text-align: justify;\"><span style=\"color: #888888;\"><em>Ajuntament de l&#8217;Olleria, 20\/11\/2019<\/em><\/span><\/p>\n<p style=\"text-align: justify;\" align=\"center\"><strong>II FIRA DE NADAL DE L\u2019OLLERIA<\/strong><\/p>\n<p style=\"text-align: justify;\">La Regidoria de Promoci\u00f3 Econ\u00f2mica de l\u2019Ajuntament de l\u2019Olleria conjuntament amb l\u2019Associaci\u00f3 de Comerciants del municipi i amb la col\u00b7laboraci\u00f3 dels Scouts Sant Jordi, han organitzat la II edici\u00f3 de la Fira de Nadal de la localitat.<\/p>\n<p style=\"text-align: justify;\">Concretament aquest esdeveniment nadalenc tindr\u00e0 lloc el dissabte 30 de novembre en horari de 17 h a 21 h i el diumenge 1 de desembre, d&#8217;11 h a 18 h.<\/p>\n<p style=\"text-align: justify;\">La novetat principal d\u2019aquesta segona edici\u00f3 ser\u00e0 el canvi d\u2019ubicaci\u00f3 dels estands, que aquest 2019 ser\u00e0 al pati de la Casa Santonja \u2013 Palau dels Marau, amb la finalitat de mostrar aquest espai tan id\u00edl\u00b7lic del municipi a totes aquelles persones que vinguen a visitar la Fira. De fet, s\u2019han organitzat diverses visites culturals per l\u2019espai, dues el dissabte a les 18 h i a les 19 h i dues el diumenge a les 12 h i a les 13 h.<\/p>\n<p style=\"text-align: justify;\">A m\u00e9s, durant els dos dies, hi haur\u00e0 tallers infantils i inflables, i una actuaci\u00f3 del Grup Sigarrito el diumenge a les 12 h.<\/p>\n<p style=\"text-align: justify;\">Al comprar en la fira tamb\u00e9 podr\u00e0s participar en el sorteig d\u2019uns xecs per valor de 25 euros de cada comer\u00e7 associat. El sorteig es realitzar\u00e0 el 23 de desembre.<\/p>\n<p style=\"text-align: justify;\" align=\"center\"><span style=\"color: #003366;\"><strong>II FERIA DE NAVIDAD DE L&#8217;OLLERIA<\/strong><\/span><\/p>\n<p style=\"text-align: justify;\"><span style=\"color: #003366;\">La Concejal\u00eda de Promoci\u00f3n Econ\u00f3mica del Ayuntamiento de l&#8217;Olleria juntamente con la Asociaci\u00f3n de Comerciantes del municipio y con la colaboraci\u00f3n de los Scouts San Jorge, han organizado la II edici\u00f3n de la Feria de Navidad de la localidad.<\/span><\/p>\n<p style=\"text-align: justify;\"><span style=\"color: #003366;\">Concretamente este acontecimiento navide\u00f1o tendr\u00e1 lugar el s\u00e1bado 30 de noviembre en horario de 17 h a 21 h y el domingo 1 de diciembre, de 11 h a 18 h.<\/span><\/p>\n<p style=\"text-align: justify;\"><span style=\"color: #003366;\">La novedad principal de esta segunda edici\u00f3n ser\u00e1 el cambio de ubicaci\u00f3n de los estands, que este 2019 estar\u00e1n en el patio de la Casa Santonja \u2013 Palau dels \u00a0\u00a0Marau, con el fin de mostrar este espacio tan id\u00edlico del municipio a todas aquellas personas que vengan a visitar la Feria. De hecho, se han organizado varias visitas culturales por el espacio, dos el s\u00e1bado a las 18 h y a las 19 h y dos el domingo a las 12 h y a las 13 h.<\/span><\/p>\n<p style=\"text-align: justify;\"><span style=\"color: #003366;\">Adem\u00e1s, durante los dos d\u00edas, habr\u00e1 talleres infantiles e hinchables, y una actuaci\u00f3n del Grupo Sigarrito el domingo a las 12 h.<\/span><\/p>\n<p style=\"text-align: justify;\"><span style=\"color: #003366;\">Al comprar en la feria tambi\u00e9n podr\u00e1s participar en el sorteo de unos cheques por valor de 25 euros de cada comercio asociado. El sorteo se realizar\u00e1 el 23 de diciembre.<\/span><\/p>\n<p>&nbsp;<\/p>\n<p><a href=\"http:\/\/www.portaldelolleria.es\/wp-content\/uploads\/2019\/11\/fira.jpg\"><img loading=\"lazy\" class=\"aligncenter size-full wp-image-23960\" title=\"fira\" src=\"http:\/\/www.portaldelolleria.es\/wp-content\/uploads\/2019\/11\/fira.jpg\" alt=\"\" width=\"598\" height=\"843\" srcset=\"http:\/\/www.portaldelolleria.es\/wp-content\/uploads\/2019\/11\/fira.jpg 598w, http:\/\/www.portaldelolleria.es\/wp-content\/uploads\/2019\/11\/fira-212x300.jpg 212w\" sizes=\"(max-width: 598px) 100vw, 598px\" \/><\/a><\/p>\n","protected":false},"excerpt":{"rendered":"<p>\u00a0 \u00a0 Ajuntament de l&#8217;Olleria, 20\/11\/2019 II FIRA DE NADAL DE L\u2019OLLERIA La Regidoria de Promoci\u00f3 Econ\u00f2mica de l\u2019Ajuntament de l\u2019Olleria conjuntament amb l\u2019Associaci\u00f3 de Comerciants del municipi i amb la col\u00b7laboraci\u00f3 dels Scouts Sant Jordi, han organitzat la II edici\u00f3 de la Fira de Nadal de la localitat. Concretament aquest esdeveniment nadalenc tindr\u00e0 lloc [&hellip;]<\/p>\n","protected":false},"author":1,"featured_media":0,"comment_status":"closed","ping_status":"open","sticky":false,"template":"","format":"standard","meta":{"_monsterinsights_skip_tracking":false,"_monsterinsights_sitenote_active":false,"_monsterinsights_sitenote_note":"","_monsterinsights_sitenote_category":0},"categories":[171,12],"tags":[],"_links":{"self":[{"href":"http:\/\/www.portaldelolleria.es\/index.php?rest_route=\/wp\/v2\/posts\/23956"}],"collection":[{"href":"http:\/\/www.portaldelolleria.es\/index.php?rest_route=\/wp\/v2\/posts"}],"about":[{"href":"http:\/\/www.portaldelolleria.es\/index.php?rest_route=\/wp\/v2\/types\/post"}],"author":[{"embeddable":true,"href":"http:\/\/www.portaldelolleria.es\/index.php?rest_route=\/wp\/v2\/users\/1"}],"replies":[{"embeddable":true,"href":"http:\/\/www.portaldelolleria.es\/index.php?rest_route=%2Fwp%2Fv2%2Fcomments&post=23956"}],"version-history":[{"count":4,"href":"http:\/\/www.portaldelolleria.es\/index.php?rest_route=\/wp\/v2\/posts\/23956\/revisions"}],"predecessor-version":[{"id":24610,"href":"http:\/\/www.portaldelolleria.es\/index.php?rest_route=\/wp\/v2\/posts\/23956\/revisions\/24610"}],"wp:attachment":[{"href":"http:\/\/www.portaldelolleria.es\/index.php?rest_route=%2Fwp%2Fv2%2Fmedia&parent=23956"}],"wp:term":[{"taxonomy":"category","embeddable":true,"href":"http:\/\/www.portaldelolleria.es\/index.php?rest_route=%2Fwp%2Fv2%2Fcategories&post=23956"},{"taxonomy":"post_tag","embeddable":true,"href":"http:\/\/www.portaldelolleria.es\/index.php?rest_route=%2Fwp%2Fv2%2Ftags&post=23956"}],"curies":[{"name":"wp","href":"https:\/\/api.w.org\/{rel}","templated":true}]}}