{"id":2397,"date":"2013-02-27T20:54:39","date_gmt":"2013-02-27T19:54:39","guid":{"rendered":"http:\/\/www.portaldelolleria.es\/?p=2397"},"modified":"2013-02-27T20:54:39","modified_gmt":"2013-02-27T19:54:39","slug":"el-concierto-del-mig-any-fester-de-l%e2%80%99olleria-contara-con-5-prestigiosos-directores","status":"publish","type":"post","link":"http:\/\/www.portaldelolleria.es\/?p=2397","title":{"rendered":"El concierto del Mig Any Fester de L\u2019Olleria contar\u00e1 con 5 prestigiosos directores"},"content":{"rendered":"<p><a href=\"http:\/\/www.portaldelolleria.es\/wp-content\/uploads\/2013\/02\/miganyfester.jpg\"><img loading=\"lazy\" class=\"aligncenter size-full wp-image-2399\" title=\"miganyfester\" src=\"http:\/\/www.portaldelolleria.es\/wp-content\/uploads\/2013\/02\/miganyfester.jpg\" alt=\"\" width=\"598\" height=\"398\" srcset=\"http:\/\/www.portaldelolleria.es\/wp-content\/uploads\/2013\/02\/miganyfester.jpg 598w, http:\/\/www.portaldelolleria.es\/wp-content\/uploads\/2013\/02\/miganyfester-300x199.jpg 300w\" sizes=\"(max-width: 598px) 100vw, 598px\" \/><\/a><\/p>\n<p>&nbsp;<\/p>\n<p><em>El Ayuntamiento, la Junta Central de Moros y Cristianos y La Nova ultiman detalles.<\/em><\/p>\n<p><em>\u00a0<\/em><\/p>\n<p>L\u2019OIleria se prepara para vivir uno de sus fines de semana m\u00e1s intensos en el que la Fiesta de moros y cristianos vuelve a ser la protagonista del calendario de nuestra poblaci\u00f3n. El viernes por la noche, a las 22:30 horas, tendr\u00e1 lugar la elecci\u00f3n de las Reinas de Fiestas 2013, en un acto solemne que albergar\u00e1 el Teatro Goya. En este acto se presentaran tambi\u00e9n los cargos de fiestas, capitanes y embajadores moro y cristiano, que este a\u00f1o pertenecen a les <em>filaes Corda Curta<\/em> y <em>Valencians<\/em> as\u00ed como las corte de honor y festeros, todos ellos tanto infantiles como mayores.<\/p>\n<p>El s\u00e1bado por la ma\u00f1ana, concurso de paellas entre las diferentes <em>filaes. P<\/em>or la tarde el desfile del M<em>ig Any<\/em> que llenar\u00e1 de nuevo las calles del municipio con las marchas moras y cristianas. Ser\u00e1 un d\u00eda repleto de ingredientes festeros.<\/p>\n<p>Para el domingo por la tarde, a las 18:30 horas, tendremos la entrega de premios de redacci\u00f3n y de los juegos previos al Mig Any. Despu\u00e9s, otro plato fuerte con el concierto a cargo de <em>l\u2019Agrupaci\u00f3 Escola Musical La Nova de L\u2019Olleria<\/em>. El concejal de fiestas, Juan Ricardo Ruano ha avanzado que este a\u00f1o \u201ces especial y vamos a vivir un concierto inolvidable, ya que nos acompa\u00f1aran cinco grandes directores; cuatro de ellos dirigir\u00e1n sus propias obras en el concierto, todo un privilegio para L\u2019Olleria\u201d.<\/p>\n<p>Los directores son Jos\u00e9 Mar\u00eda Ferrero Pastor \u00a0que dirigir\u00e1 su obra <em>Imposibles<\/em> compuesta en 1976, obra por la que obtuvo el segundo premio en el concurso de composici\u00f3n de m\u00fasica festera de Alcoy ese a\u00f1o. Tambi\u00e9n estar\u00e1, Jos\u00e9 Ure\u00f1a Eiras, director de La Nova que estrenar\u00e1 el domingo su obra <em>Davdrian<\/em>, una pieza que va dedicada a dos percusionistas de la Banda de l\u2019AEM La Nova de L\u2019Olleria, David Guillen y Adri\u00e1n Mart\u00ednez. Adem\u00e1s, se podr\u00e1 disfrutar de la obra que compuso Daniel Juan Ferrero Silvage en 2005 titulada <em>Ra\u00eds Kabir; <\/em>ser\u00e1 dirigida por el mismo. Una pieza dedicada a Nicol\u00e1s Terol Contreras, capit\u00e1n moro de la comparsa <em>k\u00e1bilas<\/em> de Ontinyent ese mismo a\u00f1o. <em>Archaeus<\/em>, de Jos\u00e9 Rafael Pascual Vilaplana ser\u00e1 la cuarta pieza que escucharemos, ser\u00e1 dirigida por este gran director que la compuso en 1998; est\u00e1 dedicada a Carmina Prats Gonz\u00e1lez y a toda la <em>fil\u00e0<\/em> Arqueros de Muro de Alcoy en el a\u00f1o de su capitan\u00eda. Ya en la segunda parte, Rafael Mullor Grau dirigir\u00e1 su obra <em>Alcoi, Escata i Destral<\/em> de 1995, una obra por encargo de la fil\u00e0 Muntanyesos de Alcoy con motivo de su 75 aniversario. Por \u00faltimo, dirigir\u00e1 Ram\u00f3n Garcia i Soler su obra compuesta en 2005, titulada <em>Serrana<\/em>. Estuvo dedicada a Juan Vidal Coll, capit\u00e1n moro de la fil\u00e0 C\u00e0biles de Albaida. \u201cY el quinto gran director que estar\u00e1 con nosotros el domingo ser\u00e1 el maestro Enrique Garc\u00eda Asensio que nos acompa\u00f1ar\u00e1 aunque no dirigir\u00e1\u201d.<\/p>\n<p>Adem\u00e1s de estas obras, tambi\u00e9n se interpretar\u00e1 la marcha mora <em>Tarde de Abril<\/em> de Amando Blanquer Ponsoda y, para concluir, las obras <em>Espardenyes i Sarag\u00fcells, Fil\u00e0 Corda Curta y el Himne de la Festa<\/em>, piezas todas ellas, seg\u00fan comenta Ruano \u201ccompuestas por nuestro querido Francesc Cerd\u00e0, por iniciativa de \u00e9l mismo, demostrando con ello el aprecio que ten\u00eda hacia todas les filaes de moros y cristianos de L\u2019Olleria\u201d.<\/p>\n<p>Por \u00faltimo, el concejal invita \u201ca todos los ollerienses as\u00ed como al resto de vecinos de la comarca a disfrutar de este magn\u00edfico concierto que se iniciar\u00e1 a las siete de la tarde del domingo y cuya entrada es libre\u201d.<\/p>\n","protected":false},"excerpt":{"rendered":"<p>&nbsp; El Ayuntamiento, la Junta Central de Moros y Cristianos y La Nova ultiman detalles. \u00a0 L\u2019OIleria se prepara para vivir uno de sus fines de semana m\u00e1s intensos en el que la Fiesta de moros y cristianos vuelve a ser la protagonista del calendario de nuestra poblaci\u00f3n. El viernes por la noche, a las [&hellip;]<\/p>\n","protected":false},"author":2,"featured_media":0,"comment_status":"closed","ping_status":"open","sticky":false,"template":"","format":"standard","meta":{"_monsterinsights_skip_tracking":false,"_monsterinsights_sitenote_active":false,"_monsterinsights_sitenote_note":"","_monsterinsights_sitenote_category":0},"categories":[17,12],"tags":[169,20,559],"_links":{"self":[{"href":"http:\/\/www.portaldelolleria.es\/index.php?rest_route=\/wp\/v2\/posts\/2397"}],"collection":[{"href":"http:\/\/www.portaldelolleria.es\/index.php?rest_route=\/wp\/v2\/posts"}],"about":[{"href":"http:\/\/www.portaldelolleria.es\/index.php?rest_route=\/wp\/v2\/types\/post"}],"author":[{"embeddable":true,"href":"http:\/\/www.portaldelolleria.es\/index.php?rest_route=\/wp\/v2\/users\/2"}],"replies":[{"embeddable":true,"href":"http:\/\/www.portaldelolleria.es\/index.php?rest_route=%2Fwp%2Fv2%2Fcomments&post=2397"}],"version-history":[{"count":1,"href":"http:\/\/www.portaldelolleria.es\/index.php?rest_route=\/wp\/v2\/posts\/2397\/revisions"}],"predecessor-version":[{"id":2400,"href":"http:\/\/www.portaldelolleria.es\/index.php?rest_route=\/wp\/v2\/posts\/2397\/revisions\/2400"}],"wp:attachment":[{"href":"http:\/\/www.portaldelolleria.es\/index.php?rest_route=%2Fwp%2Fv2%2Fmedia&parent=2397"}],"wp:term":[{"taxonomy":"category","embeddable":true,"href":"http:\/\/www.portaldelolleria.es\/index.php?rest_route=%2Fwp%2Fv2%2Fcategories&post=2397"},{"taxonomy":"post_tag","embeddable":true,"href":"http:\/\/www.portaldelolleria.es\/index.php?rest_route=%2Fwp%2Fv2%2Ftags&post=2397"}],"curies":[{"name":"wp","href":"https:\/\/api.w.org\/{rel}","templated":true}]}}