{"id":23983,"date":"2019-11-21T22:33:42","date_gmt":"2019-11-21T20:33:42","guid":{"rendered":"http:\/\/www.portaldelolleria.es\/?p=23983"},"modified":"2019-11-21T22:43:57","modified_gmt":"2019-11-21T20:43:57","slug":"mon%c2%b7doc-levanta-el-telon","status":"publish","type":"post","link":"http:\/\/www.portaldelolleria.es\/?p=23983","title":{"rendered":"MON\u00b7DOC LEVANTA EL TEL\u00d3N"},"content":{"rendered":"<p><a href=\"http:\/\/www.portaldelolleria.es\/wp-content\/uploads\/2019\/11\/MON21.jpg\"><img loading=\"lazy\" class=\"aligncenter size-full wp-image-23990\" title=\"MON2\" src=\"http:\/\/www.portaldelolleria.es\/wp-content\/uploads\/2019\/11\/MON21.jpg\" alt=\"\" width=\"598\" height=\"396\" srcset=\"http:\/\/www.portaldelolleria.es\/wp-content\/uploads\/2019\/11\/MON21.jpg 598w, http:\/\/www.portaldelolleria.es\/wp-content\/uploads\/2019\/11\/MON21-300x198.jpg 300w\" sizes=\"(max-width: 598px) 100vw, 598px\" \/><\/a><\/p>\n<p><span style=\"color: #888888;\"><em>\u00a0Ajuntament de Montaverner 21\/11\/2019<\/em><\/span><\/p>\n<p style=\"text-align: justify;\" align=\"center\"><strong>MON\u00b7DOC AL\u00c7A EL TEL\u00d3<\/strong><\/p>\n<p style=\"text-align: justify;\" align=\"center\"><strong>La Mostra de Cinema Documental de Montaverner comen\u00e7a esta nit la seua 11a edici\u00f3 amb la Gala Inaugural.<\/strong><\/p>\n<p style=\"text-align: justify;\">Un any m\u00e9s, i ja en s\u00f3n onze, Montaverner es vist de gala per a donar inici a la seua setmana m\u00e9s internacional. MON\u00b7DOC, Mostra Internacional de Cinema Documental de Montaverner, inaugura esta nit una nova edici\u00f3 que tornar\u00e0 a mostrar el millor cinema documental d\u2019arreu del m\u00f3n.<\/p>\n<p style=\"text-align: justify;\">A l\u2019acte, que tindr\u00e0 lloc a l\u2019Auditori Luis Peir\u00f3 a partir de les 20.00h, hi assistiran autoritats locals i comarcals, aix\u00ed com representants d\u2019associacions i entitats culturals de la Vall d\u2019Albaida i ve\u00efns i ve\u00efnes de Montaverner i de pobles de la comarca.<\/p>\n<p style=\"text-align: justify;\">A la gala es projectar\u00e0 el curtmetratge <strong><em>\u2018Mujeres de cine\u2019<\/em><\/strong>, treball dirigit per <em>Carmen Perona<\/em> que aborda la situaci\u00f3 actual de la dona a la ind\u00fastria cinematogr\u00e0fica espanyola. A partir d\u2019entrevistes a directores, actrius i productores coneixerem les dificultats que el fet de ser dona els comporta a l\u2019hora de tirar endavant els seus projectes laborals.<\/p>\n<p style=\"text-align: justify;\">Esta ser\u00e0 una edici\u00f3 amb marcat car\u00e0cter feminista, ja que dem\u00e0 dissabte <strong><em>\u2018Hijas de Cynisca\u2019<\/em><\/strong> ens mostrar\u00e0 la discriminaci\u00f3 de g\u00e8nere que existeix al m\u00f3n de l\u2019esport d\u2019elit amb testimonis d\u2019esportistes professionals de primer nivell. Dilluns 25 ser\u00e0 el torn de <strong><em>\u2018The Cut\u2019<\/em><\/strong>, documental valenci\u00e0 que mostra el drama de la mutilaci\u00f3 genital femenina a l\u2019\u00c0frica, i dimecres 27 <strong><em>\u2018M\u00e1s all\u00e1 del reto de Eva\u2019<\/em><\/strong> ens acosta la hist\u00f2ria d\u2019Eva, mare d\u2019un xiquet amb una malaltia estranya que far\u00e0 l\u2019impossible per a que es continue investigant una cura. Tant el director com la protagonista del documental estaran a Montaverner per a presentar este treball.<\/p>\n<p style=\"text-align: justify;\">Quatre hist\u00f2ries que no s\u00f3n m\u00e9s que una mostra del que podrem gaudir a Montaverner del 22 al 30 de novembre dins l\u201911a edici\u00f3 de MON\u00b7DOC. Tota la programaci\u00f3 es pot consultar a la web <a href=\"http:\/\/montdoc.blogspot.com\">http:\/\/montdoc.blogspot.com<\/a>.<\/p>\n<p align=\"center\"><strong>________________________________________<br \/>\n<\/strong><\/p>\n<p style=\"text-align: justify;\" align=\"center\"><span style=\"color: #003300;\"><strong>MON\u00b7DOC LEVANTA EL TEL\u00d3N<\/strong><\/span><\/p>\n<p style=\"text-align: justify;\" align=\"center\"><span style=\"color: #003366;\"><strong>La Muestra de Cine Documental de Montaverner empieza esta noche su 11\u00aa edici\u00f3n con la Gala Inaugural.<br \/>\n<\/strong><\/span><\/p>\n<p style=\"text-align: justify;\"><span style=\"color: #003366;\">Un a\u00f1o m\u00e1s, y ya son once, Montaverner se viste de gala para dar inicio a su semana m\u00e1s internacional. MON\u00b7DOC, Muestra Internacional de Cine Documental de Montaverner, inaugura esta noche una nueva edici\u00f3n que volver\u00e1 a mostrar el mejor cine documental.<\/span><\/p>\n<p style=\"text-align: justify;\"><span style=\"color: #003366;\">Al acto, que se celebrar\u00e1 en el Auditorio Luis Peir\u00f3 a partir de las 20.00h, asistir\u00e1n autoridades locales y comarcales, as\u00ed como representantes de asociaciones y entidades culturales de la Vall d\u2019Albaida y vecinos y vecinas de Montaverner y de pueblos de la comarca.<\/span><\/p>\n<p style=\"text-align: justify;\"><span style=\"color: #003366;\">En la gala se proyectar\u00e1 el cortometraje <strong><em>\u2018Mujeres de cine\u2019<\/em><\/strong>, trabajo dirigido por <em>Carmen Perona<\/em> que aborda la situaci\u00f3n actual de la mujer en la industria cinematogr\u00e1fica espa\u00f1ola. A partir de entrevistas a directoras, actrices y productoras conoceremos las dificultades que el hecho de ser mujer les conlleva a la hora de sacar adelante sus proyectos laborales.<\/span><\/p>\n<p style=\"text-align: justify;\"><span style=\"color: #003366;\">Esta ser\u00e1 una edici\u00f3n con marcado car\u00e1cter feminista, ya que ma\u00f1ana s\u00e1bado <strong><em>\u2018Hijas de Cynisca\u2019<\/em><\/strong> nos mostrar\u00e1 la discriminaci\u00f3n de g\u00e9nero que existe en el mundo del deporte de \u00e9lite con testimonios de deportistas profesionales de primer nivel. El lunes 25 ser\u00e1 el turno de <strong><em>\u2018The Cut\u2019<\/em><\/strong>, documental valenciano que muestra el drama de la mutilaci\u00f3n genital femenina en \u00c1frica, y el mi\u00e9rcoles 27 <strong><em>\u2018M\u00e1s all\u00e1 del reto de Eva\u2019<\/em><\/strong> nos acerca la historia de Eva, madre de un ni\u00f1o con una enfermedad rara que har\u00e1 lo imposible para que se contin\u00fae investigando una cura. Tanto el director como la protagonista del documental estar\u00e1n en Montaverner para presentar este trabajo.<\/span><\/p>\n<p style=\"text-align: justify;\"><span style=\"color: #003366;\">Cuatro historias que son solo una muestra del que podremos disfrutar en Montaverner del 22 al 30 de noviembre dentro de la 11\u00aa edici\u00f3n de MON\u00b7DOC. Toda la programaci\u00f3n puede consultarse en la web <a href=\"http:\/\/montdoc.blogspot.com\"><span style=\"color: #003366;\">http:\/\/montdoc.blogspot.com<\/span><\/a>.<\/span><\/p>\n<p>&nbsp;<\/p>\n<p><a href=\"http:\/\/www.portaldelolleria.es\/wp-content\/uploads\/2019\/11\/MON.jpg\"><img loading=\"lazy\" class=\"aligncenter size-full wp-image-23984\" title=\"MON\" src=\"http:\/\/www.portaldelolleria.es\/wp-content\/uploads\/2019\/11\/MON.jpg\" alt=\"\" width=\"598\" height=\"1651\" \/><\/a><a href=\"http:\/\/www.portaldelolleria.es\/wp-content\/uploads\/2019\/11\/MON\u00b7DOC-2019.jpg\"><img loading=\"lazy\" class=\"aligncenter size-full wp-image-23989\" title=\"MON\u00b7DOC 2019\" src=\"http:\/\/www.portaldelolleria.es\/wp-content\/uploads\/2019\/11\/MON\u00b7DOC-2019.jpg\" alt=\"\" width=\"598\" height=\"846\" srcset=\"http:\/\/www.portaldelolleria.es\/wp-content\/uploads\/2019\/11\/MON\u00b7DOC-2019.jpg 598w, http:\/\/www.portaldelolleria.es\/wp-content\/uploads\/2019\/11\/MON\u00b7DOC-2019-212x300.jpg 212w\" sizes=\"(max-width: 598px) 100vw, 598px\" \/><\/a><\/p>\n","protected":false},"excerpt":{"rendered":"<p>\u00a0Ajuntament de Montaverner 21\/11\/2019 MON\u00b7DOC AL\u00c7A EL TEL\u00d3 La Mostra de Cinema Documental de Montaverner comen\u00e7a esta nit la seua 11a edici\u00f3 amb la Gala Inaugural. Un any m\u00e9s, i ja en s\u00f3n onze, Montaverner es vist de gala per a donar inici a la seua setmana m\u00e9s internacional. MON\u00b7DOC, Mostra Internacional de Cinema Documental [&hellip;]<\/p>\n","protected":false},"author":1,"featured_media":0,"comment_status":"closed","ping_status":"open","sticky":false,"template":"","format":"standard","meta":{"_monsterinsights_skip_tracking":false,"_monsterinsights_sitenote_active":false,"_monsterinsights_sitenote_note":"","_monsterinsights_sitenote_category":0},"categories":[789,12],"tags":[],"_links":{"self":[{"href":"http:\/\/www.portaldelolleria.es\/index.php?rest_route=\/wp\/v2\/posts\/23983"}],"collection":[{"href":"http:\/\/www.portaldelolleria.es\/index.php?rest_route=\/wp\/v2\/posts"}],"about":[{"href":"http:\/\/www.portaldelolleria.es\/index.php?rest_route=\/wp\/v2\/types\/post"}],"author":[{"embeddable":true,"href":"http:\/\/www.portaldelolleria.es\/index.php?rest_route=\/wp\/v2\/users\/1"}],"replies":[{"embeddable":true,"href":"http:\/\/www.portaldelolleria.es\/index.php?rest_route=%2Fwp%2Fv2%2Fcomments&post=23983"}],"version-history":[{"count":5,"href":"http:\/\/www.portaldelolleria.es\/index.php?rest_route=\/wp\/v2\/posts\/23983\/revisions"}],"predecessor-version":[{"id":23992,"href":"http:\/\/www.portaldelolleria.es\/index.php?rest_route=\/wp\/v2\/posts\/23983\/revisions\/23992"}],"wp:attachment":[{"href":"http:\/\/www.portaldelolleria.es\/index.php?rest_route=%2Fwp%2Fv2%2Fmedia&parent=23983"}],"wp:term":[{"taxonomy":"category","embeddable":true,"href":"http:\/\/www.portaldelolleria.es\/index.php?rest_route=%2Fwp%2Fv2%2Fcategories&post=23983"},{"taxonomy":"post_tag","embeddable":true,"href":"http:\/\/www.portaldelolleria.es\/index.php?rest_route=%2Fwp%2Fv2%2Ftags&post=23983"}],"curies":[{"name":"wp","href":"https:\/\/api.w.org\/{rel}","templated":true}]}}