{"id":24090,"date":"2019-11-29T11:32:00","date_gmt":"2019-11-29T09:32:00","guid":{"rendered":"http:\/\/www.portaldelolleria.es\/?p=24090"},"modified":"2019-11-29T11:32:23","modified_gmt":"2019-11-29T09:32:23","slug":"exposicion-de-pintura-de-isidoro-julian-doro","status":"publish","type":"post","link":"http:\/\/www.portaldelolleria.es\/?p=24090","title":{"rendered":"Exposici\u00f3n de pintura de Isidoro Juli\u00e1n \u00abDoro\u00bb"},"content":{"rendered":"<p><a href=\"http:\/\/www.portaldelolleria.es\/wp-content\/uploads\/2019\/11\/DORO.jpg\"><img loading=\"lazy\" class=\"aligncenter size-full wp-image-24092\" title=\"DORO\" src=\"http:\/\/www.portaldelolleria.es\/wp-content\/uploads\/2019\/11\/DORO.jpg\" alt=\"\" width=\"598\" height=\"396\" srcset=\"http:\/\/www.portaldelolleria.es\/wp-content\/uploads\/2019\/11\/DORO.jpg 598w, http:\/\/www.portaldelolleria.es\/wp-content\/uploads\/2019\/11\/DORO-300x198.jpg 300w\" sizes=\"(max-width: 598px) 100vw, 598px\" \/><\/a><\/p>\n<p>&nbsp;<\/p>\n<p>Este viernes, 29 de noviembre a partir de las 19h,\u00a0 el artista local\u00a0 Isidoro Juli\u00e1n\u00a0 \u00abDoro\u00bb,\u00a0 expone buena parte de su obra en la sala principal de la Casa Santonja.\u00a0\u00a0 Casi todo seran piezas pintada al \u00f3leo.\u00a0\u00a0 La exposici\u00f3n estar\u00e1 abierta hasta el 8 de diciembre\u00a0 en horario de 17 a 20h.<\/p>\n<p>__________________________________<\/p>\n<p><span style=\"color: #003366;\">Aquest divendres, 29 de novembre partir de les 19h, l&#8217;artista local Isidoro Juli\u00e1n \u00abDoro\u00bb, exposa bona part de la seva obra a la sala principal de la Casa Santonja. Gaireb\u00e9 tot seran peces pintada a l&#8217;oli. L&#8217;exposici\u00f3 estar\u00e0 oberta fins al 8 de desembre en horari de 17 a 20h.<\/span><\/p>\n<p>&nbsp;<\/p>\n<p><a href=\"http:\/\/www.portaldelolleria.es\/wp-content\/uploads\/2019\/11\/doro2.jpg\"><img loading=\"lazy\" class=\"aligncenter size-full wp-image-24091\" title=\"doro2\" src=\"http:\/\/www.portaldelolleria.es\/wp-content\/uploads\/2019\/11\/doro2.jpg\" alt=\"\" width=\"598\" height=\"847\" srcset=\"http:\/\/www.portaldelolleria.es\/wp-content\/uploads\/2019\/11\/doro2.jpg 598w, http:\/\/www.portaldelolleria.es\/wp-content\/uploads\/2019\/11\/doro2-211x300.jpg 211w\" sizes=\"(max-width: 598px) 100vw, 598px\" \/><\/a><\/p>\n","protected":false},"excerpt":{"rendered":"<p>&nbsp; Este viernes, 29 de noviembre a partir de las 19h,\u00a0 el artista local\u00a0 Isidoro Juli\u00e1n\u00a0 \u00abDoro\u00bb,\u00a0 expone buena parte de su obra en la sala principal de la Casa Santonja.\u00a0\u00a0 Casi todo seran piezas pintada al \u00f3leo.\u00a0\u00a0 La exposici\u00f3n estar\u00e1 abierta hasta el 8 de diciembre\u00a0 en horario de 17 a 20h. __________________________________ Aquest [&hellip;]<\/p>\n","protected":false},"author":1,"featured_media":0,"comment_status":"closed","ping_status":"open","sticky":false,"template":"","format":"standard","meta":{"_monsterinsights_skip_tracking":false,"_monsterinsights_sitenote_active":false,"_monsterinsights_sitenote_note":"","_monsterinsights_sitenote_category":0},"categories":[16,12],"tags":[],"_links":{"self":[{"href":"http:\/\/www.portaldelolleria.es\/index.php?rest_route=\/wp\/v2\/posts\/24090"}],"collection":[{"href":"http:\/\/www.portaldelolleria.es\/index.php?rest_route=\/wp\/v2\/posts"}],"about":[{"href":"http:\/\/www.portaldelolleria.es\/index.php?rest_route=\/wp\/v2\/types\/post"}],"author":[{"embeddable":true,"href":"http:\/\/www.portaldelolleria.es\/index.php?rest_route=\/wp\/v2\/users\/1"}],"replies":[{"embeddable":true,"href":"http:\/\/www.portaldelolleria.es\/index.php?rest_route=%2Fwp%2Fv2%2Fcomments&post=24090"}],"version-history":[{"count":2,"href":"http:\/\/www.portaldelolleria.es\/index.php?rest_route=\/wp\/v2\/posts\/24090\/revisions"}],"predecessor-version":[{"id":24094,"href":"http:\/\/www.portaldelolleria.es\/index.php?rest_route=\/wp\/v2\/posts\/24090\/revisions\/24094"}],"wp:attachment":[{"href":"http:\/\/www.portaldelolleria.es\/index.php?rest_route=%2Fwp%2Fv2%2Fmedia&parent=24090"}],"wp:term":[{"taxonomy":"category","embeddable":true,"href":"http:\/\/www.portaldelolleria.es\/index.php?rest_route=%2Fwp%2Fv2%2Fcategories&post=24090"},{"taxonomy":"post_tag","embeddable":true,"href":"http:\/\/www.portaldelolleria.es\/index.php?rest_route=%2Fwp%2Fv2%2Ftags&post=24090"}],"curies":[{"name":"wp","href":"https:\/\/api.w.org\/{rel}","templated":true}]}}