{"id":24096,"date":"2019-12-03T20:38:03","date_gmt":"2019-12-03T18:38:03","guid":{"rendered":"http:\/\/www.portaldelolleria.es\/?p=24096"},"modified":"2019-12-03T21:28:39","modified_gmt":"2019-12-03T19:28:39","slug":"mon-doc-entrega-los-premios-de-su-11%c2%aa-edicion","status":"publish","type":"post","link":"http:\/\/www.portaldelolleria.es\/?p=24096","title":{"rendered":"MON-DOC entrega los premios de su 11\u00aa Edici\u00f3n"},"content":{"rendered":"<p><a href=\"http:\/\/www.portaldelolleria.es\/wp-content\/uploads\/2019\/12\/Entrega-de-Premis.jpg\"><img loading=\"lazy\" class=\"aligncenter size-full wp-image-24097\" title=\"Entrega de Premis\" src=\"http:\/\/www.portaldelolleria.es\/wp-content\/uploads\/2019\/12\/Entrega-de-Premis.jpg\" alt=\"\" width=\"598\" height=\"367\" srcset=\"http:\/\/www.portaldelolleria.es\/wp-content\/uploads\/2019\/12\/Entrega-de-Premis.jpg 598w, http:\/\/www.portaldelolleria.es\/wp-content\/uploads\/2019\/12\/Entrega-de-Premis-300x184.jpg 300w\" sizes=\"(max-width: 598px) 100vw, 598px\" \/><\/a><\/p>\n<p>&nbsp;<\/p>\n<p style=\"text-align: justify;\" align=\"center\"><strong>MON\u00b7DOC DONA A CON\u00c9IXER ELS DOCUMENTALS PREMIATS<\/strong><\/p>\n<p style=\"text-align: justify;\" align=\"center\"><strong><em>\u2018Ara Mailikian, una vida entre las cuerdas\u2019, \u2018Makun (No llores)\u2019 <\/em><\/strong><strong>i <em>\u2018M\u00e1s all\u00e1 del reto de Eva\u2019<\/em> triomfadors en esta edici\u00f3.<br \/>\n<\/strong><\/p>\n<p style=\"text-align: justify;\">El passat dissabte 30 de novembre es va celebrar a Montaverner l\u2019entrega de premis de l\u201911a edici\u00f3 de MON\u00b7DOC, Mostra Internacional de Cinema Documental. En una cerim\u00f2nia que va comptar amb la pres\u00e8ncia de diversos directors participants, aix\u00ed com autoritats i entitats culturals, es van fer p\u00fablics els documentals guanyadors en cadascuna de les categories.<\/p>\n<p style=\"text-align: justify;\">El premi al Millor Llargmetratge Documental va ser per a<em> \u2018Ara Malikian, una vida entre las cuerdas\u2019<\/em>. Este treball, dirigit per <em>Nata Moreno<\/em>, acaba de ser nominat al Goya a Millor Pel\u00b7l\u00edcula Documental, cosa que contrasta la qualitat d\u2019un documental molt ben valorat pel jurat de MON\u00b7DOC.<\/p>\n<p style=\"text-align: justify;\">En la categoria de Millor Curt Documental el jurat va triar la producci\u00f3 valenciana <em>\u2018Makun (No llores)\u2019<\/em>, d\u2019<em>Emilio Mart\u00ed L\u00f3pez<\/em>, qui va recollir el premi a Montaverner despr\u00e9s d\u2019haver aconseguit tamb\u00e9 un guard\u00f3 al festival de migmetratges de Val\u00e8ncia \u2018La Cabina\u2019.<\/p>\n<p style=\"text-align: justify;\">Finalment els espectadors del festival van triar com a guanyador del Premi del P\u00fablic el documental <em>\u2018M\u00e1s all\u00e1 del reto de Eva\u2019<\/em>. Tant <em>Eloi Tom\u00e1s<\/em>, director, com <em>Eva<\/em>, protagonista del documental, van ser a Montaverner per a recollir el premi i es van mostrar molt contents pel fet que la seua hist\u00f2ria i la lluita que porta endavant l\u2019Eva hagueren arribat al p\u00fablic.<\/p>\n<p style=\"text-align: justify;\">L\u2019organitzaci\u00f3 s\u2019ha mostrat molt satisfeta amb el resultat d\u2019esta onzena edici\u00f3 de la Mostra; tant per l\u2019\u00e8xit d\u2019espectadors, que supera amplament les edicions anteriors, com per la qualitat dels treballs, fet que han destacat tant els espectadors com els jurats dels Premis MON\u00b7DOC. Montaverner tanca esta finestra al m\u00f3n fins l\u2019any que ve i comen\u00e7a a preparar la pr\u00f2xima edici\u00f3 de MON\u00b7DOC.<\/p>\n<p style=\"text-align: justify;\" align=\"center\"><strong>\u00a0<\/strong><\/p>\n<p style=\"text-align: justify;\" align=\"center\"><span style=\"color: #003366;\"><strong>MON\u00b7DOC DESVELA LOS DOCUMENTALES PREMIADOS<\/strong><\/span><\/p>\n<p style=\"text-align: justify;\" align=\"center\"><span style=\"color: #003366;\"><strong><em>\u2018Ara Mailikian, una vida entre las cuerdas\u2019, \u2018Makun (No llores)\u2019 <\/em><\/strong><strong>y <em>\u2018M\u00e1s all\u00e1 del reto de Eva\u2019<\/em> triunfadores en esta edici\u00f3n.<br \/>\n<\/strong><\/span><\/p>\n<p style=\"text-align: justify;\"><span style=\"color: #003366;\">El pasado s\u00e1bado 30 de noviembre se celebr\u00f3 en Montaverner la entrega de premios de la 11\u00aa edici\u00f3n de MON\u00b7DOC, Muestra Internacional de Cine Documental. En una ceremonia que cont\u00f3 con la presencia de varios directores participantes, as\u00ed como autoridades y entidades culturales, se hicieron p\u00fablicos los documentales ganadores en cada una de las categor\u00edas.<\/span><\/p>\n<p style=\"text-align: justify;\"><span style=\"color: #003366;\">El premio al Mejor Largometraje Documental fue para<em> \u2018Ara Malikian, una vida entre las cuerdas\u2019<\/em>. Este trabajo, dirigido por <em>Nata Moreno<\/em>, acaba de ser nominado al Goya a Mejor Pel\u00edcula Documental, lo cual contrasta la calidad de un documental muy bien valorado por el jurado de MON\u00b7DOC. <\/span><\/p>\n<p style=\"text-align: justify;\"><span style=\"color: #003366;\">En la categor\u00eda de Mejor Corto Documental el jurado eligi\u00f3 la producci\u00f3n valenciana <em>\u2018Makun (No llores)\u2019<\/em>, de <em>Emilio Mart\u00ed L\u00f3pez<\/em>, quien recogi\u00f3 el premio en Montaverner despu\u00e9s de haber conseguido tambi\u00e9n un galard\u00f3n en el festival de mediometrajes de Val\u00e8ncia \u2018La Cabina\u2019.<\/span><\/p>\n<p style=\"text-align: justify;\"><span style=\"color: #003366;\">Finalmente los espectadores del festival eligieron como ganador del Premio del P\u00fablico el documental <em>\u2018M\u00e1s all\u00e1 del reto de Eva\u2019<\/em>. Tanto <em>Eloi Tom\u00e1s<\/em>, director, como <em>Eva<\/em>, protagonista del documental, estuvieron en Montaverner para recoger el premio y se mostraron muy contentos porque su historia y la lucha que lleva a cabo Eva hubieran llegado al p\u00fablico.<\/span><\/p>\n<p style=\"text-align: justify;\"><span style=\"color: #003366;\">La organizaci\u00f3n se ha mostrado muy satisfecha con el resultado de esta und\u00e9cima edici\u00f3n de la <em>Mostra<\/em>; tanto per el \u00e9xito de espectadores, que supera ampliamente las ediciones anteriores, como por la calidad de los trabajos, hecho que han destacado tanto los espectadores como los jurados de los Premios MON\u00b7DOC. Montaverner cierra esta ventana al mundo hasta el a\u00f1o que viene y empieza a preparar la pr\u00f3xima edici\u00f3n de MON\u00b7DOC.<\/span><\/p>\n<p style=\"text-align: justify;\" align=\"center\">\n","protected":false},"excerpt":{"rendered":"<p>&nbsp; MON\u00b7DOC DONA A CON\u00c9IXER ELS DOCUMENTALS PREMIATS \u2018Ara Mailikian, una vida entre las cuerdas\u2019, \u2018Makun (No llores)\u2019 i \u2018M\u00e1s all\u00e1 del reto de Eva\u2019 triomfadors en esta edici\u00f3. El passat dissabte 30 de novembre es va celebrar a Montaverner l\u2019entrega de premis de l\u201911a edici\u00f3 de MON\u00b7DOC, Mostra Internacional de Cinema Documental. En una [&hellip;]<\/p>\n","protected":false},"author":1,"featured_media":0,"comment_status":"closed","ping_status":"open","sticky":false,"template":"","format":"standard","meta":{"_monsterinsights_skip_tracking":false,"_monsterinsights_sitenote_active":false,"_monsterinsights_sitenote_note":"","_monsterinsights_sitenote_category":0},"categories":[789,12],"tags":[],"_links":{"self":[{"href":"http:\/\/www.portaldelolleria.es\/index.php?rest_route=\/wp\/v2\/posts\/24096"}],"collection":[{"href":"http:\/\/www.portaldelolleria.es\/index.php?rest_route=\/wp\/v2\/posts"}],"about":[{"href":"http:\/\/www.portaldelolleria.es\/index.php?rest_route=\/wp\/v2\/types\/post"}],"author":[{"embeddable":true,"href":"http:\/\/www.portaldelolleria.es\/index.php?rest_route=\/wp\/v2\/users\/1"}],"replies":[{"embeddable":true,"href":"http:\/\/www.portaldelolleria.es\/index.php?rest_route=%2Fwp%2Fv2%2Fcomments&post=24096"}],"version-history":[{"count":3,"href":"http:\/\/www.portaldelolleria.es\/index.php?rest_route=\/wp\/v2\/posts\/24096\/revisions"}],"predecessor-version":[{"id":24100,"href":"http:\/\/www.portaldelolleria.es\/index.php?rest_route=\/wp\/v2\/posts\/24096\/revisions\/24100"}],"wp:attachment":[{"href":"http:\/\/www.portaldelolleria.es\/index.php?rest_route=%2Fwp%2Fv2%2Fmedia&parent=24096"}],"wp:term":[{"taxonomy":"category","embeddable":true,"href":"http:\/\/www.portaldelolleria.es\/index.php?rest_route=%2Fwp%2Fv2%2Fcategories&post=24096"},{"taxonomy":"post_tag","embeddable":true,"href":"http:\/\/www.portaldelolleria.es\/index.php?rest_route=%2Fwp%2Fv2%2Ftags&post=24096"}],"curies":[{"name":"wp","href":"https:\/\/api.w.org\/{rel}","templated":true}]}}