{"id":24107,"date":"2019-12-04T19:07:16","date_gmt":"2019-12-04T17:07:16","guid":{"rendered":"http:\/\/www.portaldelolleria.es\/?p=24107"},"modified":"2019-12-04T19:14:59","modified_gmt":"2019-12-04T17:14:59","slug":"programa-de-actos-navidenos-2019","status":"publish","type":"post","link":"http:\/\/www.portaldelolleria.es\/?p=24107","title":{"rendered":"Programa de actos navide\u00f1os 2019"},"content":{"rendered":"<p style=\"text-align: justify;\"><a href=\"http:\/\/www.portaldelolleria.es\/wp-content\/uploads\/2019\/12\/NADAL.jpg\"><img loading=\"lazy\" class=\"aligncenter size-full wp-image-24109\" title=\"NADAL\" src=\"http:\/\/www.portaldelolleria.es\/wp-content\/uploads\/2019\/12\/NADAL.jpg\" alt=\"\" width=\"598\" height=\"396\" srcset=\"http:\/\/www.portaldelolleria.es\/wp-content\/uploads\/2019\/12\/NADAL.jpg 598w, http:\/\/www.portaldelolleria.es\/wp-content\/uploads\/2019\/12\/NADAL-300x198.jpg 300w\" sizes=\"(max-width: 598px) 100vw, 598px\" \/><\/a><\/p>\n<p style=\"text-align: justify;\"><em><span style=\"color: #333333;\">Ajuntament de l&#8217;Olleria\u00a0 4\/12\/2019<\/span><\/em><\/p>\n<p style=\"text-align: justify;\" align=\"center\"><strong>PROGRAMACI\u00d3 DE NADAL A L\u2019OLLERIA<\/strong><\/p>\n<p style=\"text-align: justify;\">30 de novembre i 1 de desembre: II FIRA DE NADAL DE L\u2019OLLERIA. Casa Santonja \u2013 Palau dels Marau.<\/p>\n<p style=\"text-align: justify;\">5 de desembre: a les 20\u202fh ENCESA DE LLUMS DE L\u2019ARBRE DE NADAL al Parc Beat Pare Ferreres.<\/p>\n<p style=\"text-align: justify;\">9 de desembre: MUNTATGE DE L\u2019ARBRE SOSTENIBLE DE NADAL. Pla\u00e7a de la Vila.<\/p>\n<p style=\"text-align: justify;\">19 de desembre: VISITA ARBRE DE NADAL I EMISSARIS REIALS dels xiquets de l\u2019Escoleta Municipal. Pla\u00e7a la Vila. A partir de les 10.30 h.<\/p>\n<p style=\"text-align: justify;\">20 de desembre: CONCERT DE LA BANDA JOVE AEM LA NOVA DE L\u2019OLLERIA. A les 18.30 h al Teatre Goya.<\/p>\n<p style=\"text-align: justify;\">20 de desembre: CONCERT CANT DE LA SIBIL\u00b7LA DEL COR AEM LA NOVA. 21 h a l\u2019Esgl\u00e9sia parroquial.<\/p>\n<p style=\"text-align: justify;\">21 de desembre: TEATRE BEB\u00c9S de Rosana Mira \u201cLa Tortuga Huga\u201d. 11.30 h a la Biblioteca p\u00fablica.<\/p>\n<p style=\"text-align: justify;\">21 de desembre: a les 18\u202fh EMISSARIS REIALS al Baix del Mercat. Tamb\u00e9 es far\u00e0 entrega dels premis als guanyadors del I Concurs de Betlems de l\u2019Olleria.<\/p>\n<p style=\"text-align: justify;\">21 de desembre: de 10 h a 17 h. CAMPANYA SOLID\u00c0RIA DEL KILO D\u2019ALIMENT. Joves de confirmaci\u00f3. Pla\u00e7a de Loreto.<\/p>\n<p style=\"text-align: justify;\">22 de desembre: CONCERT DE NADAL DEL COR STA. CEC\u00cdLIA DE L\u2019OLLERIA. 19 h. Esgl\u00e9sia de Loreto.<\/p>\n<p style=\"text-align: justify;\">22 i 23 de desembre: TEATRE \u201cTeatro sobre ruedas\u201d. 11.30 h \u2013 14 h \/\/ 17 h \u2013 19 h. Parc Beat Pare Ferreres.<\/p>\n<p style=\"text-align: justify;\">24 de desembre: MISSA DEL GALL. Entrega de la Llum de la Pau de Betlem. Esgl\u00e9sia parroquial a les 19 h.<\/p>\n<p style=\"text-align: justify;\">29 de desembre: 1a CURSA SAN SILVESTRE NADALENCA DE L\u2019OLLERIA. Marxa de disfresses en fam\u00edlia de 3.500 metres. 18\u202fh des del Parc Beat Pare Ferreres.<\/p>\n<p style=\"text-align: justify;\">30 de desembre: CONTACONTES D\u2019ALMUDENA FRANC\u00c9S. 11.30 h a la Biblioteca P\u00fablica.<\/p>\n<p style=\"text-align: justify;\">4 de gener de 2020: TORNEIG SOLIDARI DE FUTBOL SALA. 10.30 H A 14 H. En el Pavell\u00f3 de La Solana. Organitza: Escola esportiva de futbol sala.<\/p>\n<p style=\"text-align: justify;\">5 de gener de 2020: CAVALCADA DELS REIS D&#8217;ORIENT a les 18 h. Itinerari: Jaume I, pla\u00e7a de Loreto, Batle, pla\u00e7a de la Vila, El Salvador i fins a l\u2019Esgl\u00e9sia.<\/p>\n<p style=\"text-align: justify;\">A m\u00e9s tamb\u00e9 estan en marxa les seg\u00fcents campanyes per motiu de nadal:<\/p>\n<p style=\"text-align: justify;\">I Concurs de Betlems de l\u2019Olleria. Inscripcions fins al 5 de desembre. Bases a la web municipal.<\/p>\n<p style=\"text-align: justify;\">Del 18 de novembre al 4 de gener: XI CAMPANYA COMPRA A CASA DE L\u2019OLLERIA. El sorteig es far\u00e0 el 10 de gener a l\u2019Ajuntament de l\u2019Olleria.<\/p>\n<p style=\"text-align: justify;\" align=\"center\"><strong>\u00a0<\/strong><\/p>\n<p style=\"text-align: justify;\" align=\"center\">_____________________________________________<\/p>\n<p style=\"text-align: justify;\" align=\"center\"><span style=\"color: #003366;\"><strong>PROGRAMACI\u00d3N DE NAVIDAD EN L\u2019OLLERIA<\/strong><\/span><\/p>\n<p style=\"text-align: justify;\"><span style=\"color: #003366;\">30 de noviembre y 1 de diciembre: II FERIA DE NAVIDAD DE L&#8217;OLLERIA. Casa Santonja \u2013 Palau de los Marau.<\/span><\/p>\n<p style=\"text-align: justify;\"><span style=\"color: #003366;\">5 de diciembre: a las 20\u202fh ENCENDIDA DE LUCES DEL \u00c1RBOL DE NAVIDAD en el Parque Beat Pare Ferrreres.<\/span><\/p>\n<p style=\"text-align: justify;\"><span style=\"color: #003366;\">9 de diciembre: MONTAJE DEL \u00c1RBOL SOSTENIBLE DE NAVIDAD. Plaza de la Vila.<\/span><\/p>\n<p style=\"text-align: justify;\"><span style=\"color: #003366;\">19 de diciembre: VISITA \u00c1RBOL DE NAVIDAD Y EMISARIOS REALES de los ni\u00f1os de la Escoleta Municipal. Plaza de la Vila. A partir de las 10.30 h.<\/span><\/p>\n<p style=\"text-align: justify;\"><span style=\"color: #003366;\">20 de diciembre: CONCIERTO DE LA BANDA JOVEN AEM LA NOVA DE L&#8217;OLLERIA. A las 18.30 h al Teatro Goya.<\/span><\/p>\n<p style=\"text-align: justify;\"><span style=\"color: #003366;\">20 de diciembre: CONCIERTO CANTO DE SIBILA DEL CORO AEM LA NOVA. 21 h en la Iglesia parroquial.<\/span><\/p>\n<p style=\"text-align: justify;\"><span style=\"color: #003366;\">21 de diciembre: TEATRO BEB\u00c9S de Rosana Mira \u201cLa Tortuga Huga\u201d. 11.30 h en la Biblioteca p\u00fablica.<\/span><\/p>\n<p style=\"text-align: justify;\"><span style=\"color: #003366;\">21 de diciembre: a las 18\u202fh EMISARIOS REALES en el Bajo del Mercado. Tambi\u00e9n se har\u00e1 entrega de los premios a los ganadores del I Concurso de Belenes de l&#8217;Olleria.<\/span><\/p>\n<p style=\"text-align: justify;\"><span style=\"color: #003366;\">21 de diciembre: de 10 h a 17 h. CAMPA\u00d1A SOLIDARIA DEL KILO DE ALIMENTO. J\u00f3venes de confirmaci\u00f3n. Plaza de Loreto.<\/span><\/p>\n<p style=\"text-align: justify;\"><span style=\"color: #003366;\">22 de diciembre: CONCIERTO DE NAVIDAD DEL CORO STA. CEC\u00cdLIA DE L&#8217;OLLERIA. 19 h. Iglesia de Loreto.<\/span><\/p>\n<p style=\"text-align: justify;\"><span style=\"color: #003366;\">22 y 23 de diciembre: TEATRO \u201cTeatro sobre ruedas\u201d. 11.30 h \u2013 14 h \/\/ 17 h \u2013 19 h. Parque Beato Padre Herreras.<\/span><\/p>\n<p style=\"text-align: justify;\"><span style=\"color: #003366;\">24 de diciembre: MISA DEL GALLO. Entrega de la Luz de la Paz de Bel\u00e9n. Iglesia parroquial a las 19 h.<\/span><\/p>\n<p style=\"text-align: justify;\"><span style=\"color: #003366;\">29 de diciembre: 1\u00aa MARCHA SAN SILVESTRE NAVIDE\u00d1A DE L&#8217;OLLERIA. Marcha de disfraces en familia de 3.500 metros. 18\u202fh desde el Parque Beat Pare Ferreres.<\/span><\/p>\n<p style=\"text-align: justify;\"><span style=\"color: #003366;\">30 de diciembre: CUENTACUENTOS DE ALMUDENA FRANC\u00c9S. 11.30 h en la Biblioteca P\u00fablica.<\/span><\/p>\n<p style=\"text-align: justify;\"><span style=\"color: #003366;\">4 de enero de 2020: TORNEO SOLIDARIO DE F\u00daTBOL SALA. 10.30 H A 14 H. En el Pabell\u00f3n de La Solana. Organiza: Escuela deportiva de f\u00fatbol sala.<\/span><\/p>\n<p style=\"text-align: justify;\"><span style=\"color: #003366;\">5 de enero de 2020: CABALGATA DE LOS REYES DE ORIENTE a las 18 h.<\/span><\/p>\n<p style=\"text-align: justify;\"><span style=\"color: #003366;\">Adem\u00e1s tambi\u00e9n est\u00e1n en marcha las siguientes campa\u00f1as por motivo de navidad:<\/span><\/p>\n<p style=\"text-align: justify;\"><span style=\"color: #003366;\">I Concurso de Belenes de l&#8217;Olleria. Inscripciones hasta el 5 de diciembre. Bases en la web municipal.<\/span><\/p>\n<p style=\"text-align: justify;\"><span style=\"color: #003366;\">Del 18 de noviembre al 4 de enero: XI CAMPA\u00d1A COMPRA EN CASA DE L\u2019OLLERIA. El sorteo se har\u00e1 el 10 de enero en el Ayuntamiento de l&#8217;Olleria.<\/span><\/p>\n<p style=\"text-align: center;\"><a href=\"http:\/\/www.portaldelolleria.es\/pdfs\/nadal2019.jpg\"><img loading=\"lazy\" class=\"aligncenter size-full wp-image-24108\" title=\"PROGRA\" src=\"http:\/\/www.portaldelolleria.es\/wp-content\/uploads\/2019\/12\/PROGRA.jpg\" alt=\"\" width=\"598\" height=\"846\" srcset=\"http:\/\/www.portaldelolleria.es\/wp-content\/uploads\/2019\/12\/PROGRA.jpg 598w, http:\/\/www.portaldelolleria.es\/wp-content\/uploads\/2019\/12\/PROGRA-212x300.jpg 212w\" sizes=\"(max-width: 598px) 100vw, 598px\" \/><\/a><\/p>\n","protected":false},"excerpt":{"rendered":"<p>Ajuntament de l&#8217;Olleria\u00a0 4\/12\/2019 PROGRAMACI\u00d3 DE NADAL A L\u2019OLLERIA 30 de novembre i 1 de desembre: II FIRA DE NADAL DE L\u2019OLLERIA. Casa Santonja \u2013 Palau dels Marau. 5 de desembre: a les 20\u202fh ENCESA DE LLUMS DE L\u2019ARBRE DE NADAL al Parc Beat Pare Ferreres. 9 de desembre: MUNTATGE DE L\u2019ARBRE SOSTENIBLE DE NADAL. [&hellip;]<\/p>\n","protected":false},"author":1,"featured_media":0,"comment_status":"closed","ping_status":"open","sticky":false,"template":"","format":"standard","meta":{"_monsterinsights_skip_tracking":false,"_monsterinsights_sitenote_active":false,"_monsterinsights_sitenote_note":"","_monsterinsights_sitenote_category":0},"categories":[16,12],"tags":[],"_links":{"self":[{"href":"http:\/\/www.portaldelolleria.es\/index.php?rest_route=\/wp\/v2\/posts\/24107"}],"collection":[{"href":"http:\/\/www.portaldelolleria.es\/index.php?rest_route=\/wp\/v2\/posts"}],"about":[{"href":"http:\/\/www.portaldelolleria.es\/index.php?rest_route=\/wp\/v2\/types\/post"}],"author":[{"embeddable":true,"href":"http:\/\/www.portaldelolleria.es\/index.php?rest_route=\/wp\/v2\/users\/1"}],"replies":[{"embeddable":true,"href":"http:\/\/www.portaldelolleria.es\/index.php?rest_route=%2Fwp%2Fv2%2Fcomments&post=24107"}],"version-history":[{"count":2,"href":"http:\/\/www.portaldelolleria.es\/index.php?rest_route=\/wp\/v2\/posts\/24107\/revisions"}],"predecessor-version":[{"id":24115,"href":"http:\/\/www.portaldelolleria.es\/index.php?rest_route=\/wp\/v2\/posts\/24107\/revisions\/24115"}],"wp:attachment":[{"href":"http:\/\/www.portaldelolleria.es\/index.php?rest_route=%2Fwp%2Fv2%2Fmedia&parent=24107"}],"wp:term":[{"taxonomy":"category","embeddable":true,"href":"http:\/\/www.portaldelolleria.es\/index.php?rest_route=%2Fwp%2Fv2%2Fcategories&post=24107"},{"taxonomy":"post_tag","embeddable":true,"href":"http:\/\/www.portaldelolleria.es\/index.php?rest_route=%2Fwp%2Fv2%2Ftags&post=24107"}],"curies":[{"name":"wp","href":"https:\/\/api.w.org\/{rel}","templated":true}]}}