{"id":24111,"date":"2019-12-04T19:14:14","date_gmt":"2019-12-04T17:14:14","guid":{"rendered":"http:\/\/www.portaldelolleria.es\/?p=24111"},"modified":"2019-12-04T19:14:19","modified_gmt":"2019-12-04T17:14:19","slug":"la-calle-santa-barbara-celebra-la-festividad-de-su-patrona","status":"publish","type":"post","link":"http:\/\/www.portaldelolleria.es\/?p=24111","title":{"rendered":"La calle Santa B\u00e1rbara celebra la festividad de su patrona"},"content":{"rendered":"<p><a href=\"http:\/\/www.portaldelolleria.es\/wp-content\/uploads\/2019\/12\/basrbara.jpg\"><img loading=\"lazy\" class=\"aligncenter size-full wp-image-24112\" title=\"basrbara\" src=\"http:\/\/www.portaldelolleria.es\/wp-content\/uploads\/2019\/12\/basrbara.jpg\" alt=\"\" width=\"598\" height=\"396\" srcset=\"http:\/\/www.portaldelolleria.es\/wp-content\/uploads\/2019\/12\/basrbara.jpg 598w, http:\/\/www.portaldelolleria.es\/wp-content\/uploads\/2019\/12\/basrbara-300x198.jpg 300w\" sizes=\"(max-width: 598px) 100vw, 598px\" \/><\/a><\/p>\n<p><em><span style=\"color: #333333;\">Ajuntament de l&#8217;Olleria 3\/12\/2019<\/span><\/em><\/p>\n<p><strong>L\u2019Olleria acull la festivitat del Carrer Santa B\u00e0rbara<\/strong><\/p>\n<p>Aquest mat\u00ed els ve\u00efns i ve\u00efnes del carrer Santa B\u00e0rbara de l\u2019Olleria junt amb el tinent d\u2019alcalde de l\u2019Ajuntament i el sacerdot local, han celebrat la Festivitat de Santa B\u00e0rbara amb la col\u00b7locaci\u00f3 i posterior benedicci\u00f3 del ram de flors a la imatge de la verge.<\/p>\n<p>La resta d\u2019actes per motiu d\u2019aquesta festivitat s\u2019han ajornat a causa del mal oratge.<\/p>\n<p>_________________________<\/p>\n<p><span style=\"color: #003366;\"><strong>L&#8217;Olleria acoge la festividad de la Calle Santa B\u00e0rbara<\/strong><\/span><\/p>\n<div>\n<p><span style=\"color: #003366;\">Esta ma\u00f1ana los vecinos y vecinas de la calle Santa B\u00e0rbara de l&#8217;Olleria junto con el teniente de alcalde del Ayuntamiento y el sacerdote local, han celebrado la Festividad de Santa B\u00e0rbara con la colocaci\u00f3n y posterior bendici\u00f3n del ramo de flores a la imagen de la virgen.<\/span><\/p>\n<p><span style=\"color: #003366;\">El resto de actos por motivo de esta festividad se han aplazado a causa del mal tiempo.<\/span><\/p>\n<\/div>\n","protected":false},"excerpt":{"rendered":"<p>Ajuntament de l&#8217;Olleria 3\/12\/2019 L\u2019Olleria acull la festivitat del Carrer Santa B\u00e0rbara Aquest mat\u00ed els ve\u00efns i ve\u00efnes del carrer Santa B\u00e0rbara de l\u2019Olleria junt amb el tinent d\u2019alcalde de l\u2019Ajuntament i el sacerdot local, han celebrat la Festivitat de Santa B\u00e0rbara amb la col\u00b7locaci\u00f3 i posterior benedicci\u00f3 del ram de flors a la imatge [&hellip;]<\/p>\n","protected":false},"author":1,"featured_media":0,"comment_status":"closed","ping_status":"open","sticky":false,"template":"","format":"standard","meta":{"_monsterinsights_skip_tracking":false,"_monsterinsights_sitenote_active":false,"_monsterinsights_sitenote_note":"","_monsterinsights_sitenote_category":0},"categories":[16,12],"tags":[],"_links":{"self":[{"href":"http:\/\/www.portaldelolleria.es\/index.php?rest_route=\/wp\/v2\/posts\/24111"}],"collection":[{"href":"http:\/\/www.portaldelolleria.es\/index.php?rest_route=\/wp\/v2\/posts"}],"about":[{"href":"http:\/\/www.portaldelolleria.es\/index.php?rest_route=\/wp\/v2\/types\/post"}],"author":[{"embeddable":true,"href":"http:\/\/www.portaldelolleria.es\/index.php?rest_route=\/wp\/v2\/users\/1"}],"replies":[{"embeddable":true,"href":"http:\/\/www.portaldelolleria.es\/index.php?rest_route=%2Fwp%2Fv2%2Fcomments&post=24111"}],"version-history":[{"count":2,"href":"http:\/\/www.portaldelolleria.es\/index.php?rest_route=\/wp\/v2\/posts\/24111\/revisions"}],"predecessor-version":[{"id":24114,"href":"http:\/\/www.portaldelolleria.es\/index.php?rest_route=\/wp\/v2\/posts\/24111\/revisions\/24114"}],"wp:attachment":[{"href":"http:\/\/www.portaldelolleria.es\/index.php?rest_route=%2Fwp%2Fv2%2Fmedia&parent=24111"}],"wp:term":[{"taxonomy":"category","embeddable":true,"href":"http:\/\/www.portaldelolleria.es\/index.php?rest_route=%2Fwp%2Fv2%2Fcategories&post=24111"},{"taxonomy":"post_tag","embeddable":true,"href":"http:\/\/www.portaldelolleria.es\/index.php?rest_route=%2Fwp%2Fv2%2Ftags&post=24111"}],"curies":[{"name":"wp","href":"https:\/\/api.w.org\/{rel}","templated":true}]}}