{"id":2412,"date":"2013-03-04T13:44:00","date_gmt":"2013-03-04T12:44:00","guid":{"rendered":"http:\/\/www.portaldelolleria.es\/?p=2412"},"modified":"2013-03-04T18:25:06","modified_gmt":"2013-03-04T17:25:06","slug":"maria-mompo-y-aitana-terol-reinas-de-fiestas-de-l%e2%80%99olleria-2013","status":"publish","type":"post","link":"http:\/\/www.portaldelolleria.es\/?p=2412","title":{"rendered":"Maria Momp\u00f3 y Aitana Terol Reinas de Fiestas de L\u2019Olleria 2013"},"content":{"rendered":"<p><a href=\"http:\/\/www.portaldelolleria.es\/wp-content\/uploads\/2013\/03\/DSCF01241.jpg\"><img loading=\"lazy\" class=\"aligncenter size-full wp-image-2423\" title=\"DSCF0124\" src=\"http:\/\/www.portaldelolleria.es\/wp-content\/uploads\/2013\/03\/DSCF01241.jpg\" alt=\"\" width=\"598\" height=\"399\" srcset=\"http:\/\/www.portaldelolleria.es\/wp-content\/uploads\/2013\/03\/DSCF01241.jpg 598w, http:\/\/www.portaldelolleria.es\/wp-content\/uploads\/2013\/03\/DSCF01241-300x200.jpg 300w\" sizes=\"(max-width: 598px) 100vw, 598px\" \/><\/a><\/p>\n<p>L\u2019Olleria viv\u00eda este pasado fin de semana unos intensos d\u00edas llenos de actividades centradas en las Fiestas de Moros y Cristianos. El viernes, el Teatro Goya acog\u00eda uno de los actos m\u00e1s destacados del calendario festivo, la elecci\u00f3n de las Reinas, mayor e infantil resultando Maria Momp\u00f3 Borr\u00e1s, Reina Mayor y Aitana Terol Mic\u00f3, Reina Infantil.<\/p>\n<p>El concejal de Fiestas, Juan R. Ruano felicitaba a las Reinas y subrayaba \u201cel n\u00famero de festeros tanto mayores como infantiles que este a\u00f1o suman 46, 16 festeras mayores y 16 festeros mayores y 8 festeras infantiles y 6 festeros infantiles\u201d.<\/p>\n<p><a href=\"http:\/\/www.portaldelolleria.es\/wp-content\/uploads\/2013\/03\/DSCF0016.jpg\"><img loading=\"lazy\" class=\"aligncenter size-full wp-image-2413\" title=\"DSCF0016\" src=\"http:\/\/www.portaldelolleria.es\/wp-content\/uploads\/2013\/03\/DSCF0016.jpg\" alt=\"\" width=\"598\" height=\"399\" srcset=\"http:\/\/www.portaldelolleria.es\/wp-content\/uploads\/2013\/03\/DSCF0016.jpg 598w, http:\/\/www.portaldelolleria.es\/wp-content\/uploads\/2013\/03\/DSCF0016-300x200.jpg 300w\" sizes=\"(max-width: 598px) 100vw, 598px\" \/><\/a><a href=\"http:\/\/www.portaldelolleria.es\/wp-content\/uploads\/2013\/03\/DSCF0138.jpg\"><img loading=\"lazy\" class=\"aligncenter size-full wp-image-2416\" title=\"DSCF0138\" src=\"http:\/\/www.portaldelolleria.es\/wp-content\/uploads\/2013\/03\/DSCF0138.jpg\" alt=\"\" width=\"598\" height=\"498\" srcset=\"http:\/\/www.portaldelolleria.es\/wp-content\/uploads\/2013\/03\/DSCF0138.jpg 598w, http:\/\/www.portaldelolleria.es\/wp-content\/uploads\/2013\/03\/DSCF0138-300x249.jpg 300w\" sizes=\"(max-width: 598px) 100vw, 598px\" \/><\/a><\/p>\n<p>Igualmente, felicitaba a los cargos de este a\u00f1o, por la Fil\u00e0 Valencians el capit\u00e1n es Jaume Pla Tormo y el embajador, Antonio Mic\u00f3 \u00c1lvarez, y por el bando moro este a\u00f1o es la Fil\u00e0 Corda Curta teniendo como capit\u00e1n a Emilio Pascual Samper y Embajador, Vicente Albi\u00f1ana Engo.<\/p>\n<p>Adem\u00e1s, tanto el alcalde, Jos\u00e9 Vidal como el concejal de Fiestas felicitaron a las Reinas de 2013 y a los cargos de este a\u00f1o y destacaron la figura, del que durante 10 a\u00f1os ha sido el \u00a0Presidente de la Junta Central de Moros y Cristianos, Jos\u00e9 Ram\u00f3n Esteve Sirera, felicit\u00e1ndolo igualmente por su reci\u00e9n nombramiento como miembro honor\u00edfico de la UNDEF.<\/p>\n<p>&nbsp;<\/p>\n<p><a href=\"http:\/\/www.portaldelolleria.es\/wp-content\/uploads\/2013\/03\/DSCF0120.jpg\"><img loading=\"lazy\" class=\"aligncenter size-full wp-image-2414\" title=\"DSCF0120\" src=\"http:\/\/www.portaldelolleria.es\/wp-content\/uploads\/2013\/03\/DSCF0120.jpg\" alt=\"\" width=\"598\" height=\"299\" srcset=\"http:\/\/www.portaldelolleria.es\/wp-content\/uploads\/2013\/03\/DSCF0120.jpg 598w, http:\/\/www.portaldelolleria.es\/wp-content\/uploads\/2013\/03\/DSCF0120-300x150.jpg 300w\" sizes=\"(max-width: 598px) 100vw, 598px\" \/><\/a><\/p>\n<p>Por su parte, Maria Dolores Gil, Presidenta de la Junta Gestora de Moros y Cristianos, destacaba \u201cla gran familia que somos todos los festeros de L\u2019Olleria que vivimos intensamente esta fiesta tan nuestra\u201d.<\/p>\n<p>Por \u00faltimo, el alcalde y el concejal de Fiestas entregaban un detalle a todos y cada uno de los \u00a0festeros que subieron al escenario, para despu\u00e9s hacerse una foto de familia.<\/p>\n<p>&nbsp;<\/p>\n<p>fotos cortes\u00eda maurifot\u00f3grafos.es<\/p>\n<p style=\"text-align: center;\"><a href=\"http:\/\/www.maurifotografos.es\/\" target=\"_blank\"><img loading=\"lazy\" class=\"aligncenter size-full wp-image-2417\" title=\"maurifotografos\" src=\"http:\/\/www.portaldelolleria.es\/wp-content\/uploads\/2013\/03\/maurifotografos.jpg\" alt=\"\" width=\"598\" height=\"60\" srcset=\"http:\/\/www.portaldelolleria.es\/wp-content\/uploads\/2013\/03\/maurifotografos.jpg 598w, http:\/\/www.portaldelolleria.es\/wp-content\/uploads\/2013\/03\/maurifotografos-300x30.jpg 300w\" sizes=\"(max-width: 598px) 100vw, 598px\" \/><\/a><\/p>\n<p>&nbsp;<\/p>\n<p>&nbsp;<\/p>\n","protected":false},"excerpt":{"rendered":"<p>L\u2019Olleria viv\u00eda este pasado fin de semana unos intensos d\u00edas llenos de actividades centradas en las Fiestas de Moros y Cristianos. El viernes, el Teatro Goya acog\u00eda uno de los actos m\u00e1s destacados del calendario festivo, la elecci\u00f3n de las Reinas, mayor e infantil resultando Maria Momp\u00f3 Borr\u00e1s, Reina Mayor y Aitana Terol Mic\u00f3, Reina [&hellip;]<\/p>\n","protected":false},"author":2,"featured_media":0,"comment_status":"closed","ping_status":"open","sticky":false,"template":"","format":"standard","meta":{"_monsterinsights_skip_tracking":false,"_monsterinsights_sitenote_active":false,"_monsterinsights_sitenote_note":"","_monsterinsights_sitenote_category":0},"categories":[17,12],"tags":[575,318,20,374,574,213,305],"_links":{"self":[{"href":"http:\/\/www.portaldelolleria.es\/index.php?rest_route=\/wp\/v2\/posts\/2412"}],"collection":[{"href":"http:\/\/www.portaldelolleria.es\/index.php?rest_route=\/wp\/v2\/posts"}],"about":[{"href":"http:\/\/www.portaldelolleria.es\/index.php?rest_route=\/wp\/v2\/types\/post"}],"author":[{"embeddable":true,"href":"http:\/\/www.portaldelolleria.es\/index.php?rest_route=\/wp\/v2\/users\/2"}],"replies":[{"embeddable":true,"href":"http:\/\/www.portaldelolleria.es\/index.php?rest_route=%2Fwp%2Fv2%2Fcomments&post=2412"}],"version-history":[{"count":2,"href":"http:\/\/www.portaldelolleria.es\/index.php?rest_route=\/wp\/v2\/posts\/2412\/revisions"}],"predecessor-version":[{"id":2425,"href":"http:\/\/www.portaldelolleria.es\/index.php?rest_route=\/wp\/v2\/posts\/2412\/revisions\/2425"}],"wp:attachment":[{"href":"http:\/\/www.portaldelolleria.es\/index.php?rest_route=%2Fwp%2Fv2%2Fmedia&parent=2412"}],"wp:term":[{"taxonomy":"category","embeddable":true,"href":"http:\/\/www.portaldelolleria.es\/index.php?rest_route=%2Fwp%2Fv2%2Fcategories&post=2412"},{"taxonomy":"post_tag","embeddable":true,"href":"http:\/\/www.portaldelolleria.es\/index.php?rest_route=%2Fwp%2Fv2%2Ftags&post=2412"}],"curies":[{"name":"wp","href":"https:\/\/api.w.org\/{rel}","templated":true}]}}