{"id":24164,"date":"2019-12-14T20:53:47","date_gmt":"2019-12-14T18:53:47","guid":{"rendered":"http:\/\/www.portaldelolleria.es\/?p=24164"},"modified":"2019-12-14T20:53:47","modified_gmt":"2019-12-14T18:53:47","slug":"el-alcalde-de-lolleria-examina-en-ecuador-las-acciones-del-fons-per-la-solidaritat","status":"publish","type":"post","link":"http:\/\/www.portaldelolleria.es\/?p=24164","title":{"rendered":"El alcalde de l&#8217;Olleria examina en Ecuador las acciones del Fons per la Solidaritat"},"content":{"rendered":"<p><a href=\"http:\/\/www.portaldelolleria.es\/wp-content\/uploads\/2019\/12\/quito21.jpg\"><img loading=\"lazy\" class=\"aligncenter size-full wp-image-24168\" title=\"quito2\" src=\"http:\/\/www.portaldelolleria.es\/wp-content\/uploads\/2019\/12\/quito21.jpg\" alt=\"\" width=\"598\" height=\"399\" srcset=\"http:\/\/www.portaldelolleria.es\/wp-content\/uploads\/2019\/12\/quito21.jpg 598w, http:\/\/www.portaldelolleria.es\/wp-content\/uploads\/2019\/12\/quito21-300x200.jpg 300w\" sizes=\"(max-width: 598px) 100vw, 598px\" \/><\/a><\/p>\n<p>&nbsp;<\/p>\n<h2>El alcalde de l&#8217;Olleria examina en Ecuador las acciones del Fons per la Solidaritat<\/h2>\n<h3>Ram\u00f3n Vidal, secretario de la entidad, form\u00f3 parte de la delegaci\u00f3n institucional que realiz\u00f3 el seguimiento<\/h3>\n<p style=\"text-align: justify;\">Ram\u00f3n Vidal, alcalde de l&#8217;Olleria y secretario de la junta ejecutiva del Fons Valenci\u00e0 per la Solidaritat, realiz\u00f3 una visita institucional con otros cargos de la entidad a Ecuador para completar un seguimiento de las acciones que se est\u00e1n llevando a cabo en el pa\u00eds financiadas por el Fons Valenci\u00e0, as\u00ed como para reforzar las relaciones institucionales con sus contrapartes ecuatorianas.<\/p>\n<p style=\"text-align: justify;\">El Fondo Valenciano por la Solidaridad es la asociaci\u00f3n que aglutina los recursos econ\u00f3micos destinados a la cooperaci\u00f3n de 112 ayuntamientos y 9 mancomunidades de la Comunidad Valenciana, y los dedica a proyectos de cooperaci\u00f3n internacional y de educaci\u00f3n para el desarrollo. Actualmente, en la provincia de Valencia, el Fondo Valenciano cuenta con 88 entidades locales socias de las cuales 80 son ayuntamientos y 8 mancomunidades.<\/p>\n<p style=\"text-align: justify;\">Durante la visita, la delegaci\u00f3n de la que formaba parte Vidal pudo visitar las organizaciones, instituciones y administraciones p\u00fablicas que desarrollan su trabajo en diferentes provincias del pa\u00eds, por una parte en Pichincha y Ruminahui, donde el Fons colabora con CEPAM (Centro Ecuatoriano para la Promoci\u00f3n y Acci\u00f3n de la Mujer), y por otra en las provincias de Imbabura, Azuay y Ca\u00f1ar, donde el Fons participa en distintos proyectos en los municipios de Otavalo, Cuenca y con la Mancomunidad del Pueblo Ca\u00f1ar\u00ed y el Gobierno Aut\u00f3nomo Descentralizado de Bibli\u00e1n.<\/p>\n<p style=\"text-align: justify;\">Asimismo, la delegaci\u00f3n particip\u00f3 en elprimer Encuentro Nacional de Sombreros de Paja Toquilla, Patrimonio Cultural Inmaterial de la Humanidad. Sus miembros acudieron a jornadas de sensibilizaci\u00f3n sobre la cooperaci\u00f3n internacional y estudiaron propuestas de nuevos proyectos para los a\u00f1os 2021 y 2022, informa el Fons<\/p>\n<p style=\"text-align: justify;\">_____________________________<\/p>\n<p style=\"text-align: justify;\"><a href=\"http:\/\/www.portaldelolleria.es\/wp-content\/uploads\/2019\/12\/quito1.jpg\"><img loading=\"lazy\" class=\"aligncenter size-full wp-image-24166\" title=\"quito1\" src=\"http:\/\/www.portaldelolleria.es\/wp-content\/uploads\/2019\/12\/quito1.jpg\" alt=\"\" width=\"598\" height=\"281\" srcset=\"http:\/\/www.portaldelolleria.es\/wp-content\/uploads\/2019\/12\/quito1.jpg 598w, http:\/\/www.portaldelolleria.es\/wp-content\/uploads\/2019\/12\/quito1-300x140.jpg 300w\" sizes=\"(max-width: 598px) 100vw, 598px\" \/><\/a><\/p>\n<p style=\"text-align: justify;\"><span style=\"color: #003366;\"><strong>L&#8217;alcalde de l&#8217;Olleria examina a Equador les accions de Fons per la Solidaritat<\/strong><\/span><\/p>\n<p style=\"text-align: justify;\"><span style=\"color: #003366;\">Ram\u00f3n Vidal, secretari de l&#8217;entitat, va formar part de la delegaci\u00f3 institucional que va realitzar el seguiment<\/span><\/p>\n<p><span style=\"color: #003366;\">Ram\u00f3n Vidal, alcalde de l&#8217;Olleria i secretari de la junta executiva de el Fons Valenci\u00e0 per la Solidaritat, va realitzar una visita institucional amb altres c\u00e0rrecs de l&#8217;entitat a l&#8217;Equador per completar un seguiment de les accions que s&#8217;estan duent a terme al pa\u00eds finan\u00e7ades pel Fons Valenci\u00e0, aix\u00ed com per refor\u00e7ar les relacions institucionals amb les seves contraparts equatorianes.<\/span><\/p>\n<p><span style=\"color: #003366;\">El Fons Valenci\u00e0 per la Solidaritat \u00e9s l&#8217;associaci\u00f3 que aglutina els recursos econ\u00f2mics destinats a la cooperaci\u00f3 de 112 ajuntaments i 9 mancomunitats de la Comunitat Valenciana, i els dedica a projectes de cooperaci\u00f3 internacional i d&#8217;educaci\u00f3 per al desenvolupament. Actualment, a la prov\u00edncia de Val\u00e8ncia, el Fons Valenci\u00e0 disposa de 88 entitats locals s\u00f2cies de les quals 80 s\u00f3n ajuntaments i 8 mancomunitats.<\/span><\/p>\n<p><span style=\"color: #003366;\">Durant la visita, la delegaci\u00f3 de la qual formava part Vidal va poder visitar les organitzacions, institucions i administracions p\u00fabliques que desenvolupen el seu treball en diferents prov\u00edncies de pa\u00eds, d&#8217;una banda a Pichincha i Rumi\u00f1ahui, on el Fons col\u00b7labora amb CEPAM (Centre Equatori\u00e0 per a la promoci\u00f3 i Acci\u00f3 de la Dona), i per una altra a les prov\u00edncies d&#8217;Imbabura, Azuay i Ca\u00f1ar, on el Fons participa en diferents projectes en els municipis d&#8217;Otavalo, Conca i amb la Mancomunitat de el Poble Canari i el Govern Aut\u00f2nom Descentralitzat de Bibli\u00e1n.<\/span><\/p>\n<p><span style=\"color: #003366;\">Aix\u00ed mateix, la delegaci\u00f3 va participar en elprimer Trobada Nacional de Barrets de Palla toquilla, Patrimoni Cultural Immaterial de la Humanitat. Els seus membres van acudir a jornades de sensibilitzaci\u00f3 sobre la cooperaci\u00f3 internacional i van estudiar propostes de nous projectes per als anys 2021 i 2022, informa el Fons<\/span><\/p>\n<p style=\"text-align: justify;\"><a href=\"http:\/\/www.portaldelolleria.es\/wp-content\/uploads\/2019\/12\/quito3.jpg\"><img loading=\"lazy\" class=\"aligncenter size-full wp-image-24167\" title=\"quito3\" src=\"http:\/\/www.portaldelolleria.es\/wp-content\/uploads\/2019\/12\/quito3.jpg\" alt=\"\" width=\"598\" height=\"299\" srcset=\"http:\/\/www.portaldelolleria.es\/wp-content\/uploads\/2019\/12\/quito3.jpg 598w, http:\/\/www.portaldelolleria.es\/wp-content\/uploads\/2019\/12\/quito3-300x150.jpg 300w\" sizes=\"(max-width: 598px) 100vw, 598px\" \/><\/a><\/p>\n<p style=\"text-align: justify;\">fuente:\u00a0<a href=\"https:\/\/www.levante-emv.com\/costera\/2019\/12\/14\/alcalde-lolleria-examina-ecuador-acciones\/1956038.html?fbclid=IwAR1Kos8MNtNT1AaA-DNmH5_MbyEhxXeTyB2InCV9AsCSiWoK2uujtQ6YT3g\" target=\"_blank\"> Levante EMV<\/a>,\u00a0 <a href=\"https:\/\/www.elperiodic.com\/pvalencia\/fons-valencia-solidaritat-hace-seguimiento-trabajo-realizado-ecuador_655908\" target=\"_blank\">elPeriodic.com, <\/a><a href=\"https:\/\/www.facebook.com\/fons.valenciasolidaritat\/posts\/1355964951244687?__tn__=K-R\" target=\"_blank\">Fons Valenci\u00e0 Solidaritat<\/a><\/p>\n","protected":false},"excerpt":{"rendered":"<p>&nbsp; El alcalde de l&#8217;Olleria examina en Ecuador las acciones del Fons per la Solidaritat Ram\u00f3n Vidal, secretario de la entidad, form\u00f3 parte de la delegaci\u00f3n institucional que realiz\u00f3 el seguimiento Ram\u00f3n Vidal, alcalde de l&#8217;Olleria y secretario de la junta ejecutiva del Fons Valenci\u00e0 per la Solidaritat, realiz\u00f3 una visita institucional con otros cargos [&hellip;]<\/p>\n","protected":false},"author":1,"featured_media":0,"comment_status":"closed","ping_status":"open","sticky":false,"template":"","format":"standard","meta":{"_monsterinsights_skip_tracking":false,"_monsterinsights_sitenote_active":false,"_monsterinsights_sitenote_note":"","_monsterinsights_sitenote_category":0},"categories":[3,12],"tags":[],"_links":{"self":[{"href":"http:\/\/www.portaldelolleria.es\/index.php?rest_route=\/wp\/v2\/posts\/24164"}],"collection":[{"href":"http:\/\/www.portaldelolleria.es\/index.php?rest_route=\/wp\/v2\/posts"}],"about":[{"href":"http:\/\/www.portaldelolleria.es\/index.php?rest_route=\/wp\/v2\/types\/post"}],"author":[{"embeddable":true,"href":"http:\/\/www.portaldelolleria.es\/index.php?rest_route=\/wp\/v2\/users\/1"}],"replies":[{"embeddable":true,"href":"http:\/\/www.portaldelolleria.es\/index.php?rest_route=%2Fwp%2Fv2%2Fcomments&post=24164"}],"version-history":[{"count":1,"href":"http:\/\/www.portaldelolleria.es\/index.php?rest_route=\/wp\/v2\/posts\/24164\/revisions"}],"predecessor-version":[{"id":24169,"href":"http:\/\/www.portaldelolleria.es\/index.php?rest_route=\/wp\/v2\/posts\/24164\/revisions\/24169"}],"wp:attachment":[{"href":"http:\/\/www.portaldelolleria.es\/index.php?rest_route=%2Fwp%2Fv2%2Fmedia&parent=24164"}],"wp:term":[{"taxonomy":"category","embeddable":true,"href":"http:\/\/www.portaldelolleria.es\/index.php?rest_route=%2Fwp%2Fv2%2Fcategories&post=24164"},{"taxonomy":"post_tag","embeddable":true,"href":"http:\/\/www.portaldelolleria.es\/index.php?rest_route=%2Fwp%2Fv2%2Ftags&post=24164"}],"curies":[{"name":"wp","href":"https:\/\/api.w.org\/{rel}","templated":true}]}}