{"id":24205,"date":"2019-12-18T12:16:45","date_gmt":"2019-12-18T10:16:45","guid":{"rendered":"http:\/\/www.portaldelolleria.es\/?p=24205"},"modified":"2019-12-18T12:16:54","modified_gmt":"2019-12-18T10:16:54","slug":"ontinyent-lolleria-y-bocairent-avanzan-en-la-creacion-de-una-alianza-industrial","status":"publish","type":"post","link":"http:\/\/www.portaldelolleria.es\/?p=24205","title":{"rendered":"Ontinyent, l&#8217;Olleria y Bocairent avanzan en la creaci\u00f3n de una alianza industrial"},"content":{"rendered":"<p><a href=\"http:\/\/www.portaldelolleria.es\/wp-content\/uploads\/2019\/12\/ontinyent-olleria.jpg\"><img loading=\"lazy\" class=\"aligncenter size-full wp-image-24206\" title=\"ontinyent-olleria\" src=\"http:\/\/www.portaldelolleria.es\/wp-content\/uploads\/2019\/12\/ontinyent-olleria.jpg\" alt=\"\" width=\"598\" height=\"399\" srcset=\"http:\/\/www.portaldelolleria.es\/wp-content\/uploads\/2019\/12\/ontinyent-olleria.jpg 598w, http:\/\/www.portaldelolleria.es\/wp-content\/uploads\/2019\/12\/ontinyent-olleria-300x200.jpg 300w\" sizes=\"(max-width: 598px) 100vw, 598px\" \/><\/a><\/p>\n<p>&nbsp;<\/p>\n<h2>La idea es que los tres ayuntamientos y las patronales trabajen juntos en iniciativas y proyectos<\/h2>\n<p style=\"text-align: justify;\">Ontinyent, l&#8217;Olleria y Bocairent avanzan en la creaci\u00f3n de \u00abuna alianza para impulsar la industria\u00bb en estos municipios, destacaron ayer. Los alcaldes de Ontinyent, Jorge Rodr\u00edguez; l&#8217;Olleria, Ram\u00f3n Vidal, y Bocairent, Xavier Molina, se reun\u00edan este martes para \u00abavanzar en las posibilidades de esta alianza y la puesta en com\u00fan de proyectos para potenciar la innovaci\u00f3n y modernizaci\u00f3n, intercambiar experiencias y defender intereses comunes ante administraciones superiores\u00bb, explicaron fuentes del consistorio ontinyentino en un comunicado. La alianza tambi\u00e9n integrar\u00e1 otros agentes sociales como las asociaciones empresariales Coeval, Aemo e Industriales de Bocairent, y se plantea como una herramienta de intercambio de experiencias que pueda coordinar pol\u00edticas de fomento del empleo, incentivos fiscales a las empresas, o impulso a la formaci\u00f3n especializada, entre otros, destacaron ayer.<\/p>\n<p style=\"text-align: justify;\">El alcalde de Ontinyent, Jorge Rodr\u00edguez, explicaba que la importancia de la industria en la econom\u00eda local \u00abnos ha animado a trabajar en aspectos como la modernizaci\u00f3n de los pol\u00edgonos con un plan municipal y tambi\u00e9n con ayuda del IVACE; fomentar la industria con incentivos fiscales y ayudas para la participaci\u00f3n en ferias o elaboraci\u00f3n de cat\u00e1logos, y tambi\u00e9n a ponernos en com\u00fan con otros municipios, como ya hemos hecho con el plan territorial con Ibi y Alcoi y ahora queremos hacer en el \u00e1mbito de nuestra comarca con la Olleria y Bocairent\u00bb, manifestaba el primer edil, quien semanas atr\u00e1s ya hab\u00eda anticipado las ventajas que puede comportar actuar de una manera conjunta.<\/p>\n<p style=\"text-align: justify;\">Por su parte, el alcalde de l&#8217;Olleria, Ram\u00f3n Vidal, coincid\u00eda en destacar la industria como \u00abun motor econ\u00f3mico esencial para nuestro municipio, donde la ocupaci\u00f3n industrial es muy relevante dentro la econom\u00eda local\u00bb, se\u00f1al\u00f3. \u00abPor ello vamos a apostar siempre por apoyar este sector, y dentro de esta idea pensamos que trabajar conjuntamente con otros municipios de la comarca con los que podamos tener sinergias puede aportarnos cosas positivas a todos\u00bb, apuntaba el nuevo primer edil, que ejerce el cargo desde este verano tras ganar las elecciones municipales del 26M.<\/p>\n<p style=\"text-align: justify;\">En cuanto al alcalde de Bocairent, Xavier Molina, tambi\u00e9n nuevo en el cargo tras las pasadas elecciones, destacaba que \u00abentendemos que la uni\u00f3n hace la fuerza para plantear planes de trabajo conjuntos ante objetivos comunes. Trabajando unidos podremos \u201edijo\u201e iniciar acciones conjuntas de transformaci\u00f3n empresarial que sean interesantes para los tres municipios; es una l\u00ednea de acci\u00f3n que ya dimos a conocer a los representantes del sector industrial de nuestro municipio, que tambi\u00e9n vieron el inter\u00e9s y la conveniencia de participar de este tipo de proyectos\u00bb, se\u00f1alaba.<\/p>\n<p style=\"text-align: justify;\">No es la \u00fanica acci\u00f3n conjunta que germina en la Vall, puesto que desde 2016 la Plataforma per la Reindustrialitzaci\u00f3, que abarca a las entidades empresariales de las comarcas de la Vall d&#8217;Albaida, l&#8217;Alcoi\u00e0-Comtat y la Foia de Castalla, propone impulsar el sector y la cohesi\u00f3n territorial de la zona y lleva ya varias acciones planteadas ante las administraciones.<\/p>\n<p style=\"text-align: justify;\">____________________<\/p>\n<p style=\"text-align: justify;\">ver noticia <a href=\"https:\/\/www.levante-emv.com\/costera\/2019\/12\/18\/ontinyent-lolleria-bocairent-avanzan-creacion\/1957378.html?fbclid=IwAR1x9OvdlRe7A1mR2lNTUcLxcWjw3eGVTQkhbdxlQbMLbKve3oSlB37fnTc\" target=\"_blank\">original en Levante -emv<\/a><\/p>\n","protected":false},"excerpt":{"rendered":"<p>&nbsp; La idea es que los tres ayuntamientos y las patronales trabajen juntos en iniciativas y proyectos Ontinyent, l&#8217;Olleria y Bocairent avanzan en la creaci\u00f3n de \u00abuna alianza para impulsar la industria\u00bb en estos municipios, destacaron ayer. Los alcaldes de Ontinyent, Jorge Rodr\u00edguez; l&#8217;Olleria, Ram\u00f3n Vidal, y Bocairent, Xavier Molina, se reun\u00edan este martes para [&hellip;]<\/p>\n","protected":false},"author":1,"featured_media":0,"comment_status":"closed","ping_status":"open","sticky":false,"template":"","format":"standard","meta":{"_monsterinsights_skip_tracking":false,"_monsterinsights_sitenote_active":false,"_monsterinsights_sitenote_note":"","_monsterinsights_sitenote_category":0},"categories":[171,12],"tags":[],"_links":{"self":[{"href":"http:\/\/www.portaldelolleria.es\/index.php?rest_route=\/wp\/v2\/posts\/24205"}],"collection":[{"href":"http:\/\/www.portaldelolleria.es\/index.php?rest_route=\/wp\/v2\/posts"}],"about":[{"href":"http:\/\/www.portaldelolleria.es\/index.php?rest_route=\/wp\/v2\/types\/post"}],"author":[{"embeddable":true,"href":"http:\/\/www.portaldelolleria.es\/index.php?rest_route=\/wp\/v2\/users\/1"}],"replies":[{"embeddable":true,"href":"http:\/\/www.portaldelolleria.es\/index.php?rest_route=%2Fwp%2Fv2%2Fcomments&post=24205"}],"version-history":[{"count":2,"href":"http:\/\/www.portaldelolleria.es\/index.php?rest_route=\/wp\/v2\/posts\/24205\/revisions"}],"predecessor-version":[{"id":24208,"href":"http:\/\/www.portaldelolleria.es\/index.php?rest_route=\/wp\/v2\/posts\/24205\/revisions\/24208"}],"wp:attachment":[{"href":"http:\/\/www.portaldelolleria.es\/index.php?rest_route=%2Fwp%2Fv2%2Fmedia&parent=24205"}],"wp:term":[{"taxonomy":"category","embeddable":true,"href":"http:\/\/www.portaldelolleria.es\/index.php?rest_route=%2Fwp%2Fv2%2Fcategories&post=24205"},{"taxonomy":"post_tag","embeddable":true,"href":"http:\/\/www.portaldelolleria.es\/index.php?rest_route=%2Fwp%2Fv2%2Ftags&post=24205"}],"curies":[{"name":"wp","href":"https:\/\/api.w.org\/{rel}","templated":true}]}}