{"id":24228,"date":"2019-12-20T13:06:33","date_gmt":"2019-12-20T11:06:33","guid":{"rendered":"http:\/\/www.portaldelolleria.es\/?p=24228"},"modified":"2019-12-20T22:12:05","modified_gmt":"2019-12-20T20:12:05","slug":"los-emisarios-reales-atenderan-peticiones-este-sabado","status":"publish","type":"post","link":"http:\/\/www.portaldelolleria.es\/?p=24228","title":{"rendered":"Los Emisarios Reales, atender\u00e1n peticiones este s\u00e1bado"},"content":{"rendered":"<p style=\"text-align: justify;\"><a href=\"http:\/\/www.portaldelolleria.es\/wp-content\/uploads\/2019\/12\/visirreal2.jpg\"><img loading=\"lazy\" class=\"aligncenter size-full wp-image-24229\" title=\"visirreal2\" src=\"http:\/\/www.portaldelolleria.es\/wp-content\/uploads\/2019\/12\/visirreal2.jpg\" alt=\"\" width=\"598\" height=\"398\" srcset=\"http:\/\/www.portaldelolleria.es\/wp-content\/uploads\/2019\/12\/visirreal2.jpg 598w, http:\/\/www.portaldelolleria.es\/wp-content\/uploads\/2019\/12\/visirreal2-300x199.jpg 300w\" sizes=\"(max-width: 598px) 100vw, 598px\" \/><\/a><\/p>\n<p style=\"text-align: justify;\">Este s\u00e1bado, 21 de diciembre, l&#8217;Olleria recibe la visita del Visir Real,\u00a0 acontecimiento muy esperado por los m\u00e1s peque\u00f1os de la casa.\u00a0 El recibimiento\u00a0 se celebrar\u00e1 en los bajos del Mercado a partir de\u00a0 las 18:00 h<\/p>\n<p style=\"text-align: justify;\">El Visir Real es el \u00faltimo paso con el que los m\u00e1s peque\u00f1os, se v\u00e1n \u201cconsumiendo\u201d entre impaciencia y nervios antes de la Cabalgata,en la noche m\u00e1gica del 5 de enero. Como es costumbre, los \u201creyes\u201d de la casa ser\u00e1n atendidos de uno en uno y con la m\u00e1xima atenci\u00f3n requerida, por el Visir.\u00a0 Es uno de los momentos m\u00e1s espl\u00e9ndidos de la navidad,\u00a0 ya que es muy gratificante ver tanta ilusi\u00f3n junta. El mero hecho de vivir\u00a0 y compartir este momento ya es un regalo para todos los asistentes.<\/p>\n<p style=\"text-align: justify;\">Tambi\u00e9n en este acto se har\u00e1 entrega de los premios a los galardonados del I Concurso de Belenes de l&#8217;Olleria.<\/p>\n<p style=\"text-align: justify;\">____________________________<\/p>\n<p style=\"text-align: justify;\"><span style=\"color: #003366;\">Aquest dissabte, 21 de desembre, l&#8217;Olleria rep la visita de l&#8217;Visir Reial, esdeveniment molt esperat pels m\u00e9s petits de la casa. La rebuda tindr\u00e0 lloc als baixos de l&#8217;Mercat a partir de les 18:00 h<\/span><\/p>\n<p style=\"text-align: justify;\"><span style=\"color: #003366;\">El Visir Reial \u00e9s l&#8217;\u00faltim pas amb el qual els m\u00e9s petits, es v\u00e1n \u00abconsumint\u00bb entre impaci\u00e8ncia i nervis abans de la Cavalcada, a la nit m\u00e0gica de el 5 de gener. Com \u00e9s costum, els \u00abreis\u00bb de la casa seran atesos d&#8217;un en un i amb la m\u00e0xima atenci\u00f3 requerida, pel Visir. \u00c9s un dels moments m\u00e9s espl\u00e8ndids del nadal, ja que \u00e9s molt gratificant veure tanta il\u00b7lusi\u00f3 junta. El simple fet de viure i compartir aquest moment ja \u00e9s un regal per a tots els assistents.<\/span><\/p>\n<p style=\"text-align: justify;\"><span style=\"color: #003366;\">Tamb\u00e9 en aquest acte es far\u00e0 entrega dels premis als guardonats del I Concurs de Betlems de l\u2019Olleria.<\/span><\/p>\n<p style=\"text-align: justify;\">\n","protected":false},"excerpt":{"rendered":"<p>Este s\u00e1bado, 21 de diciembre, l&#8217;Olleria recibe la visita del Visir Real,\u00a0 acontecimiento muy esperado por los m\u00e1s peque\u00f1os de la casa.\u00a0 El recibimiento\u00a0 se celebrar\u00e1 en los bajos del Mercado a partir de\u00a0 las 18:00 h El Visir Real es el \u00faltimo paso con el que los m\u00e1s peque\u00f1os, se v\u00e1n \u201cconsumiendo\u201d entre impaciencia [&hellip;]<\/p>\n","protected":false},"author":1,"featured_media":0,"comment_status":"closed","ping_status":"open","sticky":false,"template":"","format":"standard","meta":{"_monsterinsights_skip_tracking":false,"_monsterinsights_sitenote_active":false,"_monsterinsights_sitenote_note":"","_monsterinsights_sitenote_category":0},"categories":[16,12],"tags":[],"_links":{"self":[{"href":"http:\/\/www.portaldelolleria.es\/index.php?rest_route=\/wp\/v2\/posts\/24228"}],"collection":[{"href":"http:\/\/www.portaldelolleria.es\/index.php?rest_route=\/wp\/v2\/posts"}],"about":[{"href":"http:\/\/www.portaldelolleria.es\/index.php?rest_route=\/wp\/v2\/types\/post"}],"author":[{"embeddable":true,"href":"http:\/\/www.portaldelolleria.es\/index.php?rest_route=\/wp\/v2\/users\/1"}],"replies":[{"embeddable":true,"href":"http:\/\/www.portaldelolleria.es\/index.php?rest_route=%2Fwp%2Fv2%2Fcomments&post=24228"}],"version-history":[{"count":5,"href":"http:\/\/www.portaldelolleria.es\/index.php?rest_route=\/wp\/v2\/posts\/24228\/revisions"}],"predecessor-version":[{"id":24251,"href":"http:\/\/www.portaldelolleria.es\/index.php?rest_route=\/wp\/v2\/posts\/24228\/revisions\/24251"}],"wp:attachment":[{"href":"http:\/\/www.portaldelolleria.es\/index.php?rest_route=%2Fwp%2Fv2%2Fmedia&parent=24228"}],"wp:term":[{"taxonomy":"category","embeddable":true,"href":"http:\/\/www.portaldelolleria.es\/index.php?rest_route=%2Fwp%2Fv2%2Fcategories&post=24228"},{"taxonomy":"post_tag","embeddable":true,"href":"http:\/\/www.portaldelolleria.es\/index.php?rest_route=%2Fwp%2Fv2%2Ftags&post=24228"}],"curies":[{"name":"wp","href":"https:\/\/api.w.org\/{rel}","templated":true}]}}