{"id":24268,"date":"2019-12-23T13:07:00","date_gmt":"2019-12-23T11:07:00","guid":{"rendered":"http:\/\/www.portaldelolleria.es\/?p=24268"},"modified":"2019-12-23T13:12:14","modified_gmt":"2019-12-23T11:12:14","slug":"premiados-del-i-concurso-de-belenes-de-lolleria","status":"publish","type":"post","link":"http:\/\/www.portaldelolleria.es\/?p=24268","title":{"rendered":"Premiados del I Concurso de Belenes de l&#8217;Olleria"},"content":{"rendered":"<p><a href=\"http:\/\/www.portaldelolleria.es\/wp-content\/uploads\/2019\/12\/belem_3.jpg\"><img loading=\"lazy\" class=\"aligncenter size-full wp-image-24272\" title=\"belem_3\" src=\"http:\/\/www.portaldelolleria.es\/wp-content\/uploads\/2019\/12\/belem_3.jpg\" alt=\"\" width=\"598\" height=\"368\" srcset=\"http:\/\/www.portaldelolleria.es\/wp-content\/uploads\/2019\/12\/belem_3.jpg 598w, http:\/\/www.portaldelolleria.es\/wp-content\/uploads\/2019\/12\/belem_3-300x184.jpg 300w\" sizes=\"(max-width: 598px) 100vw, 598px\" \/><\/a><\/p>\n<p><span style=\"color: #333333;\"><em>Ajuntament de l&#8217;Olleria 23\/12\/2019<\/em><\/span><\/p>\n<p>&nbsp;<\/p>\n<p style=\"text-align: justify;\" align=\"center\"><strong>Premiats del I Concurs de Betlems de l\u2019Olleria<\/strong><\/p>\n<p style=\"text-align: justify;\">La Regidoria de Cultura de l&#8217;Ajuntament de l\u2019Olleria, ha organitzat el I Concurs de Betlems de l\u2019Olleria amb l&#8217;objectiu de mantenir la tradici\u00f3 i fomentar la confecci\u00f3 de betlems en cases, associacions, col\u00b7legis i comer\u00e7os.<\/p>\n<p style=\"text-align: justify;\">D\u2019entre un total de 18 candidatures, 14 persones particulars, 2 centres educatius i 2 entitats\/comer\u00e7os, s\u2019ha repartit 4 premis.<\/p>\n<p style=\"text-align: justify;\">En la categoria de Particulars, el betlem guardonat ha sigut el del carrer Sant Josep, 42 d\u2019Imelda Grau i Jos\u00e9 Domenech Albi\u00f1ana, amb dos premis: un de 100 euros per a gastar al comer\u00e7 local i altre de 100 euros a gastar en l\u2019hostaleria local.<\/p>\n<p style=\"text-align: justify;\">En la categoria de comer\u00e7os i entitats el betlem guardonat ha sigut el del Comer\u00e7 Panaderia Camarena, amb un premi de 150 euros a gastar al comer\u00e7 local.<\/p>\n<p style=\"text-align: justify;\">I en la categoria de centres educatius el betlem guardonat ha sigut el del CEIP Manuel Sanchis Guarner.<\/p>\n<p style=\"text-align: justify;\">Els guardonats varen rebre els seus premis el dissabte 21 de desembre a l\u2019acte dels Emissaris Reials de l\u2019Olleria al Baix del Mercat.<\/p>\n<p style=\"text-align: justify;\">Des de la Regidoria de Cultura de l\u2019Ajuntament de l\u2019Olleria, es vol agrair a tots els participants la seua tasca de confecci\u00f3 de betlems, donar l&#8217;enhorabona a tots els premiats d\u2019aquesta primera edici\u00f3 i convidar a la resta de comer\u00e7os, entitats i ve\u00efnat del poble a participar en la pr\u00f2xima edici\u00f3 d\u2019aquest concurs.<\/p>\n<p align=\"center\"><strong>_______________________________________<\/strong><\/p>\n<p align=\"center\"><strong><a href=\"http:\/\/www.portaldelolleria.es\/wp-content\/uploads\/2019\/12\/belem_1.jpg\"><img loading=\"lazy\" class=\"aligncenter size-full wp-image-24269\" title=\"belem_1\" src=\"http:\/\/www.portaldelolleria.es\/wp-content\/uploads\/2019\/12\/belem_1.jpg\" alt=\"\" width=\"598\" height=\"362\" srcset=\"http:\/\/www.portaldelolleria.es\/wp-content\/uploads\/2019\/12\/belem_1.jpg 598w, http:\/\/www.portaldelolleria.es\/wp-content\/uploads\/2019\/12\/belem_1-300x181.jpg 300w\" sizes=\"(max-width: 598px) 100vw, 598px\" \/><\/a><br \/>\n<\/strong><\/p>\n<p style=\"text-align: justify;\" align=\"center\"><span style=\"color: #003366;\"><strong>Premiados del I Concurso de Belenes de l&#8217;Olleria<\/strong><\/span><\/p>\n<p style=\"text-align: justify;\"><span style=\"color: #003366;\">La Concejal\u00eda de Cultura del Ayuntamiento de l&#8217;Olleria, ha organizado el I Concurso de Belenes de l&#8217;Olleria con el objetivo de mantener la tradici\u00f3n y fomentar la confecci\u00f3n de belenes en casas, asociaciones, colegios y comercios.<\/span><\/p>\n<p style=\"text-align: justify;\"><span style=\"color: #003366;\">De entre un total de 18 candidaturas, 14 personas particulares, 2 centros educativos y 2 entidades\/comercios, se ha repartido 4 premios:<\/span><\/p>\n<p style=\"text-align: justify;\"><span style=\"color: #003366;\">En la categor\u00eda de Particulares, el bel\u00e9n galardonado ha sido el de la calle Sant Josep, 42 de Imelda Grau y Jos\u00e9 Domenech Albi\u00f1ana, con dos premios: uno de 100 euros para gastar en el comercio local y otro de 100 euros a gastar en la hosteler\u00eda local.<\/span><\/p>\n<p style=\"text-align: justify;\"><span style=\"color: #003366;\">En la categor\u00eda de comercios y entidades el bel\u00e9n galardonado ha sido el del Comercio Panader\u00eda Camarena, con un premio de 150 euros a gastar en el comercio local.<\/span><\/p>\n<p style=\"text-align: justify;\"><span style=\"color: #003366;\">Y en la categor\u00eda de centros educativos el bel\u00e9n galardonado ha sido el del CEIP Manuel Sanchis Guarner con un lote de libros por valor de 150 euros.<\/span><\/p>\n<p style=\"text-align: justify;\"><span style=\"color: #003366;\">Los galardonados recibieron sus premios el s\u00e1bado 21 de diciembre en el acto de los Emisarios Reales de l&#8217;Olleria en el Bajo del Mercado.<\/span><\/p>\n<p style=\"text-align: justify;\"><span style=\"color: #003366;\">Desde la Concejal\u00eda de Cultura del Ayuntamiento de l&#8217;Olleria, se quiere agradecer a todos los participantes su tarea de confecci\u00f3n de belenes, dar la enhorabuena a todos los premiados de esta primera edici\u00f3n e invitar al resto de comercios, entidades y vecindario del pueblo a participar en la pr\u00f3xima edici\u00f3n de este concurso.<\/span><\/p>\n<p><a href=\"http:\/\/www.portaldelolleria.es\/wp-content\/uploads\/2019\/12\/belem_2.jpg\"><img loading=\"lazy\" class=\"aligncenter size-full wp-image-24270\" title=\"belem_2\" src=\"http:\/\/www.portaldelolleria.es\/wp-content\/uploads\/2019\/12\/belem_2.jpg\" alt=\"\" width=\"598\" height=\"1231\" srcset=\"http:\/\/www.portaldelolleria.es\/wp-content\/uploads\/2019\/12\/belem_2.jpg 598w, http:\/\/www.portaldelolleria.es\/wp-content\/uploads\/2019\/12\/belem_2-497x1024.jpg 497w\" sizes=\"(max-width: 598px) 100vw, 598px\" \/><\/a><\/p>\n","protected":false},"excerpt":{"rendered":"<p>Ajuntament de l&#8217;Olleria 23\/12\/2019 &nbsp; Premiats del I Concurs de Betlems de l\u2019Olleria La Regidoria de Cultura de l&#8217;Ajuntament de l\u2019Olleria, ha organitzat el I Concurs de Betlems de l\u2019Olleria amb l&#8217;objectiu de mantenir la tradici\u00f3 i fomentar la confecci\u00f3 de betlems en cases, associacions, col\u00b7legis i comer\u00e7os. D\u2019entre un total de 18 candidatures, 14 [&hellip;]<\/p>\n","protected":false},"author":1,"featured_media":0,"comment_status":"closed","ping_status":"open","sticky":false,"template":"","format":"standard","meta":{"_monsterinsights_skip_tracking":false,"_monsterinsights_sitenote_active":false,"_monsterinsights_sitenote_note":"","_monsterinsights_sitenote_category":0},"categories":[16,12],"tags":[],"_links":{"self":[{"href":"http:\/\/www.portaldelolleria.es\/index.php?rest_route=\/wp\/v2\/posts\/24268"}],"collection":[{"href":"http:\/\/www.portaldelolleria.es\/index.php?rest_route=\/wp\/v2\/posts"}],"about":[{"href":"http:\/\/www.portaldelolleria.es\/index.php?rest_route=\/wp\/v2\/types\/post"}],"author":[{"embeddable":true,"href":"http:\/\/www.portaldelolleria.es\/index.php?rest_route=\/wp\/v2\/users\/1"}],"replies":[{"embeddable":true,"href":"http:\/\/www.portaldelolleria.es\/index.php?rest_route=%2Fwp%2Fv2%2Fcomments&post=24268"}],"version-history":[{"count":4,"href":"http:\/\/www.portaldelolleria.es\/index.php?rest_route=\/wp\/v2\/posts\/24268\/revisions"}],"predecessor-version":[{"id":24276,"href":"http:\/\/www.portaldelolleria.es\/index.php?rest_route=\/wp\/v2\/posts\/24268\/revisions\/24276"}],"wp:attachment":[{"href":"http:\/\/www.portaldelolleria.es\/index.php?rest_route=%2Fwp%2Fv2%2Fmedia&parent=24268"}],"wp:term":[{"taxonomy":"category","embeddable":true,"href":"http:\/\/www.portaldelolleria.es\/index.php?rest_route=%2Fwp%2Fv2%2Fcategories&post=24268"},{"taxonomy":"post_tag","embeddable":true,"href":"http:\/\/www.portaldelolleria.es\/index.php?rest_route=%2Fwp%2Fv2%2Ftags&post=24268"}],"curies":[{"name":"wp","href":"https:\/\/api.w.org\/{rel}","templated":true}]}}