{"id":24330,"date":"2019-12-28T11:50:56","date_gmt":"2019-12-28T09:50:56","guid":{"rendered":"http:\/\/www.portaldelolleria.es\/?p=24330"},"modified":"2019-12-29T03:51:19","modified_gmt":"2019-12-29T01:51:19","slug":"desde-hoy-sant-miquel-luce-completo-y-en-todo-su-esplendor","status":"publish","type":"post","link":"http:\/\/www.portaldelolleria.es\/?p=24330","title":{"rendered":"Desde hoy, Sant Miquel luce completo y en todo su esplendor"},"content":{"rendered":"<p>&nbsp;<\/p>\n<p>29\/12\/2019 Un d\u00eda despu\u00e9s confirmamos que no se perdi\u00f3 pieza alguna, y que la escultura luce con todo el esplendor que le aplic\u00f3 el artista que la cre\u00f3<\/p>\n<p><a href=\"http:\/\/www.portaldelolleria.es\/wp-content\/uploads\/2019\/12\/inocentes.jpg\"><img loading=\"lazy\" class=\"aligncenter size-full wp-image-24348\" title=\"inocentes\" src=\"http:\/\/www.portaldelolleria.es\/wp-content\/uploads\/2019\/12\/inocentes.jpg\" alt=\"\" width=\"598\" height=\"115\" srcset=\"http:\/\/www.portaldelolleria.es\/wp-content\/uploads\/2019\/12\/inocentes.jpg 598w, http:\/\/www.portaldelolleria.es\/wp-content\/uploads\/2019\/12\/inocentes-300x57.jpg 300w\" sizes=\"(max-width: 598px) 100vw, 598px\" \/><\/a><\/p>\n<p>&nbsp;<\/p>\n<p>\/\/\/\/\/\/\/\/\/\/\/\/\/\/\/\/\/\/\/\/\/\/\/\/\/\/<\/p>\n<p><a href=\"http:\/\/www.portaldelolleria.es\/wp-content\/uploads\/2019\/12\/IMG_9277b1.jpg\"><img loading=\"lazy\" class=\"aligncenter size-full wp-image-24349\" title=\"IMG_9277b\" src=\"http:\/\/www.portaldelolleria.es\/wp-content\/uploads\/2019\/12\/IMG_9277b1.jpg\" alt=\"\" width=\"598\" height=\"414\" srcset=\"http:\/\/www.portaldelolleria.es\/wp-content\/uploads\/2019\/12\/IMG_9277b1.jpg 598w, http:\/\/www.portaldelolleria.es\/wp-content\/uploads\/2019\/12\/IMG_9277b1-300x207.jpg 300w\" sizes=\"(max-width: 598px) 100vw, 598px\" \/><\/a><\/p>\n<p>&nbsp;<\/p>\n<p><span style=\"color: #888888;\"><em>redacci\u00f3n 28\/12\/2019<\/em><\/span><\/p>\n<p><strong>Desde hoy, la escultura luce completa y con todo su esplendor\u00a0 al p\u00fablico.<\/strong><\/p>\n<p>Tras varios a\u00f1os sin que nadie se percatara de su ausencia,\u00a0 un hallazgo accidental permite recuperar la pieza que faltaba al monumento.<\/p>\n<p>Los hechos ocurrieron cuando el due\u00f1o del cami\u00f3n gr\u00faa que traslad\u00f3 el conjunto a la glorieta, por error no descarg\u00f3 una de las piezas pensando que por su tama\u00f1o no formaba parte del envio.\u00a0 El veh\u00edculo tuvo varios due\u00f1os a\u00f1os despu\u00e9s,\u00a0 uno de ellos movido por la curiosidad, intuy\u00f3 que esa pieza no formaba parte de las herramientas del veh\u00edculo. La deposit\u00f3 en el prestigioso\u00a0 International Institute for Delicate Research de Alfarras\u00ed,\u00a0 donde en un principio dictaminaron que o bien pod\u00eda tratarse de una pieza \u00fanica del Rom\u00e1nico, o sencillamente un contrapeso para equilibrar la pluma del cami\u00f3n.\u00a0 Al final investigando en las actividades de los anteriores due\u00f1os del veh\u00edculo industrial, llegaron a la conclusi\u00f3n que formaba parte de alg\u00fan traslado que qued\u00f3 incompleto,\u00a0 donde al final descubrieron su destino.<\/p>\n<p>Tras la solemne y protocolaria entrega realizada esta semana a las autoridades locales a trav\u00e9s de Seur y tras su ensamblaje a la estructura,\u00a0 permite que desde hoy los ollerienses ya puedan disfrutar de la escultura completa de Sant Miquel.<\/p>\n<p>_____________________________________<\/p>\n<p>&nbsp;<\/p>\n<div id=\"attachment_24331\" style=\"width: 608px\" class=\"wp-caption aligncenter\"><a href=\"http:\/\/www.portaldelolleria.es\/wp-content\/uploads\/2019\/12\/IMG_9277c.jpg\"><img aria-describedby=\"caption-attachment-24331\" loading=\"lazy\" class=\"size-full wp-image-24331 \" title=\"IMG_9277c\" src=\"http:\/\/www.portaldelolleria.es\/wp-content\/uploads\/2019\/12\/IMG_9277c.jpg\" alt=\"\" width=\"598\" height=\"359\" srcset=\"http:\/\/www.portaldelolleria.es\/wp-content\/uploads\/2019\/12\/IMG_9277c.jpg 598w, http:\/\/www.portaldelolleria.es\/wp-content\/uploads\/2019\/12\/IMG_9277c-300x180.jpg 300w\" sizes=\"(max-width: 598px) 100vw, 598px\" \/><\/a><p id=\"caption-attachment-24331\" class=\"wp-caption-text\">Estado de la escultura en esto \u00faltimos a\u00f1os<\/p><\/div>\n<p style=\"text-align: justify;\"><strong><span style=\"color: #003366;\">Des de hui, l&#8217;escultura llueix completa i amb tot el seu esplendor a el p\u00fablic.<\/span><\/strong><\/p>\n<p style=\"text-align: justify;\"><span style=\"color: #003366;\">Despr\u00e9s de diversos anys sense que ning\u00fa s&#8217;adon\u00e9s de la seva abs\u00e8ncia, una troballa accidental permet recuperar la pe\u00e7a que faltava a l&#8217;monument.<\/span><\/p>\n<p style=\"text-align: justify;\"><span style=\"color: #003366;\">Els fets van passar quan l&#8217;amo de l&#8217;cami\u00f3 grua que va traslladar el conjunt a la glorieta, per error no va descarregar una de les peces pensant que per la seva mida no formava part de l&#8217;enviament. El vehicle va tenir diversos propietaris anys despr\u00e9s, un d&#8217;ells mogut per la curiositat, va intuir que aquesta pe\u00e7a no formava part de les eines de el vehicle. El dipositar en el prestigi\u00f3s International Institute for Delicate Research d&#8217;Alfarras\u00ed, on en un principi van dictaminar que o b\u00e9 podia ser una pe\u00e7a de l&#8217;rom\u00e0nic, o senzillament un contrap\u00e8s per equilibrar la ploma de l&#8217;cami\u00f3. A la fi investigant en les activitats dels anteriors propietaris de el vehicle industrial, van arribar a la conclusi\u00f3 que formava part d&#8217;algun trasllat que va quedar incomplet, on a la fi van descobrir el seu dest\u00ed.<\/span><\/p>\n<p style=\"text-align: justify;\"><span style=\"color: #003366;\">Despr\u00e9s de la solemne i protocol\u00b7l\u00e0ria entrega realitzada aquesta setmana a les autoritats locals per Seur, des d&#8217;avui els ollerians ja poden gaudir de l&#8217;escultura de Sant Miquel.<\/span><\/p>\n","protected":false},"excerpt":{"rendered":"<p>&nbsp; 29\/12\/2019 Un d\u00eda despu\u00e9s confirmamos que no se perdi\u00f3 pieza alguna, y que la escultura luce con todo el esplendor que le aplic\u00f3 el artista que la cre\u00f3 &nbsp; \/\/\/\/\/\/\/\/\/\/\/\/\/\/\/\/\/\/\/\/\/\/\/\/\/\/ &nbsp; redacci\u00f3n 28\/12\/2019 Desde hoy, la escultura luce completa y con todo su esplendor\u00a0 al p\u00fablico. Tras varios a\u00f1os sin que nadie se percatara [&hellip;]<\/p>\n","protected":false},"author":1,"featured_media":0,"comment_status":"closed","ping_status":"open","sticky":false,"template":"","format":"standard","meta":{"_monsterinsights_skip_tracking":false,"_monsterinsights_sitenote_active":false,"_monsterinsights_sitenote_note":"","_monsterinsights_sitenote_category":0},"categories":[3,12],"tags":[],"_links":{"self":[{"href":"http:\/\/www.portaldelolleria.es\/index.php?rest_route=\/wp\/v2\/posts\/24330"}],"collection":[{"href":"http:\/\/www.portaldelolleria.es\/index.php?rest_route=\/wp\/v2\/posts"}],"about":[{"href":"http:\/\/www.portaldelolleria.es\/index.php?rest_route=\/wp\/v2\/types\/post"}],"author":[{"embeddable":true,"href":"http:\/\/www.portaldelolleria.es\/index.php?rest_route=\/wp\/v2\/users\/1"}],"replies":[{"embeddable":true,"href":"http:\/\/www.portaldelolleria.es\/index.php?rest_route=%2Fwp%2Fv2%2Fcomments&post=24330"}],"version-history":[{"count":16,"href":"http:\/\/www.portaldelolleria.es\/index.php?rest_route=\/wp\/v2\/posts\/24330\/revisions"}],"predecessor-version":[{"id":24334,"href":"http:\/\/www.portaldelolleria.es\/index.php?rest_route=\/wp\/v2\/posts\/24330\/revisions\/24334"}],"wp:attachment":[{"href":"http:\/\/www.portaldelolleria.es\/index.php?rest_route=%2Fwp%2Fv2%2Fmedia&parent=24330"}],"wp:term":[{"taxonomy":"category","embeddable":true,"href":"http:\/\/www.portaldelolleria.es\/index.php?rest_route=%2Fwp%2Fv2%2Fcategories&post=24330"},{"taxonomy":"post_tag","embeddable":true,"href":"http:\/\/www.portaldelolleria.es\/index.php?rest_route=%2Fwp%2Fv2%2Ftags&post=24330"}],"curies":[{"name":"wp","href":"https:\/\/api.w.org\/{rel}","templated":true}]}}