{"id":24351,"date":"2019-12-30T18:53:35","date_gmt":"2019-12-30T16:53:35","guid":{"rendered":"http:\/\/www.portaldelolleria.es\/?p=24351"},"modified":"2019-12-30T20:15:41","modified_gmt":"2019-12-30T18:15:41","slug":"francisco-sanfelix-de-75-anos-fue-visto-por-ultima-vez-en-nochebuena","status":"publish","type":"post","link":"http:\/\/www.portaldelolleria.es\/?p=24351","title":{"rendered":"Francisco Sanf\u00e9lix, de 75 a\u00f1os, fue visto por \u00faltima vez en Nochebuena"},"content":{"rendered":"<p><a href=\"http:\/\/www.portaldelolleria.es\/wp-content\/uploads\/2019\/12\/sanfelix.jpg\"><img loading=\"lazy\" class=\"aligncenter size-full wp-image-24352\" title=\"sanfelix\" src=\"http:\/\/www.portaldelolleria.es\/wp-content\/uploads\/2019\/12\/sanfelix.jpg\" alt=\"\" width=\"624\" height=\"385\" srcset=\"http:\/\/www.portaldelolleria.es\/wp-content\/uploads\/2019\/12\/sanfelix.jpg 624w, http:\/\/www.portaldelolleria.es\/wp-content\/uploads\/2019\/12\/sanfelix-300x185.jpg 300w\" sizes=\"(max-width: 624px) 100vw, 624px\" \/><\/a><\/p>\n<p>&nbsp;<\/p>\n<h3 style=\"text-align: justify;\">M\u00e1s de 200 personas buscan al hombre con alzheimer desaparecido en X\u00e0tiva<\/h3>\n<h3 style=\"text-align: justify;\">Francisco Sanf\u00e9lix, de 75 a\u00f1os, fue visto por \u00faltima vez en Nochebuena<\/h3>\n<p style=\"text-align: justify;\">Un dispositivo formado por m\u00e1s de 200 personas cada d\u00eda buscan al hombre de 75 a\u00f1os afectado de alzheimer que figura como desaparecido en X\u00e0tiva desde la pasada Nochebuena, seg\u00fan han apuntado fuentes de la Jefatura Superior de Polic\u00eda, cuya comisar\u00eda en la localidad coordina las labores de b\u00fasqueda.<\/p>\n<p style=\"text-align: justify;\">Francisco Sanf\u00e9lix, de 1,70 de estatura, 75 kilos de peso y 75 a\u00f1os, est\u00e1 siendo buscado desde la Nochebuena, d\u00eda desde el que figura como desaparecido. La b\u00fasqueda se lleva a cabo desde las 8.00 horas y hasta que se va la luz natura, en c\u00edrculos desde el \u00faltimo punto en el que fue visto, una rotonda de la zona.<\/p>\n<p style=\"text-align: justify;\">M\u00e1s de 40 agentes de la Polic\u00eda Nacional junto con bomberos, Polic\u00eda Local, Guardia Civil Protecci\u00f3n Civil y voluntarios participan en el dispositivo, cuyos responsables mantienen reuniones peri\u00f3dicas en las que se marcan los puntos de actuaci\u00f3n y las zonas de b\u00fasqueda, y que este domingo mantuvieron un encuentro con la familia del anciano para explicar las actuaciones desarrolladas.<\/p>\n<p style=\"text-align: justify;\">No se descarta ninguna hip\u00f3tesis, y l&#8217;Olleria al igual que otras localidades cercanas pueden ser el actual destino del desaparecido. Por lo que ante esa remota posibilidad memorice su rostro por si en alg\u00fan momento se cruza con \u00e9l y si se diera ese caso no dude en llamar a la policia.<\/p>\n<p style=\"text-align: justify;\">_______________________<\/p>\n<p style=\"text-align: justify;\"><strong><span style=\"color: #003366;\">M\u00e9s de 200 persones busquen a l&#8217;home amb Alzheimer desaparegut a X\u00e0tiva<\/span><\/strong><br \/>\n<span style=\"color: #003366;\">Francisco Sanf\u00e9lix, de 75 anys, va ser vist per \u00faltima vegada la nit de Nadal<\/span><\/p>\n<p><span style=\"color: #003366;\">Un dispositiu format per m\u00e9s de 200 persones cada dia busquen a l&#8217;home de 75 anys afectat d&#8217;alzheimer que figura com desaparegut a X\u00e0tiva des de la passada nit de Nadal, segons han apuntat fonts de la Prefectura Superior de Policia, la comissaria a la localitat coordina les tasques de cerca.<\/span><\/p>\n<p><span style=\"color: #003366;\">Francisco Sanf\u00e9lix, de 1,70 d&#8217;estatura, 75 quilos de pes i 75 anys, est\u00e0 sent buscat des de la nit de Nadal, dia des del qual figura com a desaparegut. La recerca es porta a terme des de les 8.00 hores i fins que se&#8217;n va la llum natura, en cercles des de l&#8217;\u00faltim punt en el que va ser vist, una rotonda de la zona.<\/span><\/p>\n<p><span style=\"color: #003366;\">M\u00e9s de 40 agents de la Policia Nacional juntament amb bombers, Policia Local, Gu\u00e0rdia Civil Protecci\u00f3 Civil i voluntaris participen en el dispositiu, els responsables mantenen reunions peri\u00f2diques en qu\u00e8 es marquen els punts d&#8217;actuaci\u00f3 i les zones de recerca, i que aquest diumenge van mantenir una trobada amb la fam\u00edlia de l&#8217;anci\u00e0 per explicar les actuacions desenvolupades.<\/span><\/p>\n<p><span style=\"color: #003366;\">No es descarta cap hip\u00f2tesi, i l&#8217;Olleria a l&#8217;igual que altres localitats properes poden ser l&#8217;actual dest\u00ed de l&#8217;desaparegut. Pel que davant aquesta remota possibilitat memoritzi seu rostre per si en algun moment es creua amb ell i si es don\u00e9s aquest cas no dubteu a trucar a la policia.<\/span><\/p>\n<p>&nbsp;<\/p>\n<p><a href=\"http:\/\/www.portaldelolleria.es\/wp-content\/uploads\/2019\/12\/81097591_10213379405114347_1504263697869045760_n.jpg\"><img loading=\"lazy\" class=\"aligncenter size-full wp-image-24354\" title=\"81097591_10213379405114347_1504263697869045760_n\" src=\"http:\/\/www.portaldelolleria.es\/wp-content\/uploads\/2019\/12\/81097591_10213379405114347_1504263697869045760_n.jpg\" alt=\"\" width=\"598\" height=\"757\" srcset=\"http:\/\/www.portaldelolleria.es\/wp-content\/uploads\/2019\/12\/81097591_10213379405114347_1504263697869045760_n.jpg 598w, http:\/\/www.portaldelolleria.es\/wp-content\/uploads\/2019\/12\/81097591_10213379405114347_1504263697869045760_n-236x300.jpg 236w\" sizes=\"(max-width: 598px) 100vw, 598px\" \/><\/a><\/p>\n<p>&nbsp;<\/p>\n<p>&nbsp;<\/p>\n","protected":false},"excerpt":{"rendered":"<p>&nbsp; M\u00e1s de 200 personas buscan al hombre con alzheimer desaparecido en X\u00e0tiva Francisco Sanf\u00e9lix, de 75 a\u00f1os, fue visto por \u00faltima vez en Nochebuena Un dispositivo formado por m\u00e1s de 200 personas cada d\u00eda buscan al hombre de 75 a\u00f1os afectado de alzheimer que figura como desaparecido en X\u00e0tiva desde la pasada Nochebuena, seg\u00fan [&hellip;]<\/p>\n","protected":false},"author":1,"featured_media":0,"comment_status":"closed","ping_status":"open","sticky":false,"template":"","format":"standard","meta":{"_monsterinsights_skip_tracking":false,"_monsterinsights_sitenote_active":false,"_monsterinsights_sitenote_note":"","_monsterinsights_sitenote_category":0},"categories":[3,12],"tags":[],"_links":{"self":[{"href":"http:\/\/www.portaldelolleria.es\/index.php?rest_route=\/wp\/v2\/posts\/24351"}],"collection":[{"href":"http:\/\/www.portaldelolleria.es\/index.php?rest_route=\/wp\/v2\/posts"}],"about":[{"href":"http:\/\/www.portaldelolleria.es\/index.php?rest_route=\/wp\/v2\/types\/post"}],"author":[{"embeddable":true,"href":"http:\/\/www.portaldelolleria.es\/index.php?rest_route=\/wp\/v2\/users\/1"}],"replies":[{"embeddable":true,"href":"http:\/\/www.portaldelolleria.es\/index.php?rest_route=%2Fwp%2Fv2%2Fcomments&post=24351"}],"version-history":[{"count":4,"href":"http:\/\/www.portaldelolleria.es\/index.php?rest_route=\/wp\/v2\/posts\/24351\/revisions"}],"predecessor-version":[{"id":24358,"href":"http:\/\/www.portaldelolleria.es\/index.php?rest_route=\/wp\/v2\/posts\/24351\/revisions\/24358"}],"wp:attachment":[{"href":"http:\/\/www.portaldelolleria.es\/index.php?rest_route=%2Fwp%2Fv2%2Fmedia&parent=24351"}],"wp:term":[{"taxonomy":"category","embeddable":true,"href":"http:\/\/www.portaldelolleria.es\/index.php?rest_route=%2Fwp%2Fv2%2Fcategories&post=24351"},{"taxonomy":"post_tag","embeddable":true,"href":"http:\/\/www.portaldelolleria.es\/index.php?rest_route=%2Fwp%2Fv2%2Ftags&post=24351"}],"curies":[{"name":"wp","href":"https:\/\/api.w.org\/{rel}","templated":true}]}}