{"id":24368,"date":"2020-01-03T21:28:31","date_gmt":"2020-01-03T19:28:31","guid":{"rendered":"http:\/\/www.portaldelolleria.es\/?p=24368"},"modified":"2020-01-03T21:31:38","modified_gmt":"2020-01-03T19:31:38","slug":"los-reyes-magos-llegan-manana-a-l%e2%80%99olleria-a-las-1800-h-2","status":"publish","type":"post","link":"http:\/\/www.portaldelolleria.es\/?p=24368","title":{"rendered":"Los Reyes Magos, llegan este domingo a l\u2019Olleria a las 18 h"},"content":{"rendered":"<p><a href=\"http:\/\/www.portaldelolleria.es\/wp-content\/uploads\/2020\/01\/reyes01.jpg\"><img loading=\"lazy\" class=\"aligncenter size-full wp-image-24370\" title=\"reyes01\" src=\"http:\/\/www.portaldelolleria.es\/wp-content\/uploads\/2020\/01\/reyes01.jpg\" alt=\"\" width=\"598\" height=\"396\" srcset=\"http:\/\/www.portaldelolleria.es\/wp-content\/uploads\/2020\/01\/reyes01.jpg 598w, http:\/\/www.portaldelolleria.es\/wp-content\/uploads\/2020\/01\/reyes01-300x198.jpg 300w\" sizes=\"(max-width: 598px) 100vw, 598px\" \/><\/a><\/p>\n<p style=\"text-align: justify;\">Este domingo, \u00a0 los Reyes Magos llegan\u00a0 a l\u2019Olleria.\u00a0 La Comitiva Real\u00a0 acompa\u00f1ada por todo su s\u00e9quito, recorrer\u00e1 las principales calles del pueblo, donde a buen seguro podr\u00e1n saludar a ni\u00f1as y ni\u00f1os que acudiran a dar la bienvenida.\u00a0\u00a0 La Cabalgata comenzar\u00e1 a las 18:00 h en el principio de la Avda. Jaume I,\u00a0 recorreran la \u201cruta festera\u201d hasta la Iglesia Parroquial, donde\u00a0 se realizar\u00e1 la adoraci\u00f3n al ni\u00f1o Jes\u00fas.\u00a0 Desde all\u00ed se trasladaran al antiguo ayuntamiento para saludar a toda la poblaci\u00f3n.<\/p>\n<p style=\"text-align: justify;\"><em>Recorrido:\u00a0 Jaume I , Plaza de Loreto,\u00a0 Batle, Plaza de la Vila, Salvador, Santo Tom\u00e1s, Iglesia Parroquial<\/em><\/p>\n<p>__________________<\/p>\n<p><a href=\"http:\/\/www.portaldelolleria.es\/wp-content\/uploads\/2020\/01\/reyes02.jpg\"><img loading=\"lazy\" class=\"aligncenter size-full wp-image-24369\" title=\"reyes02\" src=\"http:\/\/www.portaldelolleria.es\/wp-content\/uploads\/2020\/01\/reyes02.jpg\" alt=\"\" width=\"598\" height=\"307\" srcset=\"http:\/\/www.portaldelolleria.es\/wp-content\/uploads\/2020\/01\/reyes02.jpg 598w, http:\/\/www.portaldelolleria.es\/wp-content\/uploads\/2020\/01\/reyes02-300x154.jpg 300w\" sizes=\"(max-width: 598px) 100vw, 598px\" \/><\/a><\/p>\n<p><span style=\"color: #003366;\">Aquest diumenge, els Reis Mags arriben a l&#8217;Olleria. La Comitiva Reial acompanyada per tot el seu seguici, recorrer\u00e0 els principals carrers de la vila, on de ben segur podran saludar nenes i nens que acudiran a donar la benvinguda. La Cavalcada comen\u00e7ar\u00e0 a les 18:00 h al principi de l&#8217;Av. Jaume I, recorreran la \u00abruta festera\u00bb fins a l&#8217;Esgl\u00e9sia Parroquial, on es realitzar\u00e0 l&#8217;adoraci\u00f3 a l&#8217;infant Jes\u00fas. Des d&#8217;all\u00e0 es traslladaran a l&#8217;antic ajuntament per saludar a tota la poblaci\u00f3.<\/span><\/p>\n<p><span style=\"color: #003366;\">Recorregut: Jaume I, Pla\u00e7a de Loreto, Batle, Pla\u00e7a de la Vila, Salvador, Sant Tom\u00e0s, Esgl\u00e9sia Parroquial<\/span><\/p>\n","protected":false},"excerpt":{"rendered":"<p>Este domingo, \u00a0 los Reyes Magos llegan\u00a0 a l\u2019Olleria.\u00a0 La Comitiva Real\u00a0 acompa\u00f1ada por todo su s\u00e9quito, recorrer\u00e1 las principales calles del pueblo, donde a buen seguro podr\u00e1n saludar a ni\u00f1as y ni\u00f1os que acudiran a dar la bienvenida.\u00a0\u00a0 La Cabalgata comenzar\u00e1 a las 18:00 h en el principio de la Avda. Jaume I,\u00a0 recorreran [&hellip;]<\/p>\n","protected":false},"author":1,"featured_media":0,"comment_status":"closed","ping_status":"open","sticky":false,"template":"","format":"standard","meta":{"_monsterinsights_skip_tracking":false,"_monsterinsights_sitenote_active":false,"_monsterinsights_sitenote_note":"","_monsterinsights_sitenote_category":0},"categories":[16,12],"tags":[],"_links":{"self":[{"href":"http:\/\/www.portaldelolleria.es\/index.php?rest_route=\/wp\/v2\/posts\/24368"}],"collection":[{"href":"http:\/\/www.portaldelolleria.es\/index.php?rest_route=\/wp\/v2\/posts"}],"about":[{"href":"http:\/\/www.portaldelolleria.es\/index.php?rest_route=\/wp\/v2\/types\/post"}],"author":[{"embeddable":true,"href":"http:\/\/www.portaldelolleria.es\/index.php?rest_route=\/wp\/v2\/users\/1"}],"replies":[{"embeddable":true,"href":"http:\/\/www.portaldelolleria.es\/index.php?rest_route=%2Fwp%2Fv2%2Fcomments&post=24368"}],"version-history":[{"count":4,"href":"http:\/\/www.portaldelolleria.es\/index.php?rest_route=\/wp\/v2\/posts\/24368\/revisions"}],"predecessor-version":[{"id":24373,"href":"http:\/\/www.portaldelolleria.es\/index.php?rest_route=\/wp\/v2\/posts\/24368\/revisions\/24373"}],"wp:attachment":[{"href":"http:\/\/www.portaldelolleria.es\/index.php?rest_route=%2Fwp%2Fv2%2Fmedia&parent=24368"}],"wp:term":[{"taxonomy":"category","embeddable":true,"href":"http:\/\/www.portaldelolleria.es\/index.php?rest_route=%2Fwp%2Fv2%2Fcategories&post=24368"},{"taxonomy":"post_tag","embeddable":true,"href":"http:\/\/www.portaldelolleria.es\/index.php?rest_route=%2Fwp%2Fv2%2Ftags&post=24368"}],"curies":[{"name":"wp","href":"https:\/\/api.w.org\/{rel}","templated":true}]}}