{"id":24376,"date":"2020-01-07T21:03:20","date_gmt":"2020-01-07T19:03:20","guid":{"rendered":"http:\/\/www.portaldelolleria.es\/?p=24376"},"modified":"2020-01-07T21:03:20","modified_gmt":"2020-01-07T19:03:20","slug":"resumen-de-actividades-del-casal-joven-de-lolleria-2019","status":"publish","type":"post","link":"http:\/\/www.portaldelolleria.es\/?p=24376","title":{"rendered":"Resumen de actividades del Casal Joven de l&#8217;Olleria 2019"},"content":{"rendered":"<p><a href=\"http:\/\/www.portaldelolleria.es\/wp-content\/uploads\/2020\/01\/WhatsApp-Image-2020-01-07-at-12.11.jpg\"><img loading=\"lazy\" class=\"aligncenter size-full wp-image-24378\" title=\"WhatsApp Image 2020-01-07 at 12.11\" src=\"http:\/\/www.portaldelolleria.es\/wp-content\/uploads\/2020\/01\/WhatsApp-Image-2020-01-07-at-12.11.jpg\" alt=\"\" width=\"598\" height=\"408\" srcset=\"http:\/\/www.portaldelolleria.es\/wp-content\/uploads\/2020\/01\/WhatsApp-Image-2020-01-07-at-12.11.jpg 598w, http:\/\/www.portaldelolleria.es\/wp-content\/uploads\/2020\/01\/WhatsApp-Image-2020-01-07-at-12.11-300x204.jpg 300w\" sizes=\"(max-width: 598px) 100vw, 598px\" \/><\/a><\/p>\n<p><em>Ajuntament de l&#8217;Olleria 7\/6\/2020<\/em><\/p>\n<p style=\"text-align: justify;\"><strong>Resum d\u2019activitats al Casal Jove de l\u2019Olleria 2019<\/strong><\/p>\n<p style=\"text-align: justify;\">Des que el passat 2 de novembre s\u2019inaugurara el Casal Jove de l\u2019Olleria, els i les joves d\u2019entre 12 i 16 anys, han pogut gaudir d\u2019un espai condicionat i de multitud d\u2019activitats per poder passar el seu temps lliure.<\/p>\n<p style=\"text-align: justify;\">Concretament, aquests \u00faltims mesos el Casal Jove de l\u2019Olleria ha acollit una activitat de Jocs de Realitat Virtual, un dia de cinema amb sopar, un taller de cuina i una festa de Nadal amb sopar.<\/p>\n<p style=\"text-align: justify;\">Des de la Regidoria de Joventut de l\u2019Ajuntament de l\u2019Olleria, la seua regidora, Aida Giner, ha mostrat la seua satisfacci\u00f3 per l\u2019\u00e8xit que est\u00e0 tenint el Casal Jove respecte d\u2019altres anys, tenint una mitja de 40 assistents diaris i ha afirmat que \u201cdes del consistori es continuar\u00e0 treballant per millorar aquest servei tan necessari per als i les joves de l\u2019Olleria\u201d.<\/p>\n<p>&#8212;&#8212;&#8212;&#8212;&#8212;&#8212;&#8212;&#8212;&#8212;&#8212;-<\/p>\n<p><a href=\"http:\/\/www.portaldelolleria.es\/wp-content\/uploads\/2020\/01\/WhatsApp-Image-2020-01-07-at-12.12.jpg\"><img loading=\"lazy\" class=\"aligncenter size-full wp-image-24377\" title=\"WhatsApp Image 2020-01-07 at 12.12\" src=\"http:\/\/www.portaldelolleria.es\/wp-content\/uploads\/2020\/01\/WhatsApp-Image-2020-01-07-at-12.12.jpg\" alt=\"\" width=\"598\" height=\"336\" srcset=\"http:\/\/www.portaldelolleria.es\/wp-content\/uploads\/2020\/01\/WhatsApp-Image-2020-01-07-at-12.12.jpg 598w, http:\/\/www.portaldelolleria.es\/wp-content\/uploads\/2020\/01\/WhatsApp-Image-2020-01-07-at-12.12-300x168.jpg 300w\" sizes=\"(max-width: 598px) 100vw, 598px\" \/><\/a><\/p>\n<p style=\"text-align: justify;\"><strong><span style=\"color: #003366;\">Resumen de actividades del Casal Joven de l&#8217;Olleria 2019<\/span><\/strong><\/p>\n<p style=\"text-align: justify;\"><span style=\"color: #003366;\">Desde que el pasado 2 de noviembre se inaugurara el Casal Joven de l&#8217;Olleria, los y las j\u00f3venes de entre 12 y 16 a\u00f1os, han podido disfrutar de un espacio condicionado y de multitud de actividades para poder pasar su tiempo libre.<\/span><\/p>\n<p style=\"text-align: justify;\"><span style=\"color: #003366;\">Concretamente, estos \u00faltimos meses el Casal Joven de l&#8217;Olleria ha acogido una actividad de Juegos de Realidad Virtual, un d\u00eda de cine con cena, un taller de cocina y una fiesta de Navidad con cena.<\/span><\/p>\n<p style=\"text-align: justify;\"><span style=\"color: #003366;\">Desde la Concejal\u00eda de Juventud del Ayuntamiento de l&#8217;Olleria, su concejal, Aida Giner, ha mostrado su satisfacci\u00f3n por el \u00e9xito que est\u00e1 teniendo el Casal Joven respecto de otros a\u00f1os, teniendo una media de 40 asistentes diarios y ha afirmado que \u201cdesde el consistorio se continuar\u00e1 trabajando para mejorar este servicio tan necesario para los y las j\u00f3venes de l&#8217;Olleria\u201d.<\/span><\/p>\n","protected":false},"excerpt":{"rendered":"<p>Ajuntament de l&#8217;Olleria 7\/6\/2020 Resum d\u2019activitats al Casal Jove de l\u2019Olleria 2019 Des que el passat 2 de novembre s\u2019inaugurara el Casal Jove de l\u2019Olleria, els i les joves d\u2019entre 12 i 16 anys, han pogut gaudir d\u2019un espai condicionat i de multitud d\u2019activitats per poder passar el seu temps lliure. Concretament, aquests \u00faltims mesos [&hellip;]<\/p>\n","protected":false},"author":1,"featured_media":0,"comment_status":"closed","ping_status":"open","sticky":false,"template":"","format":"standard","meta":{"_monsterinsights_skip_tracking":false,"_monsterinsights_sitenote_active":false,"_monsterinsights_sitenote_note":"","_monsterinsights_sitenote_category":0},"categories":[3,12],"tags":[],"_links":{"self":[{"href":"http:\/\/www.portaldelolleria.es\/index.php?rest_route=\/wp\/v2\/posts\/24376"}],"collection":[{"href":"http:\/\/www.portaldelolleria.es\/index.php?rest_route=\/wp\/v2\/posts"}],"about":[{"href":"http:\/\/www.portaldelolleria.es\/index.php?rest_route=\/wp\/v2\/types\/post"}],"author":[{"embeddable":true,"href":"http:\/\/www.portaldelolleria.es\/index.php?rest_route=\/wp\/v2\/users\/1"}],"replies":[{"embeddable":true,"href":"http:\/\/www.portaldelolleria.es\/index.php?rest_route=%2Fwp%2Fv2%2Fcomments&post=24376"}],"version-history":[{"count":1,"href":"http:\/\/www.portaldelolleria.es\/index.php?rest_route=\/wp\/v2\/posts\/24376\/revisions"}],"predecessor-version":[{"id":24379,"href":"http:\/\/www.portaldelolleria.es\/index.php?rest_route=\/wp\/v2\/posts\/24376\/revisions\/24379"}],"wp:attachment":[{"href":"http:\/\/www.portaldelolleria.es\/index.php?rest_route=%2Fwp%2Fv2%2Fmedia&parent=24376"}],"wp:term":[{"taxonomy":"category","embeddable":true,"href":"http:\/\/www.portaldelolleria.es\/index.php?rest_route=%2Fwp%2Fv2%2Fcategories&post=24376"},{"taxonomy":"post_tag","embeddable":true,"href":"http:\/\/www.portaldelolleria.es\/index.php?rest_route=%2Fwp%2Fv2%2Ftags&post=24376"}],"curies":[{"name":"wp","href":"https:\/\/api.w.org\/{rel}","templated":true}]}}